{"id":2205,"date":"2021-08-31T19:30:08","date_gmt":"2021-08-31T19:30:08","guid":{"rendered":"https:\/\/farmacialisboa.es\/blog\/?p=2205"},"modified":"2022-05-17T22:00:22","modified_gmt":"2022-05-17T22:00:22","slug":"conoces-la-diferencia-entre-tipo-y-estado-de-piel","status":"publish","type":"post","link":"https:\/\/farmacialisboa.es\/blog\/conoces-la-diferencia-entre-tipo-y-estado-de-piel-2205.html","title":{"rendered":"\u00bfConoces la diferencia entre tipo y estado de piel?"},"content":{"rendered":"<p><span style=\"color: #993366;\"><strong>\u00bfConoces la diferencia entre tipo y estado de la piel?<\/strong><\/span><\/p>\n<p><span style=\"color: #000000;\">Es muy importante conocer los diferentes tipos de piel para poder identificar las necesidades de la misma.<\/span><\/p>\n<p><span style=\"color: #000000;\">Ya que, dependiendo del tipo de piel, vamos a precisar de unos u otros cuidados: protocolos y rituales.<\/span><\/p>\n<p><span style=\"color: #000000;\">El tipo de piel se determina gen\u00e9ticamente.<\/span><\/p>\n<p><span style=\"color: #000000;\">Sin embargo, el estado de nuestra piel puede variar considerablemente seg\u00fan los diversos factores internos y externos a los que es sometida.<\/span><\/p>\n<div class=\"page\" title=\"Page 103\">\n<div class=\"section\">\n<div class=\"layoutArea\">\n<div class=\"column\">\n<p><span style=\"color: #993366;\">\u201cEl tipo de piel de una persona no cambia, pero si puede variar el estado de la misma en funci\u00f3n de factores como puede ser los cambios de estaci\u00f3n, el estr\u00e9s, los tratamientos muy agresivos, la mala selecci\u00f3n y uso de cosm\u00e9ticos, etc. Seg\u00fan el tipo de piel debemos seleccionar las texturas adecuadas\u201d<\/span><\/p>\n<p><span style=\"color: #000000;\">Los farmac\u00e9uticos especializados en Dermocosm\u00e9tica, pueden identificar estos par\u00e1metros: tipo y estado de la piel, para ayudarte a construir tu rutina diaria.<\/span><\/p>\n<\/div>\n<\/div>\n<\/div>\n<\/div>\n<div id=\"attachment_2537\" style=\"width: 1034px\" class=\"wp-caption alignnone\"><img loading=\"lazy\" decoding=\"async\" aria-describedby=\"caption-attachment-2537\" class=\"size-large wp-image-2537\" src=\"https:\/\/farmacialisboa.es\/blog\/wp-content\/uploads\/2021\/08\/5-3-1024x576.png\" alt=\"Diferencias entre tipos y estados de piel\" width=\"1024\" height=\"576\" srcset=\"https:\/\/farmacialisboa.es\/blog\/wp-content\/uploads\/2021\/08\/5-3-1024x576.png 1024w, https:\/\/farmacialisboa.es\/blog\/wp-content\/uploads\/2021\/08\/5-3-300x169.png 300w, https:\/\/farmacialisboa.es\/blog\/wp-content\/uploads\/2021\/08\/5-3-768x432.png 768w, https:\/\/farmacialisboa.es\/blog\/wp-content\/uploads\/2021\/08\/5-3-1536x864.png 1536w, https:\/\/farmacialisboa.es\/blog\/wp-content\/uploads\/2021\/08\/5-3-2048x1152.png 2048w\" sizes=\"auto, (max-width: 1024px) 100vw, 1024px\" \/><p id=\"caption-attachment-2537\" class=\"wp-caption-text\">Diferencias entre tipos y estados de piel<\/p><\/div>\n<p><span style=\"color: #000000;\">Hay bastante controversia en cuanto a la clasificaci\u00f3n de los tipos de piel, no obstante, aqu\u00ed te presento la que recoge los 4 tipos b\u00e1sicos de piel sana:<\/span><\/p>\n<h3><span style=\"color: #993366;\">4 tipos b\u00e1sicos de piel sana<\/span><\/h3>\n<ul>\n<li>Normal: \u00abNormal\u00bb es un t\u00e9rmino de amplio uso para referirse a una piel en buen equilibrio. El t\u00e9rmino cient\u00edfico para piel con buen equilibrio es el de \u00abeud\u00e9rmica\u00bb.<\/li>\n<li>Seca: \u00abSeca\u00bb se utiliza para describir un tipo de piel que produce menos sebo que la piel normal. Como consecuencia de la falta de sebo, la piel seca carece de los l\u00edpidos que necesita para retener humedad y formar un escudo protector frente a influencias externas.<\/li>\n<li>Grasa: \u00abGrasa\u00bb se usa para describir un tipo de piel que tiene una elevada producci\u00f3n de sebo. Esta producci\u00f3n excesiva se denomina \u00abseborrea\u00bb.<\/li>\n<li>Mixta: La piel mixta es, como su nombre indica, una piel que consta de una mezcla de tipos de piel. Muchos la consideran un subtipo de piel grasa.<\/li>\n<li>Piel sensible: \u00abREACTIVA O AL\u00c9RGICA: <a href=\"https:\/\/farmacialisboa.es\/blog\/phyto-corrective-essence-mist-2288.html\">Necesita calmar ardor, tirantez y picor.<\/a> P\u00e9rdida elasticidad, origina peque\u00f1as fisuras y descamaci\u00f3n facilitando la penetraci\u00f3n de sustancias agresivas e irritantes.<\/li>\n<\/ul>\n<div id=\"attachment_2536\" style=\"width: 1034px\" class=\"wp-caption alignnone\"><img loading=\"lazy\" decoding=\"async\" aria-describedby=\"caption-attachment-2536\" class=\"size-large wp-image-2536\" src=\"https:\/\/farmacialisboa.es\/blog\/wp-content\/uploads\/2021\/08\/15-1024x576.png\" alt=\"Diferentes tipos de piel\" width=\"1024\" height=\"576\" srcset=\"https:\/\/farmacialisboa.es\/blog\/wp-content\/uploads\/2021\/08\/15-1024x576.png 1024w, https:\/\/farmacialisboa.es\/blog\/wp-content\/uploads\/2021\/08\/15-300x169.png 300w, https:\/\/farmacialisboa.es\/blog\/wp-content\/uploads\/2021\/08\/15-768x432.png 768w, https:\/\/farmacialisboa.es\/blog\/wp-content\/uploads\/2021\/08\/15-1536x864.png 1536w, https:\/\/farmacialisboa.es\/blog\/wp-content\/uploads\/2021\/08\/15-2048x1152.png 2048w\" sizes=\"auto, (max-width: 1024px) 100vw, 1024px\" \/><p id=\"caption-attachment-2536\" class=\"wp-caption-text\">Diferentes tipos de piel<\/p><\/div>\n<h3><span style=\"color: #993366;\">Piel seca:<\/span><\/h3>\n<ul>\n<li>Aspecto apagado, mate, espesor fino, poro cerrado e imperceptible a simple vista, tono blanco rosado.<\/li>\n<li>Tacto \u00e1spero, descamaci\u00f3n frecuente, sin imperfecciones.<\/li>\n<li>Piel t\u00f3nica, presenta arrugas, vulnerable a agresiones externas: fr\u00edo, viento y sol. Primeras en envejecer.<\/li>\n<li><a href=\"https:\/\/farmacialisboa.es\/blog\/este-verano-sientete-naturalmente-seductora-447.html\">Falta de l\u00edpidos y\/o pierde agua.<\/a><\/li>\n<li>Broncea con dificultad, suele aparecer eritema. Influye fototipo.<\/li>\n<li>Tolera mal el agua y el jab\u00f3n, aparece sensaci\u00f3n de tirantez, incluso prurito y grietas; hay que decantarse por otro tipo de limpieza.<\/li>\n<\/ul>\n<h3><span style=\"color: #993366;\">Piel grasa:<\/span><\/h3>\n<div class=\"page\" title=\"Page 108\">\n<div class=\"section\">\n<div class=\"layoutArea\">\n<div class=\"column\">\n<ul>\n<li>Aspecto brillante, gruesa y poro dilatado, tono cetrino, opaco y amarillento.<\/li>\n<li>Tacto suave a la vez que untuoso.<\/li>\n<li>Piel que presenta flacidez o falta elasticidad, resistente a la vez que sensibilizada, tendencia acn\u00e9ica y taponar poros, miliums, alteraciones capilares.<\/li>\n<li>Respecto a la relaci\u00f3n agua\/l\u00edpidos, este tipo de piel presenta contenido en sebo alto, tendencia a imperfecciones, deshidrataci\u00f3n y asf\u00edctica.<\/li>\n<li>Tolera bien el sol y se broncea bien. Influye fototipo.<\/li>\n<li>La limpieza con agua y jab\u00f3n es muy bien tolerada.<\/li>\n<\/ul>\n<p><span style=\"color: #993366;\">Preguntas clave para diferenciar una piel seca y\/o deshidratada de una piel grasa o mixta:<\/span><\/p>\n<div class=\"page\" title=\"Page 106\">\n<div class=\"section\">\n<div class=\"layoutArea\">\n<div class=\"column\">\n<p>\u00bfNota tirantez cu\u00e1ndo limpia la piel con agua y jab\u00f3n? Su piel es seca o \u00a0est\u00e1 deshidratada.<\/p>\n<div class=\"page\" title=\"Page 106\">\n<div class=\"section\">\n<div class=\"layoutArea\">\n<div class=\"column\">\n<p>\u00bfNota brillos en la zona T? \u00bfEl maquillaje no permanece en zona T? \u00a0Su piel es grasa o mixta.<\/p>\n<h3><span style=\"color: #993366;\">Piel mixta; subtipo de grasa:<\/span><\/h3>\n<div class=\"page\" title=\"Page 107\">\n<div class=\"section\">\n<div class=\"layoutArea\">\n<div class=\"column\">\n<ul>\n<li>Aspecto brillante, de piel gruesa y poro dilatado en zona T, tono no uniforme.<\/li>\n<li>Tacto untuoso, con alta secreci\u00f3n de sebo en la zona T (frente y nariz).<\/li>\n<li>Se trata de una piel que dependiendo de su localizaci\u00f3n es seca o grasa, debido a una distribuci\u00f3n de gl\u00e1ndulas seb\u00e1ceas no homog\u00e9nea.<\/li>\n<li>Necesita equilibrar l\u00edpidos en la zona T.<\/li>\n<li>Tolera bien el sol y se broncea bien al sol en exposiciones normales. Influye \u00a0el fototipo.<\/li>\n<li>Respecto a la limpieza, el agua y el jab\u00f3n irritan la zona U (mejillas y barbilla), provocando tirantez en mejillas.<\/li>\n<\/ul>\n<h3><span style=\"color: #993366;\">Piel sensible, reactiva o al\u00e9rgica:<\/span><\/h3>\n<div class=\"page\" title=\"Page 109\">\n<div class=\"section\">\n<div class=\"layoutArea\">\n<div class=\"column\">\n<ul>\n<li>El aspecto de este tipo de piel es fr\u00e1gil, espesor fino, capa c\u00f3rnea engrosada, rojeces difusas.<\/li>\n<li>Tacto rugoso, descamaci\u00f3n.<\/li>\n<li>Necesita calmar ardor, tirantez y picor.<\/li>\n<li>Presenta p\u00e9rdida de elasticidad, origina peque\u00f1as fisuras y descamaci\u00f3n facilitando la penetraci\u00f3n de sustancias agresivas e irritantes.<\/li>\n<li>Falta de l\u00edpidos en el estrato c\u00f3rneo, tendencia a perder funci\u00f3n barrera.<\/li>\n<li>Reactiva frente a est\u00edmulos a los que una piel normal no reacciona.<\/li>\n<li>Aumenta posibilidad de desencadenar reacciones al\u00e9rgicas (menos frecuente).<\/li>\n<li>Tolera mal el sol, se broncea con dificultad, y suele aparecer eritema.<\/li>\n<li>La limpieza debe ser muy delicada. No tolera agua y jab\u00f3n, sensaci\u00f3n de tirantez, incluso prurito y grietas.<\/li>\n<\/ul>\n<\/div>\n<\/div>\n<\/div>\n<\/div>\n<\/div>\n<\/div>\n<\/div>\n<\/div>\n<\/div>\n<\/div>\n<\/div>\n<\/div>\n<\/div>\n<\/div>\n<\/div>\n<\/div>\n<p>&nbsp;<\/p>\n<h3><span style=\"color: #993366;\"><strong>Estados de la piel<\/strong><\/span><\/h3>\n<div class=\"page\" title=\"Page 110\">\n<div class=\"section\">\n<div class=\"layoutArea\">\n<div class=\"column\">\n<p><a href=\"https:\/\/fundacionpielsana.es\">El estado de la piel es temporal en muchos casos,<\/a> pero hay que tenerlo en cuenta a la hora de hacer la recomendaci\u00f3n de los tratamientos de indicaci\u00f3n farmac\u00e9utica y productos cosm\u00e9ticos.<\/p>\n<\/div>\n<\/div>\n<\/div>\n<\/div>\n<\/div>\n<\/div>\n<\/div>\n<\/div>\n<p>Entre los numerosos factores internos y externos que determinan el estado de la piel destacan los siguientes:<\/p>\n<ul>\n<li>Clima y contaminaci\u00f3n.<\/li>\n<li>Cambios de estaci\u00f3n.<\/li>\n<li>Tratamientos agresivos.<\/li>\n<li>Medicaci\u00f3n.<\/li>\n<li>Estr\u00e9s.<\/li>\n<li>Factores hereditarios que influyen sobre los niveles de sebo, sudor y factores hidratantes naturales que produce la piel.<\/li>\n<li>Mala selecci\u00f3n de los productos que se utilizan para el cuidado de la piel.<\/li>\n<\/ul>\n<div id=\"attachment_2538\" style=\"width: 1034px\" class=\"wp-caption alignnone\"><img loading=\"lazy\" decoding=\"async\" aria-describedby=\"caption-attachment-2538\" class=\"size-large wp-image-2538\" src=\"https:\/\/farmacialisboa.es\/blog\/wp-content\/uploads\/2021\/08\/13-1024x576.png\" alt=\"Diferentes estados de piel\" width=\"1024\" height=\"576\" srcset=\"https:\/\/farmacialisboa.es\/blog\/wp-content\/uploads\/2021\/08\/13-1024x576.png 1024w, https:\/\/farmacialisboa.es\/blog\/wp-content\/uploads\/2021\/08\/13-300x169.png 300w, https:\/\/farmacialisboa.es\/blog\/wp-content\/uploads\/2021\/08\/13-768x432.png 768w, https:\/\/farmacialisboa.es\/blog\/wp-content\/uploads\/2021\/08\/13-1536x864.png 1536w, https:\/\/farmacialisboa.es\/blog\/wp-content\/uploads\/2021\/08\/13-2048x1152.png 2048w\" sizes=\"auto, (max-width: 1024px) 100vw, 1024px\" \/><p id=\"caption-attachment-2538\" class=\"wp-caption-text\">Diferentes estados de piel<\/p><\/div>\n<h3><span style=\"color: #993366;\"><strong>Diferentes estados de la piel<\/strong><\/span><\/h3>\n<p>Los productos para el cuidado de la piel deben seleccionarse para que se adapten al tipo de piel y afronten el estado de la misma.\u00a0El estado de la piel, es clave a la hora de proponer una rutina.<\/p>\n<h3><span style=\"color: #993366;\">Piel con manchas:\u00a0<\/span><\/h3>\n<p>Las manchas en la piel o melanodermias se producen por una alteraci\u00f3n en el proceso de pigmentaci\u00f3n natural cut\u00e1neo. <a href=\"https:\/\/farmacialisboa.es\/blog\/hiperpigmentacion-persistente-de-la-piel-2271.html\">La melanina es la sustancia que confiere pigmentaci\u00f3n a la piel.<\/a><\/p>\n<h3><span style=\"color: #993366;\">Piel con acn\u00e9:<\/span><\/h3>\n<p><a href=\"https:\/\/farmacialisboa.es\/blog\/mascara-led-skinceuticals-para-conseguir-un-rostro-radiante-429.html\">El acn\u00e9 vulgaris es una afecci\u00f3n cut\u00e1nea caracterizada por un exceso de producci\u00f3n de sebo, que aparece fundamentalmente en la adolescencia.<\/a> Es en esta etapa cuando se produce el pico androg\u00e9nico necesario para el desarrollo de las gl\u00e1ndulas seb\u00e1ceas.<\/p>\n<h3><span style=\"color: #993366;\">Piel con sudoraci\u00f3n excesiva:<\/span><\/h3>\n<p>El sudor excesivo o hiperhidrosis se entiende como la producci\u00f3n aumentada de sudor respecto a la de las condiciones fisiol\u00f3gicas normales.<\/p>\n<h3><span style=\"color: #993366;\">Piel con ros\u00e1cea:<\/span><\/h3>\n<p>La ros\u00e1cea es una alteraci\u00f3n cr\u00f3nica cut\u00e1nea que afecta al rostro y produce crisis de enrojecimiento (flushing) y lesiones permanentes localizadas en la zona central de la cara (mejillas, frente, nariz, boca y ment\u00f3n).<\/p>\n<h3><span style=\"color: #993366;\">Piel deshidratada:<\/span><\/h3>\n<ul>\n<li><a href=\"https:\/\/farmacialisboa.es\/blog\/hidratacion-y-clasificacion-de-activos-hidratantes-2245.html\">La piel puede sufrir un estado de deshidrataci\u00f3n por p\u00e9rdida de agua<\/a>, en el que se observan l\u00edneas de expresi\u00f3n m\u00e1s marcadas y aumento de la descamaci\u00f3n.<\/li>\n<li>Valores bajos de hidrataci\u00f3n y elasticidad.<\/li>\n<li>Aspecto mate, sin luminosidad.<\/li>\n<li>Finas l\u00edneas de expresi\u00f3n y arrugas m\u00e1s pronunciadas, envejecimiento prematuro.<\/li>\n<li>Poros alargados, estr\u00edas de deshidrataci\u00f3n y f\u00e1cil descamaci\u00f3n.<\/li>\n<li>Tacto \u00e1spero, rugoso y tono irregular.<\/li>\n<li>Sensaci\u00f3n de tirantez, tolera muy mal los jabones, broncea dif\u00edcilmente, piel sensible irritable, vulnerable a agresiones externas.<\/li>\n<\/ul>\n<h3><span style=\"color: #993366;\">Piel con hematoma:<\/span><\/h3>\n<p>El hematoma se produce por un sangrado dentro de la piel a consecuencia de una rotura de los vasos sangu\u00edneos por un traumatismo.<\/p>\n<h3><span style=\"color: #993366;\">Piel envejecida:<\/span><\/h3>\n<ul>\n<li>El paso del tiempo produce un descenso de la regeneraci\u00f3n tisular.<\/li>\n<li>La epidermis se vuelve m\u00e1s delgada y es menos eficiente para regenerarse.<\/li>\n<li>En la dermis disminuye la producci\u00f3n de col\u00e1geno, lo que da lugar a mayor flaccidez.<\/li>\n<li>Y en el tejido subcut\u00e1neo perdemos c\u00e9lulas adiposas, de modo que disminuyen su volumen y elasticidad.<\/li>\n<\/ul>\n<h3><span style=\"color: #993366;\">Piel asf\u00edctica:<\/span><\/h3>\n<div class=\"page\" title=\"Page 114\">\n<div class=\"section\">\n<div class=\"layoutArea\">\n<div class=\"column\">\n<ul>\n<li>Englobada en pieles tendencia grasa, que libera sebo al exterior.<\/li>\n<li>Debe protegerse del sol.<\/li>\n<li>Falta de riego sangu\u00edneo. Aplicaci\u00f3n de cosm\u00e9ticos inadecuados (demasiado astringentes u oclusivos), por lo que se obstruye el fol\u00edculo piloseb\u00e1ceo. Necesario cambio rutina.<\/li>\n<li>Presenta quistes tipo MILIUMS y\/o piel DESCAMADA.<\/li>\n<li>Deshidrataci\u00f3n, exceso de queratinizaci\u00f3n piel.<\/li>\n<li>Los poros presentan comedones, brillos en zona T, quistes milium zona contorno de ojos y mejillas, sobre todo.<\/li>\n<li>Es una piel mate y con posibles brillos en zona T.<\/li>\n<li>Alteraciones de la pigmentaci\u00f3n, y rojeces. Rugosa.<\/li>\n<li>Sensible, se irrita con productos astringentes.<\/li>\n<li>No se deben usar jabones ni peelings agresivos.<\/li>\n<\/ul>\n<\/div>\n<\/div>\n<\/div>\n<\/div>\n<div class=\"page\" title=\"Page 112\">\n<div class=\"section\">\n<div class=\"layoutArea\">\n<h3 class=\"column\"><a href=\"https:\/\/farmacialisboa.es\/blog\/la-importancia-de-la-hidratacion-de-la-piel-2200.html\"><span style=\"color: #993366;\">Piel deshidratada vs. piel seca<\/span><\/a><\/h3>\n<p class=\"column\">La piel deshidratada pierde agua de forma excesiva.<\/p>\n<div class=\"page\" title=\"Page 112\">\n<div class=\"section\">\n<div class=\"layoutArea\">\n<div class=\"column\">\n<p>La piel seca tiene menor cantidad de l\u00edpidos (piel seca alip\u00eddica) y tambi\u00e9n puede deshidratarse (piel seca deshidratada).<\/p>\n<p>Cuando la piel est\u00e1 deshidratada, la epidermis y sobre todo la capa c\u00f3rnea sufren la falta de agua.<\/p>\n<p><span style=\"color: #993366;\">Una piel deshidratada es un estado temporal, y puede darse en todas tipolog\u00edas cut\u00e1neas (piel grasa deshidratada, piel normal deshidratada, piel sensible deshidratada, etc).<\/span><\/p>\n<ul>\n<li>Sobre la piel deshidratada las finas l\u00edneas de expresi\u00f3n y arrugas son m\u00e1s pronunciadas.<\/li>\n<\/ul>\n<\/div>\n<\/div>\n<\/div>\n<\/div>\n<\/div>\n<div class=\"layoutArea\">\n<div class=\"column\">\n<ul>\n<li>Una correcta hidrataci\u00f3n de la piel, es clave en la prevenci\u00f3n de las arrugas m\u00e1s\u00a0profundas y protecci\u00f3n frente agresiones externas.<\/li>\n<li>En la piel hidratada, el maquillaje queda m\u00e1s uniforme.<\/li>\n<li>Una piel hidratada permite una mejor penetraci\u00f3n y eficacia de los tratamientos.<\/li>\n<\/ul>\n<h3><span style=\"color: #993366;\">La piel es nuestro \u00f3rgano m\u00e1s sensorial<\/span><\/h3>\n<p>En much\u00edsimas ocasiones hemos le\u00eddo que nuestra piel es el \u00f3rgano m\u00e1s grande de nuestro cuerpo, tambi\u00e9n que es el m\u00e1s expuesto, una barrera entre el interior y el exterior, y por supuesto, as\u00ed es.<\/p>\n<p>Ante cualquier alteraci\u00f3n importante de la piel debemos acudir al dermat\u00f3logo, quien analizar\u00e1 y descartar\u00e1, o no, cualquier problema biol\u00f3gico.<\/p>\n<p>Sin embargo, muy pocas veces reparamos en que nuestra piel es nuestro \u00f3rgano m\u00e1s sensorial.<\/p>\n<p>Es un \u00f3rgano conectado directamente con el cerebro gracias a todas sus terminaciones nerviosas, que capta, procesa y transmite una gran cantidad de est\u00edmulos en el d\u00eda a d\u00eda, y estos nos afectan.<\/p>\n<p>LAS EMOCIONES SE VEN EN LA PIEL, la piel tiene mucho en com\u00fan con el sistema nervioso porque tienen el mismo origen embriol\u00f3gico y comparten neuromoduladores que transportan la informaci\u00f3n interna.<\/p>\n<p>Los estudios demuestran que el 80% de las enfermedades de la piel tienen origen psicosom\u00e1tico, es decir, los factores psicol\u00f3gicos influyen en ellas.<\/p>\n<p>Es tan importante esta relaci\u00f3n que existe una nueva especialidad: la psicodermatolog\u00eda, que aporta una visi\u00f3n mucho m\u00e1s amplia de lo que indican los problemas de la piel.<\/p>\n<p>Cuando la relaci\u00f3n mente-cuerpo se ve alterada debido a emociones y sentimientos negativos, modificaciones del ciclo vital o situaciones de alto impacto emocional, las cuales producen estr\u00e9s, pueden representarse en forma de s\u00edntomas o enfermedades f\u00edsicas.<\/p>\n<p>Estos factores desempe\u00f1an un papel importante no solo en la aparici\u00f3n de las manifestaciones en la piel, sino, tambi\u00e9n en su mantenimiento y su cuidado.<\/p>\n<p>Podemos concluir que, para el tratamiento de determinadas alteraciones de la piel, es necesario un an\u00e1lisis integral:<\/p>\n<ul>\n<li>Por supuesto atender el punto de vista terap\u00e9utico.<\/li>\n<li>Pero, tambi\u00e9n contemplar todas las esferas de la vida del paciente de forma individualizada.<\/li>\n<\/ul>\n<p>En cualquier caso, el tratamiento de cualquier problema dermatol\u00f3gico va a precisar de productos DERMOCOSM\u00c9TICOS eficaces y espec\u00edficos tanto para prevenir, como tratar y aportar confort a la piel.<\/p>\n<p><a href=\"https:\/\/farmacialisboa.es\/blog\/centro-de-dermo-cosmetica-avanzada-beauty-touch-394.html\">Conf\u00eda en Dermocosm\u00e9ticos cient\u00edficamente probados y pide asesoramiento profesional, porque tratar la piel, es tratar tu salud.<\/a><\/p>\n<p><strong>\u00a0<\/strong><\/p>\n<p><strong>\u00a0<\/strong><\/p>\n<\/div>\n<\/div>\n<\/div>\n<\/div>\n<p><strong>\u00abAutocuidado, Salud y Belleza\u00bb<\/strong><\/p>\n<p><strong>Por Inmaculada Vicente Mar\u00eda<\/strong><\/p>\n<p>&nbsp;<\/p>\n","protected":false},"excerpt":{"rendered":"<p>\u00bfConoces la diferencia entre tipo y estado de la piel? Es muy importante conocer los diferentes tipos de piel para<\/p>\n","protected":false},"author":1,"featured_media":2534,"comment_status":"closed","ping_status":"closed","sticky":false,"template":"","format":"standard","meta":{"_exactmetrics_skip_tracking":false,"_exactmetrics_sitenote_active":false,"_exactmetrics_sitenote_note":"","_exactmetrics_sitenote_category":0,"footnotes":""},"categories":[23],"tags":[4581,4580],"class_list":["post-2205","post","type-post","status-publish","format-standard","has-post-thumbnail","hentry","category-dermocosmetica","tag-estado-de-piel","tag-tipo-de-piel"],"yoast_head":"<!-- This site is optimized with the Yoast SEO plugin v24.7 - https:\/\/yoast.com\/wordpress\/plugins\/seo\/ -->\n<title>\u00bfConoces la diferencia entre tipo y estado de piel? - Blog de Farmacia Lisboa -<\/title>\n<meta name=\"description\" content=\"\u00bfConoces la diferencia entre tipo y estado de la piel? Es muy importante conocer los diferentes tipos de piel para poder identificar las necesidades.\" \/>\n<meta name=\"robots\" content=\"index, follow, max-snippet:-1, max-image-preview:large, max-video-preview:-1\" \/>\n<link rel=\"canonical\" href=\"https:\/\/farmacialisboa.es\/blog\/conoces-la-diferencia-entre-tipo-y-estado-de-piel-2205.html\" \/>\n<meta property=\"og:locale\" content=\"es_ES\" \/>\n<meta property=\"og:type\" content=\"article\" \/>\n<meta property=\"og:title\" content=\"\u00bfConoces la diferencia entre tipo y estado de piel? - Blog de Farmacia Lisboa -\" \/>\n<meta property=\"og:description\" content=\"\u00bfConoces la diferencia entre tipo y estado de la piel? Es muy importante conocer los diferentes tipos de piel para poder identificar las necesidades.\" \/>\n<meta property=\"og:url\" content=\"https:\/\/farmacialisboa.es\/blog\/conoces-la-diferencia-entre-tipo-y-estado-de-piel-2205.html\" \/>\n<meta property=\"og:site_name\" content=\"Blog de Farmacia Lisboa -\" \/>\n<meta property=\"article:published_time\" content=\"2021-08-31T19:30:08+00:00\" \/>\n<meta property=\"article:modified_time\" content=\"2022-05-17T22:00:22+00:00\" \/>\n<meta property=\"og:image\" content=\"https:\/\/farmacialisboa.es\/blog\/wp-content\/uploads\/2021\/08\/4-1.png\" \/>\n\t<meta property=\"og:image:width\" content=\"2240\" \/>\n\t<meta property=\"og:image:height\" content=\"1260\" \/>\n\t<meta property=\"og:image:type\" content=\"image\/png\" \/>\n<meta name=\"author\" content=\"Farmac\u00e9utica Inmaculada Vicente\" \/>\n<meta name=\"twitter:card\" content=\"summary_large_image\" \/>\n<meta name=\"twitter:label1\" content=\"Escrito por\" \/>\n\t<meta name=\"twitter:data1\" content=\"Farmac\u00e9utica Inmaculada Vicente\" \/>\n\t<meta name=\"twitter:label2\" content=\"Tiempo de lectura\" \/>\n\t<meta name=\"twitter:data2\" content=\"10 minutos\" \/>\n<script type=\"application\/ld+json\" class=\"yoast-schema-graph\">{\"@context\":\"https:\/\/schema.org\",\"@graph\":[{\"@type\":\"Article\",\"@id\":\"https:\/\/farmacialisboa.es\/blog\/conoces-la-diferencia-entre-tipo-y-estado-de-piel-2205.html#article\",\"isPartOf\":{\"@id\":\"https:\/\/farmacialisboa.es\/blog\/conoces-la-diferencia-entre-tipo-y-estado-de-piel-2205.html\"},\"author\":{\"name\":\"Farmac\u00e9utica Inmaculada Vicente\",\"@id\":\"https:\/\/farmacialisboa.es\/blog\/#\/schema\/person\/f90b0034ba245d9546a4e41e87116a3f\"},\"headline\":\"\u00bfConoces la diferencia entre tipo y estado de piel?\",\"datePublished\":\"2021-08-31T19:30:08+00:00\",\"dateModified\":\"2022-05-17T22:00:22+00:00\",\"mainEntityOfPage\":{\"@id\":\"https:\/\/farmacialisboa.es\/blog\/conoces-la-diferencia-entre-tipo-y-estado-de-piel-2205.html\"},\"wordCount\":1988,\"publisher\":{\"@id\":\"https:\/\/farmacialisboa.es\/blog\/#\/schema\/person\/f90b0034ba245d9546a4e41e87116a3f\"},\"image\":{\"@id\":\"https:\/\/farmacialisboa.es\/blog\/conoces-la-diferencia-entre-tipo-y-estado-de-piel-2205.html#primaryimage\"},\"thumbnailUrl\":\"https:\/\/farmacialisboa.es\/blog\/wp-content\/uploads\/2021\/08\/4-1.png\",\"keywords\":[\"Estado de piel\",\"Tipo de piel\"],\"articleSection\":[\"Dermocosm\u00e9tica\"],\"inLanguage\":\"es\"},{\"@type\":\"WebPage\",\"@id\":\"https:\/\/farmacialisboa.es\/blog\/conoces-la-diferencia-entre-tipo-y-estado-de-piel-2205.html\",\"url\":\"https:\/\/farmacialisboa.es\/blog\/conoces-la-diferencia-entre-tipo-y-estado-de-piel-2205.html\",\"name\":\"\u00bfConoces la diferencia entre tipo y estado de piel? - Blog de Farmacia Lisboa -\",\"isPartOf\":{\"@id\":\"https:\/\/farmacialisboa.es\/blog\/#website\"},\"primaryImageOfPage\":{\"@id\":\"https:\/\/farmacialisboa.es\/blog\/conoces-la-diferencia-entre-tipo-y-estado-de-piel-2205.html#primaryimage\"},\"image\":{\"@id\":\"https:\/\/farmacialisboa.es\/blog\/conoces-la-diferencia-entre-tipo-y-estado-de-piel-2205.html#primaryimage\"},\"thumbnailUrl\":\"https:\/\/farmacialisboa.es\/blog\/wp-content\/uploads\/2021\/08\/4-1.png\",\"datePublished\":\"2021-08-31T19:30:08+00:00\",\"dateModified\":\"2022-05-17T22:00:22+00:00\",\"description\":\"\u00bfConoces la diferencia entre tipo y estado de la piel? Es muy importante conocer los diferentes tipos de piel para poder identificar las necesidades.\",\"breadcrumb\":{\"@id\":\"https:\/\/farmacialisboa.es\/blog\/conoces-la-diferencia-entre-tipo-y-estado-de-piel-2205.html#breadcrumb\"},\"inLanguage\":\"es\",\"potentialAction\":[{\"@type\":\"ReadAction\",\"target\":[\"https:\/\/farmacialisboa.es\/blog\/conoces-la-diferencia-entre-tipo-y-estado-de-piel-2205.html\"]}]},{\"@type\":\"ImageObject\",\"inLanguage\":\"es\",\"@id\":\"https:\/\/farmacialisboa.es\/blog\/conoces-la-diferencia-entre-tipo-y-estado-de-piel-2205.html#primaryimage\",\"url\":\"https:\/\/farmacialisboa.es\/blog\/wp-content\/uploads\/2021\/08\/4-1.png\",\"contentUrl\":\"https:\/\/farmacialisboa.es\/blog\/wp-content\/uploads\/2021\/08\/4-1.png\",\"width\":2240,\"height\":1260,\"caption\":\"Diferencias entre tipos y estados de piel\"},{\"@type\":\"BreadcrumbList\",\"@id\":\"https:\/\/farmacialisboa.es\/blog\/conoces-la-diferencia-entre-tipo-y-estado-de-piel-2205.html#breadcrumb\",\"itemListElement\":[{\"@type\":\"ListItem\",\"position\":1,\"name\":\"Home\",\"item\":\"https:\/\/farmacialisboa.es\/blog\"},{\"@type\":\"ListItem\",\"position\":2,\"name\":\"\u00bfConoces la diferencia entre tipo y estado de piel?\"}]},{\"@type\":\"WebSite\",\"@id\":\"https:\/\/farmacialisboa.es\/blog\/#website\",\"url\":\"https:\/\/farmacialisboa.es\/blog\/\",\"name\":\"Blog de Farmacia Lisboa -\",\"description\":\"Consejos sobre salud y bienestar, productos de farmacia online, tratamientos novedosos, cosm\u00e9tica y m\u00e1s.\",\"publisher\":{\"@id\":\"https:\/\/farmacialisboa.es\/blog\/#\/schema\/person\/f90b0034ba245d9546a4e41e87116a3f\"},\"potentialAction\":[{\"@type\":\"SearchAction\",\"target\":{\"@type\":\"EntryPoint\",\"urlTemplate\":\"https:\/\/farmacialisboa.es\/blog\/?s={search_term_string}\"},\"query-input\":{\"@type\":\"PropertyValueSpecification\",\"valueRequired\":true,\"valueName\":\"search_term_string\"}}],\"inLanguage\":\"es\"},{\"@type\":[\"Person\",\"Organization\"],\"@id\":\"https:\/\/farmacialisboa.es\/blog\/#\/schema\/person\/f90b0034ba245d9546a4e41e87116a3f\",\"name\":\"Farmac\u00e9utica Inmaculada Vicente\",\"image\":{\"@type\":\"ImageObject\",\"inLanguage\":\"es\",\"@id\":\"https:\/\/farmacialisboa.es\/blog\/#\/schema\/person\/image\/\",\"url\":\"https:\/\/secure.gravatar.com\/avatar\/e0893039af7245eb9fe370eae0410a9e?s=96&d=mm&r=g\",\"contentUrl\":\"https:\/\/secure.gravatar.com\/avatar\/e0893039af7245eb9fe370eae0410a9e?s=96&d=mm&r=g\",\"caption\":\"Farmac\u00e9utica Inmaculada Vicente\"},\"logo\":{\"@id\":\"https:\/\/farmacialisboa.es\/blog\/#\/schema\/person\/image\/\"},\"url\":\"https:\/\/farmacialisboa.es\/blog\/author\/soporte_u4027r77\"}]}<\/script>\n<!-- \/ Yoast SEO plugin. -->","yoast_head_json":{"title":"\u00bfConoces la diferencia entre tipo y estado de piel? - Blog de Farmacia Lisboa -","description":"\u00bfConoces la diferencia entre tipo y estado de la piel? Es muy importante conocer los diferentes tipos de piel para poder identificar las necesidades.","robots":{"index":"index","follow":"follow","max-snippet":"max-snippet:-1","max-image-preview":"max-image-preview:large","max-video-preview":"max-video-preview:-1"},"canonical":"https:\/\/farmacialisboa.es\/blog\/conoces-la-diferencia-entre-tipo-y-estado-de-piel-2205.html","og_locale":"es_ES","og_type":"article","og_title":"\u00bfConoces la diferencia entre tipo y estado de piel? - Blog de Farmacia Lisboa -","og_description":"\u00bfConoces la diferencia entre tipo y estado de la piel? Es muy importante conocer los diferentes tipos de piel para poder identificar las necesidades.","og_url":"https:\/\/farmacialisboa.es\/blog\/conoces-la-diferencia-entre-tipo-y-estado-de-piel-2205.html","og_site_name":"Blog de Farmacia Lisboa -","article_published_time":"2021-08-31T19:30:08+00:00","article_modified_time":"2022-05-17T22:00:22+00:00","og_image":[{"width":2240,"height":1260,"url":"https:\/\/farmacialisboa.es\/blog\/wp-content\/uploads\/2021\/08\/4-1.png","type":"image\/png"}],"author":"Farmac\u00e9utica Inmaculada Vicente","twitter_card":"summary_large_image","twitter_misc":{"Escrito por":"Farmac\u00e9utica Inmaculada Vicente","Tiempo de lectura":"10 minutos"},"schema":{"@context":"https:\/\/schema.org","@graph":[{"@type":"Article","@id":"https:\/\/farmacialisboa.es\/blog\/conoces-la-diferencia-entre-tipo-y-estado-de-piel-2205.html#article","isPartOf":{"@id":"https:\/\/farmacialisboa.es\/blog\/conoces-la-diferencia-entre-tipo-y-estado-de-piel-2205.html"},"author":{"name":"Farmac\u00e9utica Inmaculada Vicente","@id":"https:\/\/farmacialisboa.es\/blog\/#\/schema\/person\/f90b0034ba245d9546a4e41e87116a3f"},"headline":"\u00bfConoces la diferencia entre tipo y estado de piel?","datePublished":"2021-08-31T19:30:08+00:00","dateModified":"2022-05-17T22:00:22+00:00","mainEntityOfPage":{"@id":"https:\/\/farmacialisboa.es\/blog\/conoces-la-diferencia-entre-tipo-y-estado-de-piel-2205.html"},"wordCount":1988,"publisher":{"@id":"https:\/\/farmacialisboa.es\/blog\/#\/schema\/person\/f90b0034ba245d9546a4e41e87116a3f"},"image":{"@id":"https:\/\/farmacialisboa.es\/blog\/conoces-la-diferencia-entre-tipo-y-estado-de-piel-2205.html#primaryimage"},"thumbnailUrl":"https:\/\/farmacialisboa.es\/blog\/wp-content\/uploads\/2021\/08\/4-1.png","keywords":["Estado de piel","Tipo de piel"],"articleSection":["Dermocosm\u00e9tica"],"inLanguage":"es"},{"@type":"WebPage","@id":"https:\/\/farmacialisboa.es\/blog\/conoces-la-diferencia-entre-tipo-y-estado-de-piel-2205.html","url":"https:\/\/farmacialisboa.es\/blog\/conoces-la-diferencia-entre-tipo-y-estado-de-piel-2205.html","name":"\u00bfConoces la diferencia entre tipo y estado de piel? - Blog de Farmacia Lisboa -","isPartOf":{"@id":"https:\/\/farmacialisboa.es\/blog\/#website"},"primaryImageOfPage":{"@id":"https:\/\/farmacialisboa.es\/blog\/conoces-la-diferencia-entre-tipo-y-estado-de-piel-2205.html#primaryimage"},"image":{"@id":"https:\/\/farmacialisboa.es\/blog\/conoces-la-diferencia-entre-tipo-y-estado-de-piel-2205.html#primaryimage"},"thumbnailUrl":"https:\/\/farmacialisboa.es\/blog\/wp-content\/uploads\/2021\/08\/4-1.png","datePublished":"2021-08-31T19:30:08+00:00","dateModified":"2022-05-17T22:00:22+00:00","description":"\u00bfConoces la diferencia entre tipo y estado de la piel? Es muy importante conocer los diferentes tipos de piel para poder identificar las necesidades.","breadcrumb":{"@id":"https:\/\/farmacialisboa.es\/blog\/conoces-la-diferencia-entre-tipo-y-estado-de-piel-2205.html#breadcrumb"},"inLanguage":"es","potentialAction":[{"@type":"ReadAction","target":["https:\/\/farmacialisboa.es\/blog\/conoces-la-diferencia-entre-tipo-y-estado-de-piel-2205.html"]}]},{"@type":"ImageObject","inLanguage":"es","@id":"https:\/\/farmacialisboa.es\/blog\/conoces-la-diferencia-entre-tipo-y-estado-de-piel-2205.html#primaryimage","url":"https:\/\/farmacialisboa.es\/blog\/wp-content\/uploads\/2021\/08\/4-1.png","contentUrl":"https:\/\/farmacialisboa.es\/blog\/wp-content\/uploads\/2021\/08\/4-1.png","width":2240,"height":1260,"caption":"Diferencias entre tipos y estados de piel"},{"@type":"BreadcrumbList","@id":"https:\/\/farmacialisboa.es\/blog\/conoces-la-diferencia-entre-tipo-y-estado-de-piel-2205.html#breadcrumb","itemListElement":[{"@type":"ListItem","position":1,"name":"Home","item":"https:\/\/farmacialisboa.es\/blog"},{"@type":"ListItem","position":2,"name":"\u00bfConoces la diferencia entre tipo y estado de piel?"}]},{"@type":"WebSite","@id":"https:\/\/farmacialisboa.es\/blog\/#website","url":"https:\/\/farmacialisboa.es\/blog\/","name":"Blog de Farmacia Lisboa -","description":"Consejos sobre salud y bienestar, productos de farmacia online, tratamientos novedosos, cosm\u00e9tica y m\u00e1s.","publisher":{"@id":"https:\/\/farmacialisboa.es\/blog\/#\/schema\/person\/f90b0034ba245d9546a4e41e87116a3f"},"potentialAction":[{"@type":"SearchAction","target":{"@type":"EntryPoint","urlTemplate":"https:\/\/farmacialisboa.es\/blog\/?s={search_term_string}"},"query-input":{"@type":"PropertyValueSpecification","valueRequired":true,"valueName":"search_term_string"}}],"inLanguage":"es"},{"@type":["Person","Organization"],"@id":"https:\/\/farmacialisboa.es\/blog\/#\/schema\/person\/f90b0034ba245d9546a4e41e87116a3f","name":"Farmac\u00e9utica Inmaculada Vicente","image":{"@type":"ImageObject","inLanguage":"es","@id":"https:\/\/farmacialisboa.es\/blog\/#\/schema\/person\/image\/","url":"https:\/\/secure.gravatar.com\/avatar\/e0893039af7245eb9fe370eae0410a9e?s=96&d=mm&r=g","contentUrl":"https:\/\/secure.gravatar.com\/avatar\/e0893039af7245eb9fe370eae0410a9e?s=96&d=mm&r=g","caption":"Farmac\u00e9utica Inmaculada Vicente"},"logo":{"@id":"https:\/\/farmacialisboa.es\/blog\/#\/schema\/person\/image\/"},"url":"https:\/\/farmacialisboa.es\/blog\/author\/soporte_u4027r77"}]}},"_links":{"self":[{"href":"https:\/\/farmacialisboa.es\/blog\/wp-json\/wp\/v2\/posts\/2205","targetHints":{"allow":["GET"]}}],"collection":[{"href":"https:\/\/farmacialisboa.es\/blog\/wp-json\/wp\/v2\/posts"}],"about":[{"href":"https:\/\/farmacialisboa.es\/blog\/wp-json\/wp\/v2\/types\/post"}],"author":[{"embeddable":true,"href":"https:\/\/farmacialisboa.es\/blog\/wp-json\/wp\/v2\/users\/1"}],"replies":[{"embeddable":true,"href":"https:\/\/farmacialisboa.es\/blog\/wp-json\/wp\/v2\/comments?post=2205"}],"version-history":[{"count":8,"href":"https:\/\/farmacialisboa.es\/blog\/wp-json\/wp\/v2\/posts\/2205\/revisions"}],"predecessor-version":[{"id":2539,"href":"https:\/\/farmacialisboa.es\/blog\/wp-json\/wp\/v2\/posts\/2205\/revisions\/2539"}],"wp:featuredmedia":[{"embeddable":true,"href":"https:\/\/farmacialisboa.es\/blog\/wp-json\/wp\/v2\/media\/2534"}],"wp:attachment":[{"href":"https:\/\/farmacialisboa.es\/blog\/wp-json\/wp\/v2\/media?parent=2205"}],"wp:term":[{"taxonomy":"category","embeddable":true,"href":"https:\/\/farmacialisboa.es\/blog\/wp-json\/wp\/v2\/categories?post=2205"},{"taxonomy":"post_tag","embeddable":true,"href":"https:\/\/farmacialisboa.es\/blog\/wp-json\/wp\/v2\/tags?post=2205"}],"curies":[{"name":"wp","href":"https:\/\/api.w.org\/{rel}","templated":true}]}}