{"id":2288,"date":"2021-11-28T11:44:22","date_gmt":"2021-11-28T11:44:22","guid":{"rendered":"https:\/\/farmacialisboa.es\/blog\/?p=2288"},"modified":"2022-07-11T18:46:14","modified_gmt":"2022-07-11T18:46:14","slug":"phyto-corrective-essence-mist","status":"publish","type":"post","link":"https:\/\/farmacialisboa.es\/blog\/phyto-corrective-essence-mist-2288.html","title":{"rendered":"Phyto Corrective Essence Mist"},"content":{"rendered":"<p><span style=\"color: #000000;\">Hoy os presento un nuevo producto que complementa la l\u00ednea <strong>PHYTO CORRECTIVE de SkinCeuticals: Phyto Corrective&nbsp;<\/strong><\/span><span style=\"color: #000000;\"><span style=\"caret-color: #000000;\"><b>Essence Mist,&nbsp;un s\u00e9rum especialmente formulado&nbsp;para el cuidado diario de las pieles m\u00e1s sensibles.<\/b><\/span><\/span><\/p>\n<p><span style=\"color: #000000;\">Una l\u00ednea que act\u00faa reforzando la barrera cut\u00e1nea y reduciendo el enrojecimiento visible de la piel.<\/span><\/p>\n<p>Lo mas destacable de este nuevo producto es la capacidad de aportar hidrataci\u00f3n y confort a las pieles sensibles y reactivas, pero, adem\u00e1s, es una magn\u00edfica elecci\u00f3n para todo tipo de pieles.<\/p>\n<p>Por supuesto, hablando de SkinCeuticals, solo puede tratarse de un dermocosm\u00e9tico que, adem\u00e1s de belleza, aportar\u00e1 confort y salud a nuestra piel.<\/p>\n<div class=\"c-product-main__name-wrapper\">\n<h3 class=\"c-product-main__name\"><span style=\"color: #000000;\">PHYTO CORRECTIVE ESSENCE MIST<\/span><\/h3>\n<p class=\"c-product-main__name\"><span style=\"color: #000000;\">Se trata de una bruma hidratante con extractos bot\u00e1nicos que hidrata, calma y reduce el enrojecimiento visible mientras refuerza la barrera de la piel en un formato sin contacto.<\/span><\/p>\n<div id=\"attachment_2491\" style=\"width: 1034px\" class=\"wp-caption alignnone\"><img loading=\"lazy\" decoding=\"async\" aria-describedby=\"caption-attachment-2491\" class=\"size-large wp-image-2491\" src=\"https:\/\/farmacialisboa.es\/blog\/wp-content\/uploads\/2021\/11\/8-1024x576.png\" alt=\"Phyto corrective essence mist SkinCeuticals\" width=\"1024\" height=\"576\" srcset=\"https:\/\/farmacialisboa.es\/blog\/wp-content\/uploads\/2021\/11\/8-1024x576.png 1024w, https:\/\/farmacialisboa.es\/blog\/wp-content\/uploads\/2021\/11\/8-300x169.png 300w, https:\/\/farmacialisboa.es\/blog\/wp-content\/uploads\/2021\/11\/8-768x432.png 768w, https:\/\/farmacialisboa.es\/blog\/wp-content\/uploads\/2021\/11\/8-1536x864.png 1536w, https:\/\/farmacialisboa.es\/blog\/wp-content\/uploads\/2021\/11\/8-2048x1152.png 2048w\" sizes=\"auto, (max-width: 1024px) 100vw, 1024px\" \/><p id=\"caption-attachment-2491\" class=\"wp-caption-text\">Phyto corrective essence mist SkinCeuticals<\/p><\/div>\n<h3><span style=\"color: #000000;\">\u00bfPara qu\u00e9 tipo de piel est\u00e1 indicado Phyto Corrective Essence mist?<\/span><\/h3>\n<p><span style=\"color: #000000;\">En principio, est\u00e1 indicado para pieles sensibles y con rojeces.<\/span><\/p>\n<p><a href=\"https:\/\/farmacialisboa.es\/blog\/conoces-la-diferencia-entre-tipo-y-estado-de-piel-2205.html\"><span style=\"color: #000000;\">Sin embargo, todo tipo de pieles pueden beneficiarse de sus propiedades.<\/span><\/a><\/p>\n<p><span style=\"color: #000000;\">Una piel con rojeces es aquella <b>piel<\/b> que reacciona de forma excesiva, enrojeci\u00e9ndose y percibiendo sensaciones desagradables (tirantez, ardor, hormigueo, picor), frente a est\u00edmulos que habitualmente no provocan esta reacci\u00f3n.<\/span><\/p>\n<p><span style=\"color: #000000;\">Tambi\u00e9n para pieles con manchas y para proporcionar una <a href=\"https:\/\/farmacialisboa.es\/blog\/descubre-el-poder-de-los-antioxidantes-851.html\">hidrataci\u00f3n inmediata<\/a> incluso fuera de casa, ya que su formato es ideal para aplicar en cualquier momento del d\u00eda, inclusive sobre el maquillaje.<\/span><\/p>\n<h3>Piel sensible, reactiva o al\u00e9rgica \u00bfPor qu\u00e9 se caracteriza?<\/h3>\n<p>Entre las necesidades y demandas de una piel sensible, reactiva o al\u00e9rgica, nos encontramos con las siguientes:<\/p>\n<ul>\n<li>Generalmente, necesita calmar ardor, tirantez y picor.<\/li>\n<li>Es habitual una p\u00e9rdida de elasticidad.<\/li>\n<li>En ocasiones, origina peque\u00f1as fisuras y descamaci\u00f3n facilitando la penetraci\u00f3n de sustancias agresivas e irritantes.<\/li>\n<li>El aspecto de este tipo de piel es fr\u00e1gil.<\/li>\n<li>Es posible que presenten un espesor fino.<\/li>\n<li>As\u00ed mismo, tendencia a perder la integridad de su funci\u00f3n barrera.<\/li>\n<li>Capa c\u00f3rnea engrosada.<\/li>\n<li>Rojeces difusas.<\/li>\n<li>Tacto rugoso.<\/li>\n<li>Descamaci\u00f3n.<\/li>\n<li>Reactiva frente a est\u00edmulos a los que una piel normal no reacciona.<\/li>\n<li>Aumenta la posibilidad de desencadenar reacciones al\u00e9rgicas (menos frecuente).<\/li>\n<li>Tolera mal el sol, se broncea con dificultad, y suele aparecer eritema.<\/li>\n<\/ul>\n<h3><span style=\"color: #1b1919; font-size: 22px;\">\u00bfQu\u00e9 necesita una piel sensible?<\/span><\/h3>\n<p>Pr\u00e1cticamente en todo este tipo de pieles se van a presentar unas necesidades comunes y habituales:<\/p>\n<\/div>\n<div class=\"c-product-main__name-wrapper\">\n<ul>\n<li>En primer lugar, necesita calmar ardor, tirantez y picor.<\/li>\n<li>Precisa recuperar la p\u00e9rdida de elasticidad.<\/li>\n<li>Restaurar la p\u00e9rdida de l\u00edpidos en el estrato c\u00f3rneo.<\/li>\n<li>La limpieza debe ser muy delicada. No tolera agua y jab\u00f3n, sensaci\u00f3n de tirantez, incluso prurito y grietas.<\/li>\n<li>No puede faltar la protecci\u00f3n solar; en este caso, preferiblemente con filtros f\u00edsicos.<\/li>\n<\/ul>\n<p>En conclusi\u00f3n, un cuidado espec\u00edfico y delicado que favorezca su confort y aumente su resilencia frente a las agresiones.<\/p>\n<h3 class=\"c-product-main__name-wrapper\"><span style=\"color: #1b1919; font-size: 22px;\">Estados de la piel<\/span><\/h3>\n<p>El estado de la piel es temporal en muchos casos, pero hay que tenerlo en cuenta a la hora de hacer la recomendaci\u00f3n de los tratamientos de indicaci\u00f3n farmac\u00e9utica y productos cosm\u00e9ticos.<\/p>\n<p>Entre los numerosos factores internos y externos que determinan el estado de la piel destacan los siguientes:<\/p>\n<ul>\n<li>Clima y contaminaci\u00f3n.<\/li>\n<li>Cambios de estaci\u00f3n.<\/li>\n<li>Tratamientos agresivos.<\/li>\n<li>Medicaci\u00f3n.<\/li>\n<li>Estr\u00e9s.<\/li>\n<li>Factores hereditarios que influyen sobre los niveles de sebo, sudor y factores hidratantes naturales que produce la piel.<\/li>\n<li>Mala selecci\u00f3n de los productos que se utilizan para el cuidado de la piel.<\/li>\n<\/ul>\n<p>Todos estos factores determinar\u00e1n la elecci\u00f3n de los productos cosm\u00e9ticos a recomendar en un determinado momento.<\/p>\n<h3>Piel con ros\u00e1cea<\/h3>\n<p><span style=\"color: #000000;\">La ros\u00e1cea es una alteraci\u00f3n cr\u00f3nica cut\u00e1nea que afecta al rostro y produce crisis de enrojecimiento (flushing) y lesiones permanentes localizadas en la zona central de la cara (mejillas, frente, nariz, boca y ment\u00f3n).<\/span><\/p>\n<p><span style=\"color: #000000;\">Por supuesto, otra tipolog\u00eda de piel susceptible de beneficiarse de las propiedades de&nbsp;Phyto Corrective Essence Mist.<\/span><\/p>\n<h3><span style=\"color: #000000;\">Piel deshidratada:<\/span><\/h3>\n<p><span style=\"color: #000000;\">La piel puede sufrir un estado de deshidrataci\u00f3n por p\u00e9rdida de agua, que se caracteriza por los siguientes s\u00edntomas:<\/span><\/p>\n<ul>\n<li><span style=\"color: #000000;\">Valores bajos de hidrataci\u00f3n y elasticidad.<\/span><\/li>\n<li><span style=\"color: #000000;\">Aspecto mate, sin luminosidad.<\/span><\/li>\n<li><span style=\"color: #000000;\">Finas l\u00edneas de expresi\u00f3n y arrugas m\u00e1s pronunciadas, envejecimiento prematuro.<\/span><\/li>\n<li><span style=\"color: #000000;\">Poros alargados, estr\u00edas de deshidrataci\u00f3n y f\u00e1cil descamaci\u00f3n.<\/span><\/li>\n<li><span style=\"color: #000000;\">Tacto \u00e1spero, rugoso y tono irregular.<\/span><\/li>\n<li><span style=\"color: #000000;\">Sensaci\u00f3n de tirantez, tolera muy mal los jabones, broncea dif\u00edcilmente, piel sensible irritable, vulnerable a agresiones externas.<\/span><\/li>\n<\/ul>\n<\/div>\n<div class=\"c-product-main__name-wrapper\">\n<p><span style=\"color: #000000;\">En consecuencia, se hace evidente que precisan de unos cuidados especiales que permitan una calidad de vida con el m\u00e1ximo confort posible.<\/span><\/p>\n<p><span style=\"color: #000000;\"><strong>Para esta diversidad de tipo\/estado de piel, la nueva bruma Essence Mist es un aliado perfecto.<\/strong><\/span><\/p>\n<\/div>\n<div class=\"c-product-main__name-wrapper\">\n<h3><span style=\"color: #000000;\">\u00bfCuales son los activos de Phyto Corrective Essence Mist?<\/span><\/h3>\n<p><span style=\"color: #000000;\">Una mezcla fitobot\u00e1nica que alivia y calma la piel que se compone de:<\/span><\/p>\n<ul>\n<li><span style=\"color: #000000;\">Hojas de boldo.<\/span><\/li>\n<li><span style=\"color: #000000;\">Extractos de pepino.<\/span><\/li>\n<li><span style=\"color: #000000;\">Tomillo.<\/span><\/li>\n<li><span style=\"color: #000000;\">Hoja de olivo.<\/span><\/li>\n<li><span style=\"color: #000000;\">Romero.<\/span><\/li>\n<\/ul>\n<p><img loading=\"lazy\" decoding=\"async\" class=\"alignnone size-large wp-image-2493\" src=\"https:\/\/farmacialisboa.es\/blog\/wp-content\/uploads\/2021\/11\/9-1024x576.png\" alt=\"\" width=\"1024\" height=\"576\" srcset=\"https:\/\/farmacialisboa.es\/blog\/wp-content\/uploads\/2021\/11\/9-1024x576.png 1024w, https:\/\/farmacialisboa.es\/blog\/wp-content\/uploads\/2021\/11\/9-300x169.png 300w, https:\/\/farmacialisboa.es\/blog\/wp-content\/uploads\/2021\/11\/9-768x432.png 768w, https:\/\/farmacialisboa.es\/blog\/wp-content\/uploads\/2021\/11\/9-1536x864.png 1536w, https:\/\/farmacialisboa.es\/blog\/wp-content\/uploads\/2021\/11\/9-2048x1152.png 2048w\" sizes=\"auto, (max-width: 1024px) 100vw, 1024px\" \/><\/p>\n<p>&nbsp; &nbsp; &nbsp; &nbsp; &nbsp; &nbsp; &nbsp; &nbsp; &nbsp; &nbsp; &nbsp; &nbsp; &nbsp; &nbsp; &nbsp; &nbsp; &nbsp; &nbsp; &nbsp; &nbsp; &nbsp; &nbsp; &nbsp; &nbsp; &nbsp; &nbsp; &nbsp; &nbsp; &nbsp; &nbsp; &nbsp; &nbsp; &nbsp; &nbsp; &nbsp; &nbsp; &nbsp; &nbsp; &nbsp; &nbsp; &nbsp; &nbsp; &nbsp; &nbsp; &nbsp; &nbsp;&nbsp;<a class=\"fasc-button fasc-size-medium fasc-type-glossy fasc-rounded-medium fasc-ico-before dashicons-arrow-right\" style=\"background-color: #31bf2c; color: #ffffff;\" target=\"_blank\" rel=\"noopener noreferrer\" href=\"https:\/\/farmacialisboa.es\/comprar\/skinceuticals-phyto-corrective-essence-mist-para-pieles-sensibles-50ml\">compra aqu\u00ed Phyto Corrective Essence Mist<\/a><\/p>\n<p>&nbsp;<\/p>\n<p><span style=\"color: #000000;\">Adem\u00e1s de una combinaci\u00f3n al 6,2% de \u00e1cido hialur\u00f3nico y glicerina, ayuda a atraer y retener agua en la piel evitando la deshidrataci\u00f3n.<\/span><\/p>\n<p><span style=\"color: #000000;\">Asimismo, su formulaci\u00f3n como una bruma sin contacto hace que esta esencia <a href=\"https:\/\/www.telva.com\/belleza\/2019\/02\/25\/5c74109601a2f10f4a8b45af.html\">calmante<\/a> se puede reaplicar f\u00e1cilmente durante el d\u00eda, incluso sobre el maquillaje.<\/span><\/p>\n<h3><span style=\"color: #000000;\">\u00bfQu\u00e9 novedades aporta?<\/span><\/h3>\n<ul>\n<li><span style=\"color: #000000;\">La mas apreciada, quiz\u00e1, sea su tecnolog\u00eda sin contacto en formato bruma.<\/span><\/li>\n<li><span style=\"color: #000000;\">Pero tambi\u00e9n reduce inmediatamente el enrojecimiento visible en un 31%.<\/span><\/li>\n<li><span style=\"color: #000000;\">Y, finalmente, ayuda a minimizar la apariencia de enrojecimiento despu\u00e9s de procedimientos m\u00e9dico est\u00e9ticos.<\/span><\/li>\n<\/ul>\n<\/div>\n<p>&nbsp;<\/p>\n<div class=\"c-product-main__name-wrapper\">\n<p><span style=\"color: #000000;\">Personalmente me encanta, desde su lanzamiento<a style=\"color: #000000;\" href=\"https:\/\/farmacialisboa.es\/blog\/protocolo-y-ritual-de-belleza-imprescindibles-en-el-tratamiento-diario-de-la-piel-679.html\"> no falta entre mis favoritos;<\/a>&nbsp; me aporta frescura, hidrataci\u00f3n y luminosidad a la piel.<\/span><\/p>\n<p><span style=\"color: #000000;\">Sinceramente&#8230;\u00a1es un producto adictivo!<\/span><\/p>\n<\/div>\n<p><span style=\"color: #000000;\">\u00bfTe animas a probar la nueva bruma Phyto Corrective Essence Mist?<\/span><\/p>\n<p>&nbsp;<\/p>\n<p>&nbsp;<\/p>\n<p><strong>\u00abAutocuidado, Salud y Belleza\u00bb<\/strong><\/p>\n<p><strong>Inmaculada Vicente Mar\u00eda<\/strong><\/p>\n<p><strong>n\u00ba colegiado 1211<\/strong><\/p>\n","protected":false},"excerpt":{"rendered":"<p>Hoy os presento un nuevo producto que complementa la l\u00ednea PHYTO CORRECTIVE de SkinCeuticals: Phyto Corrective&nbsp;Essence Mist,&nbsp;un s\u00e9rum especialmente formulado&nbsp;para<\/p>\n","protected":false},"author":1,"featured_media":2611,"comment_status":"closed","ping_status":"closed","sticky":false,"template":"","format":"standard","meta":{"_exactmetrics_skip_tracking":false,"_exactmetrics_sitenote_active":false,"_exactmetrics_sitenote_note":"","_exactmetrics_sitenote_category":0,"footnotes":""},"categories":[23],"tags":[4957,2689],"class_list":["post-2288","post","type-post","status-publish","format-standard","has-post-thumbnail","hentry","category-dermocosmetica","tag-phyto-corrective","tag-piel-sensible"],"yoast_head":"<!-- This site is optimized with the Yoast SEO plugin v24.7 - https:\/\/yoast.com\/wordpress\/plugins\/seo\/ -->\n<title>Phyto Corrective Essence Mist - Blog de Farmacia Lisboa -<\/title>\n<meta name=\"description\" content=\"Nuevo producto\u00a0SkinCeuticals Phyto Corrective Essence Mist, un nuevo producto para complementar la l\u00ednea PHYTO CORRECTIVE.\" \/>\n<meta name=\"robots\" content=\"index, follow, max-snippet:-1, max-image-preview:large, max-video-preview:-1\" \/>\n<link rel=\"canonical\" href=\"https:\/\/farmacialisboa.es\/blog\/phyto-corrective-essence-mist-2288.html\" \/>\n<meta property=\"og:locale\" content=\"es_ES\" \/>\n<meta property=\"og:type\" content=\"article\" \/>\n<meta property=\"og:title\" content=\"Phyto Corrective Essence Mist - Blog de Farmacia Lisboa -\" \/>\n<meta property=\"og:description\" content=\"Nuevo producto\u00a0SkinCeuticals Phyto Corrective Essence Mist, un nuevo producto para complementar la l\u00ednea PHYTO CORRECTIVE.\" \/>\n<meta property=\"og:url\" content=\"https:\/\/farmacialisboa.es\/blog\/phyto-corrective-essence-mist-2288.html\" \/>\n<meta property=\"og:site_name\" content=\"Blog de Farmacia Lisboa -\" \/>\n<meta property=\"article:published_time\" content=\"2021-11-28T11:44:22+00:00\" \/>\n<meta property=\"article:modified_time\" content=\"2022-07-11T18:46:14+00:00\" \/>\n<meta property=\"og:image\" content=\"https:\/\/farmacialisboa.es\/blog\/wp-content\/uploads\/2021\/11\/6-1.png\" \/>\n\t<meta property=\"og:image:width\" content=\"2240\" \/>\n\t<meta property=\"og:image:height\" content=\"1260\" \/>\n\t<meta property=\"og:image:type\" content=\"image\/png\" \/>\n<meta name=\"author\" content=\"Farmac\u00e9utica Inmaculada Vicente\" \/>\n<meta name=\"twitter:card\" content=\"summary_large_image\" \/>\n<meta name=\"twitter:label1\" content=\"Escrito por\" \/>\n\t<meta name=\"twitter:data1\" content=\"Farmac\u00e9utica Inmaculada Vicente\" \/>\n\t<meta name=\"twitter:label2\" content=\"Tiempo de lectura\" \/>\n\t<meta name=\"twitter:data2\" content=\"5 minutos\" \/>\n<script type=\"application\/ld+json\" class=\"yoast-schema-graph\">{\"@context\":\"https:\/\/schema.org\",\"@graph\":[{\"@type\":\"Article\",\"@id\":\"https:\/\/farmacialisboa.es\/blog\/phyto-corrective-essence-mist-2288.html#article\",\"isPartOf\":{\"@id\":\"https:\/\/farmacialisboa.es\/blog\/phyto-corrective-essence-mist-2288.html\"},\"author\":{\"name\":\"Farmac\u00e9utica Inmaculada Vicente\",\"@id\":\"https:\/\/farmacialisboa.es\/blog\/#\/schema\/person\/f90b0034ba245d9546a4e41e87116a3f\"},\"headline\":\"Phyto Corrective Essence Mist\",\"datePublished\":\"2021-11-28T11:44:22+00:00\",\"dateModified\":\"2022-07-11T18:46:14+00:00\",\"mainEntityOfPage\":{\"@id\":\"https:\/\/farmacialisboa.es\/blog\/phyto-corrective-essence-mist-2288.html\"},\"wordCount\":1051,\"publisher\":{\"@id\":\"https:\/\/farmacialisboa.es\/blog\/#\/schema\/person\/f90b0034ba245d9546a4e41e87116a3f\"},\"image\":{\"@id\":\"https:\/\/farmacialisboa.es\/blog\/phyto-corrective-essence-mist-2288.html#primaryimage\"},\"thumbnailUrl\":\"https:\/\/farmacialisboa.es\/blog\/wp-content\/uploads\/2021\/11\/6-1.png\",\"keywords\":[\"Phyto corrective\",\"Piel sensible\"],\"articleSection\":[\"Dermocosm\u00e9tica\"],\"inLanguage\":\"es\"},{\"@type\":\"WebPage\",\"@id\":\"https:\/\/farmacialisboa.es\/blog\/phyto-corrective-essence-mist-2288.html\",\"url\":\"https:\/\/farmacialisboa.es\/blog\/phyto-corrective-essence-mist-2288.html\",\"name\":\"Phyto Corrective Essence Mist - Blog de Farmacia Lisboa -\",\"isPartOf\":{\"@id\":\"https:\/\/farmacialisboa.es\/blog\/#website\"},\"primaryImageOfPage\":{\"@id\":\"https:\/\/farmacialisboa.es\/blog\/phyto-corrective-essence-mist-2288.html#primaryimage\"},\"image\":{\"@id\":\"https:\/\/farmacialisboa.es\/blog\/phyto-corrective-essence-mist-2288.html#primaryimage\"},\"thumbnailUrl\":\"https:\/\/farmacialisboa.es\/blog\/wp-content\/uploads\/2021\/11\/6-1.png\",\"datePublished\":\"2021-11-28T11:44:22+00:00\",\"dateModified\":\"2022-07-11T18:46:14+00:00\",\"description\":\"Nuevo producto\u00a0SkinCeuticals Phyto Corrective Essence Mist, un nuevo producto para complementar la l\u00ednea PHYTO CORRECTIVE.\",\"breadcrumb\":{\"@id\":\"https:\/\/farmacialisboa.es\/blog\/phyto-corrective-essence-mist-2288.html#breadcrumb\"},\"inLanguage\":\"es\",\"potentialAction\":[{\"@type\":\"ReadAction\",\"target\":[\"https:\/\/farmacialisboa.es\/blog\/phyto-corrective-essence-mist-2288.html\"]}]},{\"@type\":\"ImageObject\",\"inLanguage\":\"es\",\"@id\":\"https:\/\/farmacialisboa.es\/blog\/phyto-corrective-essence-mist-2288.html#primaryimage\",\"url\":\"https:\/\/farmacialisboa.es\/blog\/wp-content\/uploads\/2021\/11\/6-1.png\",\"contentUrl\":\"https:\/\/farmacialisboa.es\/blog\/wp-content\/uploads\/2021\/11\/6-1.png\",\"width\":2240,\"height\":1260,\"caption\":\"Phyto Corrective Essence Mist SkinCeuticals\"},{\"@type\":\"BreadcrumbList\",\"@id\":\"https:\/\/farmacialisboa.es\/blog\/phyto-corrective-essence-mist-2288.html#breadcrumb\",\"itemListElement\":[{\"@type\":\"ListItem\",\"position\":1,\"name\":\"Home\",\"item\":\"https:\/\/farmacialisboa.es\/blog\"},{\"@type\":\"ListItem\",\"position\":2,\"name\":\"Phyto Corrective Essence Mist\"}]},{\"@type\":\"WebSite\",\"@id\":\"https:\/\/farmacialisboa.es\/blog\/#website\",\"url\":\"https:\/\/farmacialisboa.es\/blog\/\",\"name\":\"Blog de Farmacia Lisboa -\",\"description\":\"Consejos sobre salud y bienestar, productos de farmacia online, tratamientos novedosos, cosm\u00e9tica y m\u00e1s.\",\"publisher\":{\"@id\":\"https:\/\/farmacialisboa.es\/blog\/#\/schema\/person\/f90b0034ba245d9546a4e41e87116a3f\"},\"potentialAction\":[{\"@type\":\"SearchAction\",\"target\":{\"@type\":\"EntryPoint\",\"urlTemplate\":\"https:\/\/farmacialisboa.es\/blog\/?s={search_term_string}\"},\"query-input\":{\"@type\":\"PropertyValueSpecification\",\"valueRequired\":true,\"valueName\":\"search_term_string\"}}],\"inLanguage\":\"es\"},{\"@type\":[\"Person\",\"Organization\"],\"@id\":\"https:\/\/farmacialisboa.es\/blog\/#\/schema\/person\/f90b0034ba245d9546a4e41e87116a3f\",\"name\":\"Farmac\u00e9utica Inmaculada Vicente\",\"image\":{\"@type\":\"ImageObject\",\"inLanguage\":\"es\",\"@id\":\"https:\/\/farmacialisboa.es\/blog\/#\/schema\/person\/image\/\",\"url\":\"https:\/\/secure.gravatar.com\/avatar\/e0893039af7245eb9fe370eae0410a9e?s=96&d=mm&r=g\",\"contentUrl\":\"https:\/\/secure.gravatar.com\/avatar\/e0893039af7245eb9fe370eae0410a9e?s=96&d=mm&r=g\",\"caption\":\"Farmac\u00e9utica Inmaculada Vicente\"},\"logo\":{\"@id\":\"https:\/\/farmacialisboa.es\/blog\/#\/schema\/person\/image\/\"},\"url\":\"https:\/\/farmacialisboa.es\/blog\/author\/soporte_u4027r77\"}]}<\/script>\n<!-- \/ Yoast SEO plugin. -->","yoast_head_json":{"title":"Phyto Corrective Essence Mist - Blog de Farmacia Lisboa -","description":"Nuevo producto\u00a0SkinCeuticals Phyto Corrective Essence Mist, un nuevo producto para complementar la l\u00ednea PHYTO CORRECTIVE.","robots":{"index":"index","follow":"follow","max-snippet":"max-snippet:-1","max-image-preview":"max-image-preview:large","max-video-preview":"max-video-preview:-1"},"canonical":"https:\/\/farmacialisboa.es\/blog\/phyto-corrective-essence-mist-2288.html","og_locale":"es_ES","og_type":"article","og_title":"Phyto Corrective Essence Mist - Blog de Farmacia Lisboa -","og_description":"Nuevo producto\u00a0SkinCeuticals Phyto Corrective Essence Mist, un nuevo producto para complementar la l\u00ednea PHYTO CORRECTIVE.","og_url":"https:\/\/farmacialisboa.es\/blog\/phyto-corrective-essence-mist-2288.html","og_site_name":"Blog de Farmacia Lisboa -","article_published_time":"2021-11-28T11:44:22+00:00","article_modified_time":"2022-07-11T18:46:14+00:00","og_image":[{"width":2240,"height":1260,"url":"https:\/\/farmacialisboa.es\/blog\/wp-content\/uploads\/2021\/11\/6-1.png","type":"image\/png"}],"author":"Farmac\u00e9utica Inmaculada Vicente","twitter_card":"summary_large_image","twitter_misc":{"Escrito por":"Farmac\u00e9utica Inmaculada Vicente","Tiempo de lectura":"5 minutos"},"schema":{"@context":"https:\/\/schema.org","@graph":[{"@type":"Article","@id":"https:\/\/farmacialisboa.es\/blog\/phyto-corrective-essence-mist-2288.html#article","isPartOf":{"@id":"https:\/\/farmacialisboa.es\/blog\/phyto-corrective-essence-mist-2288.html"},"author":{"name":"Farmac\u00e9utica Inmaculada Vicente","@id":"https:\/\/farmacialisboa.es\/blog\/#\/schema\/person\/f90b0034ba245d9546a4e41e87116a3f"},"headline":"Phyto Corrective Essence Mist","datePublished":"2021-11-28T11:44:22+00:00","dateModified":"2022-07-11T18:46:14+00:00","mainEntityOfPage":{"@id":"https:\/\/farmacialisboa.es\/blog\/phyto-corrective-essence-mist-2288.html"},"wordCount":1051,"publisher":{"@id":"https:\/\/farmacialisboa.es\/blog\/#\/schema\/person\/f90b0034ba245d9546a4e41e87116a3f"},"image":{"@id":"https:\/\/farmacialisboa.es\/blog\/phyto-corrective-essence-mist-2288.html#primaryimage"},"thumbnailUrl":"https:\/\/farmacialisboa.es\/blog\/wp-content\/uploads\/2021\/11\/6-1.png","keywords":["Phyto corrective","Piel sensible"],"articleSection":["Dermocosm\u00e9tica"],"inLanguage":"es"},{"@type":"WebPage","@id":"https:\/\/farmacialisboa.es\/blog\/phyto-corrective-essence-mist-2288.html","url":"https:\/\/farmacialisboa.es\/blog\/phyto-corrective-essence-mist-2288.html","name":"Phyto Corrective Essence Mist - Blog de Farmacia Lisboa -","isPartOf":{"@id":"https:\/\/farmacialisboa.es\/blog\/#website"},"primaryImageOfPage":{"@id":"https:\/\/farmacialisboa.es\/blog\/phyto-corrective-essence-mist-2288.html#primaryimage"},"image":{"@id":"https:\/\/farmacialisboa.es\/blog\/phyto-corrective-essence-mist-2288.html#primaryimage"},"thumbnailUrl":"https:\/\/farmacialisboa.es\/blog\/wp-content\/uploads\/2021\/11\/6-1.png","datePublished":"2021-11-28T11:44:22+00:00","dateModified":"2022-07-11T18:46:14+00:00","description":"Nuevo producto\u00a0SkinCeuticals Phyto Corrective Essence Mist, un nuevo producto para complementar la l\u00ednea PHYTO CORRECTIVE.","breadcrumb":{"@id":"https:\/\/farmacialisboa.es\/blog\/phyto-corrective-essence-mist-2288.html#breadcrumb"},"inLanguage":"es","potentialAction":[{"@type":"ReadAction","target":["https:\/\/farmacialisboa.es\/blog\/phyto-corrective-essence-mist-2288.html"]}]},{"@type":"ImageObject","inLanguage":"es","@id":"https:\/\/farmacialisboa.es\/blog\/phyto-corrective-essence-mist-2288.html#primaryimage","url":"https:\/\/farmacialisboa.es\/blog\/wp-content\/uploads\/2021\/11\/6-1.png","contentUrl":"https:\/\/farmacialisboa.es\/blog\/wp-content\/uploads\/2021\/11\/6-1.png","width":2240,"height":1260,"caption":"Phyto Corrective Essence Mist SkinCeuticals"},{"@type":"BreadcrumbList","@id":"https:\/\/farmacialisboa.es\/blog\/phyto-corrective-essence-mist-2288.html#breadcrumb","itemListElement":[{"@type":"ListItem","position":1,"name":"Home","item":"https:\/\/farmacialisboa.es\/blog"},{"@type":"ListItem","position":2,"name":"Phyto Corrective Essence Mist"}]},{"@type":"WebSite","@id":"https:\/\/farmacialisboa.es\/blog\/#website","url":"https:\/\/farmacialisboa.es\/blog\/","name":"Blog de Farmacia Lisboa -","description":"Consejos sobre salud y bienestar, productos de farmacia online, tratamientos novedosos, cosm\u00e9tica y m\u00e1s.","publisher":{"@id":"https:\/\/farmacialisboa.es\/blog\/#\/schema\/person\/f90b0034ba245d9546a4e41e87116a3f"},"potentialAction":[{"@type":"SearchAction","target":{"@type":"EntryPoint","urlTemplate":"https:\/\/farmacialisboa.es\/blog\/?s={search_term_string}"},"query-input":{"@type":"PropertyValueSpecification","valueRequired":true,"valueName":"search_term_string"}}],"inLanguage":"es"},{"@type":["Person","Organization"],"@id":"https:\/\/farmacialisboa.es\/blog\/#\/schema\/person\/f90b0034ba245d9546a4e41e87116a3f","name":"Farmac\u00e9utica Inmaculada Vicente","image":{"@type":"ImageObject","inLanguage":"es","@id":"https:\/\/farmacialisboa.es\/blog\/#\/schema\/person\/image\/","url":"https:\/\/secure.gravatar.com\/avatar\/e0893039af7245eb9fe370eae0410a9e?s=96&d=mm&r=g","contentUrl":"https:\/\/secure.gravatar.com\/avatar\/e0893039af7245eb9fe370eae0410a9e?s=96&d=mm&r=g","caption":"Farmac\u00e9utica Inmaculada Vicente"},"logo":{"@id":"https:\/\/farmacialisboa.es\/blog\/#\/schema\/person\/image\/"},"url":"https:\/\/farmacialisboa.es\/blog\/author\/soporte_u4027r77"}]}},"_links":{"self":[{"href":"https:\/\/farmacialisboa.es\/blog\/wp-json\/wp\/v2\/posts\/2288","targetHints":{"allow":["GET"]}}],"collection":[{"href":"https:\/\/farmacialisboa.es\/blog\/wp-json\/wp\/v2\/posts"}],"about":[{"href":"https:\/\/farmacialisboa.es\/blog\/wp-json\/wp\/v2\/types\/post"}],"author":[{"embeddable":true,"href":"https:\/\/farmacialisboa.es\/blog\/wp-json\/wp\/v2\/users\/1"}],"replies":[{"embeddable":true,"href":"https:\/\/farmacialisboa.es\/blog\/wp-json\/wp\/v2\/comments?post=2288"}],"version-history":[{"count":14,"href":"https:\/\/farmacialisboa.es\/blog\/wp-json\/wp\/v2\/posts\/2288\/revisions"}],"predecessor-version":[{"id":2612,"href":"https:\/\/farmacialisboa.es\/blog\/wp-json\/wp\/v2\/posts\/2288\/revisions\/2612"}],"wp:featuredmedia":[{"embeddable":true,"href":"https:\/\/farmacialisboa.es\/blog\/wp-json\/wp\/v2\/media\/2611"}],"wp:attachment":[{"href":"https:\/\/farmacialisboa.es\/blog\/wp-json\/wp\/v2\/media?parent=2288"}],"wp:term":[{"taxonomy":"category","embeddable":true,"href":"https:\/\/farmacialisboa.es\/blog\/wp-json\/wp\/v2\/categories?post=2288"},{"taxonomy":"post_tag","embeddable":true,"href":"https:\/\/farmacialisboa.es\/blog\/wp-json\/wp\/v2\/tags?post=2288"}],"curies":[{"name":"wp","href":"https:\/\/api.w.org\/{rel}","templated":true}]}}