{"id":2353,"date":"2021-12-03T22:45:21","date_gmt":"2021-12-03T22:45:21","guid":{"rendered":"https:\/\/farmacialisboa.es\/blog\/?p=2353"},"modified":"2022-08-10T16:20:33","modified_gmt":"2022-08-10T16:20:33","slug":"nuevo-serum-antioxidante-ultra-sod","status":"publish","type":"post","link":"https:\/\/farmacialisboa.es\/blog\/nuevo-serum-antioxidante-ultra-sod-2353.html","title":{"rendered":"Nuevo s\u00e9rum antioxidante Ultra-SOD"},"content":{"rendered":"<p>A un mes escaso de terminar el a\u00f1o, el Dr. Arthouros Alba y la Dra. Rubira nos han sorprendido con un nuevo lanzamiento:\u00a0Nuevo s\u00e9rum antioxidante Ultra-SOD.<\/p>\n<h3>F\u00f3rmula Ultra-SOD antioxidante e iluminadora<\/h3>\n<p>Probablemente el antioxidante m\u00e1s potente del mundo.<\/p>\n<p>Un serum con SOD altamente antioxidante y fortalecedor cut\u00e1neo con acci\u00f3n anti-estr\u00e9s y anti-envejecimiento.<\/p>\n<p>La lucha contra el envejecimiento es nuestro d\u00eda a d\u00eda, y es por ello que la Cosmetolog\u00eda Cient\u00edfica nos ofrece un nuevo cosm\u00e9tico que va m\u00e1s all\u00e1 de un simple antioxidante.<\/p>\n<p>Los Doctores Arthouros Alba y Rubira creen haber formulado, probablemente, el mejor antioxidante del mundo.<br \/>\nY eso lo han conseguido con una potente combinaci\u00f3n sin\u00e9rgica de antioxidantes que protegen y reparan tu piel del da\u00f1o causado por la oxidaci\u00f3n ambiental.<\/p>\n<p>&nbsp;<\/p>\n<div id=\"attachment_2509\" style=\"width: 1034px\" class=\"wp-caption alignnone\"><img loading=\"lazy\" decoding=\"async\" aria-describedby=\"caption-attachment-2509\" class=\"size-large wp-image-2509\" src=\"https:\/\/farmacialisboa.es\/blog\/wp-content\/uploads\/2021\/12\/2-1-1024x576.png\" alt=\"Nuevo s\u00e9rum Ultra-SOD antioxidante e iluminadora\" width=\"1024\" height=\"576\" srcset=\"https:\/\/farmacialisboa.es\/blog\/wp-content\/uploads\/2021\/12\/2-1-1024x576.png 1024w, https:\/\/farmacialisboa.es\/blog\/wp-content\/uploads\/2021\/12\/2-1-300x169.png 300w, https:\/\/farmacialisboa.es\/blog\/wp-content\/uploads\/2021\/12\/2-1-768x432.png 768w, https:\/\/farmacialisboa.es\/blog\/wp-content\/uploads\/2021\/12\/2-1-1536x864.png 1536w, https:\/\/farmacialisboa.es\/blog\/wp-content\/uploads\/2021\/12\/2-1-2048x1152.png 2048w\" sizes=\"auto, (max-width: 1024px) 100vw, 1024px\" \/><p id=\"caption-attachment-2509\" class=\"wp-caption-text\">Nuevo s\u00e9rum Ultra-SOD antioxidante e iluminadora<\/p><\/div>\n<h3>\u00bfQuienes provocan el da\u00f1o oxidativo en nuestra piel?<\/h3>\n<p>Los responsables del envejecimiento cut\u00e1neo de la piel son, entre otros factores, los radicales libres.<\/p>\n<p>Envejecemos porque nos oxidamos;\u00a0<a href=\"https:\/\/farmacialisboa.es\/blog\/age-interrupter-skinceuticals-2298.html\">la oxidaci\u00f3n es una de las principales causas del envejecimiento prematuro de la piel<\/a>, y se puede prevenir.<\/p>\n<p>Esta oxidaci\u00f3n se produce por la exposici\u00f3n a diferentes factores, que en su conjunto constituyen el\u00a0<strong>exposoma<\/strong>:<\/p>\n<ul>\n<li>Radiaci\u00f3n solar<\/li>\n<li>Contaminaci\u00f3n<\/li>\n<li>Poluci\u00f3n<\/li>\n<li>Humo del tabaco<\/li>\n<li>Estr\u00e9s<\/li>\n<li>Falta de sue\u00f1o<\/li>\n<li>Mala alimentaci\u00f3n<\/li>\n<li>Vida sedentaria<\/li>\n<\/ul>\n<h3>Todos estos factores generan la formaci\u00f3n de radicales libres<\/h3>\n<p>Un radical libre es una mol\u00e9cula que se produce cada d\u00eda en nuestro organismo como resultado de las reacciones biol\u00f3gicas que se producen en las c\u00e9lulas.<\/p>\n<p>Este conjunto de reacciones en el organismo se pueden englobar como \u201crespiraci\u00f3n celular\u201d.<\/p>\n<p>Los\u00a0<strong>radicales libres se<\/strong>\u00a0pueden formar a partir de muchas mol\u00e9culas, pero los derivados de la mol\u00e9cula del ox\u00edgeno son los que tienen mayor importancia en patolog\u00eda humana.<\/p>\n<p>Todas estas reacciones son necesarias para la vida celular, y los radicales libres son mol\u00e9culas necesarias para realizar determinadas funciones y mantener el estado de salud.<\/p>\n<h3>\u00bfQu\u00e9 son, qu\u00edmicamente hablando, los radicales libres y c\u00f3mo se comportan?<\/h3>\n<p>Los radicales libres son \u00e1tomos a los que le falta un electr\u00f3n. Es decir, es un \u00e1tomo al que le falta su pareja, la que le da estabilidad.<\/p>\n<p>Esta falta de pareja es lo que provoca que los radicales libres sean \u00e1tomos muy reactivos, y atacan a otras mol\u00e9culas o estructuras para \u201crobarle la pareja\u201d.<\/p>\n<p>En la piel ese ataque se produce sobre el col\u00e1geno y la elastina, que son las prote\u00ednas que mantienen nuestra piel firme y sin arrugas.<\/p>\n<p>As\u00ed, poco a poco el col\u00e1geno y la elastina se van rompiendo y, adem\u00e1s, con los a\u00f1os nuestra capacidad de regeneraci\u00f3n tambi\u00e9n empeora, ya que se enlentece.<\/p>\n<p>De esta forma es como se van formando las arrugas y la piel va perdiendo firmeza.<\/p>\n<p>La vida biol\u00f3gica media de un radical libre es de microsegundos, pero tiene la capacidad de reaccionar con todo lo que est\u00e9 a su alrededor provocando el da\u00f1o celular.<\/p>\n<p>Sin embargo, la producci\u00f3n de radicales libres a lo largo del tiempo puede tener efectos negativos, ya que alteran las membranas de las c\u00e9lulas y el material gen\u00e9tico (ADN de la c\u00e9lula).<\/p>\n<p><strong>Los\u00a0radicales libres\u00a0en cosmetolog\u00eda son sustancias qu\u00edmicas muy reactivas que introducen ox\u00edgeno en las c\u00e9lulas, produciendo la oxidaci\u00f3n de sus partes, alteraciones en el ADN y, finalmente, cambios que aceleran el envejecimiento celular.<\/strong><\/p>\n<h3><strong>\u00bfC\u00f3mo nos ayudan los antioxidantes?<\/strong><\/h3>\n<p><a href=\"https:\/\/farmacialisboa.es\/blog\/antioxidante-silymarin-cf-skinceuticals-1247.html\">Se trata de activos que tienen la capacidad de neutralizar los radicales libres formando pareja con ellos, y por lo tanto\u00a0<strong>previenen el envejecimiento<\/strong>\u00a0prematuro.<\/a><\/p>\n<p>Por eso los antioxidantes, junto con la protecci\u00f3n solar, son la base del cuidado de la piel, ya que ambos procesos ejercen un efecto protector.<\/p>\n<p>Hay multitud de antioxidantes, y adem\u00e1s muchos de ellos ejercen otras funciones como, por ejemplo, estimular la s\u00edntesis de col\u00e1geno, lo cual los hace aun m\u00e1s valiosos.<\/p>\n<p>Pero <a href=\"https:\/\/farmacialisboa.es\/blog\/antioxidantes-skinceuticals-415.html\">no todas las f\u00f3rmulas de antioxidantes son v\u00e1lidas para todo tipo de pieles,<\/a><span class=\"apple-converted-space\">\u00a0<\/span>y aqu\u00ed el consejo experto es el que te ayudar\u00e1 a elegir el mejor antioxidante para ti, y as\u00ed logres los objetivos que tienes con tu rutina cosm\u00e9tica.<\/p>\n<h3>F\u00f3rmula Ultra-SOD antioxidante e iluminadora<\/h3>\n<p>\u00bfQu\u00e9 hace diferente al nuevo s\u00e9rum antioxidante Ultra-SOD?<\/p>\n<p>Por un lado su novedosa composici\u00f3n y, por otro, la sinergia que se produce cuando se combinan activos de forma adecuada.<\/p>\n<ul>\n<li><strong>Super \u00f3xido dismutasa\u00a0(SOD)<\/strong>\u00a0es la\u00a0enzima con mayor poder antioxidante que existe. Reduce la acci\u00f3n de los radicales libres por dismutaci\u00f3n ayudando a prevenir la p\u00e9rdida de fibras de sost\u00e9n y el fotoenvejecimiento de tu piel. Adem\u00e1s, disminuye la inflamaci\u00f3n, el eritema y la pigmentaci\u00f3n.<\/li>\n<li>El\u00a0<strong>\u00e1cido fer\u00falico es<\/strong>\u00a0la mol\u00e9cula antioxidante que protege a los vegetales y frutas del da\u00f1o producido por la radiaci\u00f3n solar. Act\u00faa sobre el ciclo de la melanog\u00e9nesis evitando la pigmentaci\u00f3n cut\u00e1nea. Protege y repara\u00a0la piel por estimulaci\u00f3n de s\u00edntesis de col\u00e1geno y elastina.<\/li>\n<li><strong>Extracto de pouteria lucuma,<\/strong>\u00a0un ingrediente\u00a0cargado de antioxidantes, polifenoles, betacarotenos, fitosteroles, vitaminas, fibra, prote\u00ednas, az\u00facares y minerales, que lo convierten en un potente antioxidante natural, capaz de prevenir el fotoenvejecimiento causado por el estr\u00e9s oxidativo. Aporta luminosidad a tu piel y la protege contra los efectos de la contaminaci\u00f3n ambiental.<\/li>\n<li>Y, por \u00faltimo, el\u00a0<strong>\u00e1cido c\u00edtrico,<\/strong>\u00a0que act\u00faa exfoliando levemente el estrato c\u00f3rneo de la piel para mejorar la penetraci\u00f3n del resto de activos.<\/li>\n<\/ul>\n<div id=\"attachment_2489\" style=\"width: 1034px\" class=\"wp-caption alignnone\"><img loading=\"lazy\" decoding=\"async\" aria-describedby=\"caption-attachment-2489\" class=\"size-large wp-image-2489\" src=\"https:\/\/farmacialisboa.es\/blog\/wp-content\/uploads\/2021\/12\/11-1024x576.png\" alt=\"F\u00f3rmula Ultra-SOD antioxidante e iluminadora\" width=\"1024\" height=\"576\" srcset=\"https:\/\/farmacialisboa.es\/blog\/wp-content\/uploads\/2021\/12\/11-1024x576.png 1024w, https:\/\/farmacialisboa.es\/blog\/wp-content\/uploads\/2021\/12\/11-300x169.png 300w, https:\/\/farmacialisboa.es\/blog\/wp-content\/uploads\/2021\/12\/11-768x432.png 768w, https:\/\/farmacialisboa.es\/blog\/wp-content\/uploads\/2021\/12\/11-1536x864.png 1536w, https:\/\/farmacialisboa.es\/blog\/wp-content\/uploads\/2021\/12\/11-2048x1152.png 2048w\" sizes=\"auto, (max-width: 1024px) 100vw, 1024px\" \/><p id=\"caption-attachment-2489\" class=\"wp-caption-text\">F\u00f3rmula Ultra-SOD antioxidante e iluminadora<\/p><\/div>\n<p><a href=\"https:\/\/arthourosalba.com\">El resultado es\u00a0una f\u00f3rmula con alma basada en ciencia para ofrecer un s\u00e9rum altamente eficaz y de calidad.<\/a><\/p>\n<p>&nbsp;<\/p>\n<p>Ya puedes encontrar el nuevo s\u00e9rum Ultra-Sod en nuestra farmacia, probablemente el antioxidante m\u00e1s potente del mundo.<\/p>\n<p>&nbsp;<\/p>\n<p><strong>\u00abAutocuidado, Salud y Belleza\u00bb<\/strong><\/p>\n<p><strong>Inmaculada Vicente Mar\u00eda<\/strong><\/p>\n<p><strong>n\u00ba colegiado 1211<\/strong><\/p>\n<p>&nbsp;<\/p>\n","protected":false},"excerpt":{"rendered":"<p>A un mes escaso de terminar el a\u00f1o, el Dr. Arthouros Alba y la Dra. Rubira nos han sorprendido con<\/p>\n","protected":false},"author":1,"featured_media":2610,"comment_status":"closed","ping_status":"closed","sticky":false,"template":"","format":"standard","meta":{"_exactmetrics_skip_tracking":false,"_exactmetrics_sitenote_active":false,"_exactmetrics_sitenote_note":"","_exactmetrics_sitenote_category":0,"footnotes":""},"categories":[23],"tags":[72,5000,4999],"class_list":["post-2353","post","type-post","status-publish","format-standard","has-post-thumbnail","hentry","category-dermocosmetica","tag-antioxidantes","tag-dr-arthouros-alba","tag-ultra-sod"],"yoast_head":"<!-- This site is optimized with the Yoast SEO plugin v24.7 - https:\/\/yoast.com\/wordpress\/plugins\/seo\/ -->\n<title>Nuevo s\u00e9rum antioxidante Ultra-SOD - Blog de Farmacia Lisboa -<\/title>\n<meta name=\"description\" content=\"A un mes escaso de terminar el a\u00f1o, el Dr. Arthouros Alba y la Dra. Rubira nos han sorprendido con un nuevo lanzamiento:\u00a0Nuevo s\u00e9rum antioxidante Ultra-SOD\" \/>\n<meta name=\"robots\" content=\"index, follow, max-snippet:-1, max-image-preview:large, max-video-preview:-1\" \/>\n<link rel=\"canonical\" href=\"https:\/\/farmacialisboa.es\/blog\/nuevo-serum-antioxidante-ultra-sod-2353.html\" \/>\n<meta property=\"og:locale\" content=\"es_ES\" \/>\n<meta property=\"og:type\" content=\"article\" \/>\n<meta property=\"og:title\" content=\"Nuevo s\u00e9rum antioxidante Ultra-SOD - Blog de Farmacia Lisboa -\" \/>\n<meta property=\"og:description\" content=\"A un mes escaso de terminar el a\u00f1o, el Dr. Arthouros Alba y la Dra. Rubira nos han sorprendido con un nuevo lanzamiento:\u00a0Nuevo s\u00e9rum antioxidante Ultra-SOD\" \/>\n<meta property=\"og:url\" content=\"https:\/\/farmacialisboa.es\/blog\/nuevo-serum-antioxidante-ultra-sod-2353.html\" \/>\n<meta property=\"og:site_name\" content=\"Blog de Farmacia Lisboa -\" \/>\n<meta property=\"article:published_time\" content=\"2021-12-03T22:45:21+00:00\" \/>\n<meta property=\"article:modified_time\" content=\"2022-08-10T16:20:33+00:00\" \/>\n<meta property=\"og:image\" content=\"https:\/\/farmacialisboa.es\/blog\/wp-content\/uploads\/2021\/12\/5.png\" \/>\n\t<meta property=\"og:image:width\" content=\"2240\" \/>\n\t<meta property=\"og:image:height\" content=\"1260\" \/>\n\t<meta property=\"og:image:type\" content=\"image\/png\" \/>\n<meta name=\"author\" content=\"Farmac\u00e9utica Inmaculada Vicente\" \/>\n<meta name=\"twitter:card\" content=\"summary_large_image\" \/>\n<meta name=\"twitter:label1\" content=\"Escrito por\" \/>\n\t<meta name=\"twitter:data1\" content=\"Farmac\u00e9utica Inmaculada Vicente\" \/>\n\t<meta name=\"twitter:label2\" content=\"Tiempo de lectura\" \/>\n\t<meta name=\"twitter:data2\" content=\"5 minutos\" \/>\n<script type=\"application\/ld+json\" class=\"yoast-schema-graph\">{\"@context\":\"https:\/\/schema.org\",\"@graph\":[{\"@type\":\"Article\",\"@id\":\"https:\/\/farmacialisboa.es\/blog\/nuevo-serum-antioxidante-ultra-sod-2353.html#article\",\"isPartOf\":{\"@id\":\"https:\/\/farmacialisboa.es\/blog\/nuevo-serum-antioxidante-ultra-sod-2353.html\"},\"author\":{\"name\":\"Farmac\u00e9utica Inmaculada Vicente\",\"@id\":\"https:\/\/farmacialisboa.es\/blog\/#\/schema\/person\/f90b0034ba245d9546a4e41e87116a3f\"},\"headline\":\"Nuevo s\u00e9rum antioxidante Ultra-SOD\",\"datePublished\":\"2021-12-03T22:45:21+00:00\",\"dateModified\":\"2022-08-10T16:20:33+00:00\",\"mainEntityOfPage\":{\"@id\":\"https:\/\/farmacialisboa.es\/blog\/nuevo-serum-antioxidante-ultra-sod-2353.html\"},\"wordCount\":1041,\"publisher\":{\"@id\":\"https:\/\/farmacialisboa.es\/blog\/#\/schema\/person\/f90b0034ba245d9546a4e41e87116a3f\"},\"image\":{\"@id\":\"https:\/\/farmacialisboa.es\/blog\/nuevo-serum-antioxidante-ultra-sod-2353.html#primaryimage\"},\"thumbnailUrl\":\"https:\/\/farmacialisboa.es\/blog\/wp-content\/uploads\/2021\/12\/5.png\",\"keywords\":[\"Antioxidantes\",\"Dr. Arthouros Alba\",\"Ultra-Sod\"],\"articleSection\":[\"Dermocosm\u00e9tica\"],\"inLanguage\":\"es\"},{\"@type\":\"WebPage\",\"@id\":\"https:\/\/farmacialisboa.es\/blog\/nuevo-serum-antioxidante-ultra-sod-2353.html\",\"url\":\"https:\/\/farmacialisboa.es\/blog\/nuevo-serum-antioxidante-ultra-sod-2353.html\",\"name\":\"Nuevo s\u00e9rum antioxidante Ultra-SOD - Blog de Farmacia Lisboa -\",\"isPartOf\":{\"@id\":\"https:\/\/farmacialisboa.es\/blog\/#website\"},\"primaryImageOfPage\":{\"@id\":\"https:\/\/farmacialisboa.es\/blog\/nuevo-serum-antioxidante-ultra-sod-2353.html#primaryimage\"},\"image\":{\"@id\":\"https:\/\/farmacialisboa.es\/blog\/nuevo-serum-antioxidante-ultra-sod-2353.html#primaryimage\"},\"thumbnailUrl\":\"https:\/\/farmacialisboa.es\/blog\/wp-content\/uploads\/2021\/12\/5.png\",\"datePublished\":\"2021-12-03T22:45:21+00:00\",\"dateModified\":\"2022-08-10T16:20:33+00:00\",\"description\":\"A un mes escaso de terminar el a\u00f1o, el Dr. Arthouros Alba y la Dra. Rubira nos han sorprendido con un nuevo lanzamiento:\u00a0Nuevo s\u00e9rum antioxidante Ultra-SOD\",\"breadcrumb\":{\"@id\":\"https:\/\/farmacialisboa.es\/blog\/nuevo-serum-antioxidante-ultra-sod-2353.html#breadcrumb\"},\"inLanguage\":\"es\",\"potentialAction\":[{\"@type\":\"ReadAction\",\"target\":[\"https:\/\/farmacialisboa.es\/blog\/nuevo-serum-antioxidante-ultra-sod-2353.html\"]}]},{\"@type\":\"ImageObject\",\"inLanguage\":\"es\",\"@id\":\"https:\/\/farmacialisboa.es\/blog\/nuevo-serum-antioxidante-ultra-sod-2353.html#primaryimage\",\"url\":\"https:\/\/farmacialisboa.es\/blog\/wp-content\/uploads\/2021\/12\/5.png\",\"contentUrl\":\"https:\/\/farmacialisboa.es\/blog\/wp-content\/uploads\/2021\/12\/5.png\",\"width\":2240,\"height\":1260,\"caption\":\"Nuevo s\u00e9rum antioxidante Ultra SOD\"},{\"@type\":\"BreadcrumbList\",\"@id\":\"https:\/\/farmacialisboa.es\/blog\/nuevo-serum-antioxidante-ultra-sod-2353.html#breadcrumb\",\"itemListElement\":[{\"@type\":\"ListItem\",\"position\":1,\"name\":\"Home\",\"item\":\"https:\/\/farmacialisboa.es\/blog\"},{\"@type\":\"ListItem\",\"position\":2,\"name\":\"Nuevo s\u00e9rum antioxidante Ultra-SOD\"}]},{\"@type\":\"WebSite\",\"@id\":\"https:\/\/farmacialisboa.es\/blog\/#website\",\"url\":\"https:\/\/farmacialisboa.es\/blog\/\",\"name\":\"Blog de Farmacia Lisboa -\",\"description\":\"Consejos sobre salud y bienestar, productos de farmacia online, tratamientos novedosos, cosm\u00e9tica y m\u00e1s.\",\"publisher\":{\"@id\":\"https:\/\/farmacialisboa.es\/blog\/#\/schema\/person\/f90b0034ba245d9546a4e41e87116a3f\"},\"potentialAction\":[{\"@type\":\"SearchAction\",\"target\":{\"@type\":\"EntryPoint\",\"urlTemplate\":\"https:\/\/farmacialisboa.es\/blog\/?s={search_term_string}\"},\"query-input\":{\"@type\":\"PropertyValueSpecification\",\"valueRequired\":true,\"valueName\":\"search_term_string\"}}],\"inLanguage\":\"es\"},{\"@type\":[\"Person\",\"Organization\"],\"@id\":\"https:\/\/farmacialisboa.es\/blog\/#\/schema\/person\/f90b0034ba245d9546a4e41e87116a3f\",\"name\":\"Farmac\u00e9utica Inmaculada Vicente\",\"image\":{\"@type\":\"ImageObject\",\"inLanguage\":\"es\",\"@id\":\"https:\/\/farmacialisboa.es\/blog\/#\/schema\/person\/image\/\",\"url\":\"https:\/\/secure.gravatar.com\/avatar\/e0893039af7245eb9fe370eae0410a9e?s=96&d=mm&r=g\",\"contentUrl\":\"https:\/\/secure.gravatar.com\/avatar\/e0893039af7245eb9fe370eae0410a9e?s=96&d=mm&r=g\",\"caption\":\"Farmac\u00e9utica Inmaculada Vicente\"},\"logo\":{\"@id\":\"https:\/\/farmacialisboa.es\/blog\/#\/schema\/person\/image\/\"},\"url\":\"https:\/\/farmacialisboa.es\/blog\/author\/soporte_u4027r77\"}]}<\/script>\n<!-- \/ Yoast SEO plugin. -->","yoast_head_json":{"title":"Nuevo s\u00e9rum antioxidante Ultra-SOD - Blog de Farmacia Lisboa -","description":"A un mes escaso de terminar el a\u00f1o, el Dr. Arthouros Alba y la Dra. Rubira nos han sorprendido con un nuevo lanzamiento:\u00a0Nuevo s\u00e9rum antioxidante Ultra-SOD","robots":{"index":"index","follow":"follow","max-snippet":"max-snippet:-1","max-image-preview":"max-image-preview:large","max-video-preview":"max-video-preview:-1"},"canonical":"https:\/\/farmacialisboa.es\/blog\/nuevo-serum-antioxidante-ultra-sod-2353.html","og_locale":"es_ES","og_type":"article","og_title":"Nuevo s\u00e9rum antioxidante Ultra-SOD - Blog de Farmacia Lisboa -","og_description":"A un mes escaso de terminar el a\u00f1o, el Dr. Arthouros Alba y la Dra. Rubira nos han sorprendido con un nuevo lanzamiento:\u00a0Nuevo s\u00e9rum antioxidante Ultra-SOD","og_url":"https:\/\/farmacialisboa.es\/blog\/nuevo-serum-antioxidante-ultra-sod-2353.html","og_site_name":"Blog de Farmacia Lisboa -","article_published_time":"2021-12-03T22:45:21+00:00","article_modified_time":"2022-08-10T16:20:33+00:00","og_image":[{"width":2240,"height":1260,"url":"https:\/\/farmacialisboa.es\/blog\/wp-content\/uploads\/2021\/12\/5.png","type":"image\/png"}],"author":"Farmac\u00e9utica Inmaculada Vicente","twitter_card":"summary_large_image","twitter_misc":{"Escrito por":"Farmac\u00e9utica Inmaculada Vicente","Tiempo de lectura":"5 minutos"},"schema":{"@context":"https:\/\/schema.org","@graph":[{"@type":"Article","@id":"https:\/\/farmacialisboa.es\/blog\/nuevo-serum-antioxidante-ultra-sod-2353.html#article","isPartOf":{"@id":"https:\/\/farmacialisboa.es\/blog\/nuevo-serum-antioxidante-ultra-sod-2353.html"},"author":{"name":"Farmac\u00e9utica Inmaculada Vicente","@id":"https:\/\/farmacialisboa.es\/blog\/#\/schema\/person\/f90b0034ba245d9546a4e41e87116a3f"},"headline":"Nuevo s\u00e9rum antioxidante Ultra-SOD","datePublished":"2021-12-03T22:45:21+00:00","dateModified":"2022-08-10T16:20:33+00:00","mainEntityOfPage":{"@id":"https:\/\/farmacialisboa.es\/blog\/nuevo-serum-antioxidante-ultra-sod-2353.html"},"wordCount":1041,"publisher":{"@id":"https:\/\/farmacialisboa.es\/blog\/#\/schema\/person\/f90b0034ba245d9546a4e41e87116a3f"},"image":{"@id":"https:\/\/farmacialisboa.es\/blog\/nuevo-serum-antioxidante-ultra-sod-2353.html#primaryimage"},"thumbnailUrl":"https:\/\/farmacialisboa.es\/blog\/wp-content\/uploads\/2021\/12\/5.png","keywords":["Antioxidantes","Dr. Arthouros Alba","Ultra-Sod"],"articleSection":["Dermocosm\u00e9tica"],"inLanguage":"es"},{"@type":"WebPage","@id":"https:\/\/farmacialisboa.es\/blog\/nuevo-serum-antioxidante-ultra-sod-2353.html","url":"https:\/\/farmacialisboa.es\/blog\/nuevo-serum-antioxidante-ultra-sod-2353.html","name":"Nuevo s\u00e9rum antioxidante Ultra-SOD - Blog de Farmacia Lisboa -","isPartOf":{"@id":"https:\/\/farmacialisboa.es\/blog\/#website"},"primaryImageOfPage":{"@id":"https:\/\/farmacialisboa.es\/blog\/nuevo-serum-antioxidante-ultra-sod-2353.html#primaryimage"},"image":{"@id":"https:\/\/farmacialisboa.es\/blog\/nuevo-serum-antioxidante-ultra-sod-2353.html#primaryimage"},"thumbnailUrl":"https:\/\/farmacialisboa.es\/blog\/wp-content\/uploads\/2021\/12\/5.png","datePublished":"2021-12-03T22:45:21+00:00","dateModified":"2022-08-10T16:20:33+00:00","description":"A un mes escaso de terminar el a\u00f1o, el Dr. Arthouros Alba y la Dra. Rubira nos han sorprendido con un nuevo lanzamiento:\u00a0Nuevo s\u00e9rum antioxidante Ultra-SOD","breadcrumb":{"@id":"https:\/\/farmacialisboa.es\/blog\/nuevo-serum-antioxidante-ultra-sod-2353.html#breadcrumb"},"inLanguage":"es","potentialAction":[{"@type":"ReadAction","target":["https:\/\/farmacialisboa.es\/blog\/nuevo-serum-antioxidante-ultra-sod-2353.html"]}]},{"@type":"ImageObject","inLanguage":"es","@id":"https:\/\/farmacialisboa.es\/blog\/nuevo-serum-antioxidante-ultra-sod-2353.html#primaryimage","url":"https:\/\/farmacialisboa.es\/blog\/wp-content\/uploads\/2021\/12\/5.png","contentUrl":"https:\/\/farmacialisboa.es\/blog\/wp-content\/uploads\/2021\/12\/5.png","width":2240,"height":1260,"caption":"Nuevo s\u00e9rum antioxidante Ultra SOD"},{"@type":"BreadcrumbList","@id":"https:\/\/farmacialisboa.es\/blog\/nuevo-serum-antioxidante-ultra-sod-2353.html#breadcrumb","itemListElement":[{"@type":"ListItem","position":1,"name":"Home","item":"https:\/\/farmacialisboa.es\/blog"},{"@type":"ListItem","position":2,"name":"Nuevo s\u00e9rum antioxidante Ultra-SOD"}]},{"@type":"WebSite","@id":"https:\/\/farmacialisboa.es\/blog\/#website","url":"https:\/\/farmacialisboa.es\/blog\/","name":"Blog de Farmacia Lisboa -","description":"Consejos sobre salud y bienestar, productos de farmacia online, tratamientos novedosos, cosm\u00e9tica y m\u00e1s.","publisher":{"@id":"https:\/\/farmacialisboa.es\/blog\/#\/schema\/person\/f90b0034ba245d9546a4e41e87116a3f"},"potentialAction":[{"@type":"SearchAction","target":{"@type":"EntryPoint","urlTemplate":"https:\/\/farmacialisboa.es\/blog\/?s={search_term_string}"},"query-input":{"@type":"PropertyValueSpecification","valueRequired":true,"valueName":"search_term_string"}}],"inLanguage":"es"},{"@type":["Person","Organization"],"@id":"https:\/\/farmacialisboa.es\/blog\/#\/schema\/person\/f90b0034ba245d9546a4e41e87116a3f","name":"Farmac\u00e9utica Inmaculada Vicente","image":{"@type":"ImageObject","inLanguage":"es","@id":"https:\/\/farmacialisboa.es\/blog\/#\/schema\/person\/image\/","url":"https:\/\/secure.gravatar.com\/avatar\/e0893039af7245eb9fe370eae0410a9e?s=96&d=mm&r=g","contentUrl":"https:\/\/secure.gravatar.com\/avatar\/e0893039af7245eb9fe370eae0410a9e?s=96&d=mm&r=g","caption":"Farmac\u00e9utica Inmaculada Vicente"},"logo":{"@id":"https:\/\/farmacialisboa.es\/blog\/#\/schema\/person\/image\/"},"url":"https:\/\/farmacialisboa.es\/blog\/author\/soporte_u4027r77"}]}},"_links":{"self":[{"href":"https:\/\/farmacialisboa.es\/blog\/wp-json\/wp\/v2\/posts\/2353","targetHints":{"allow":["GET"]}}],"collection":[{"href":"https:\/\/farmacialisboa.es\/blog\/wp-json\/wp\/v2\/posts"}],"about":[{"href":"https:\/\/farmacialisboa.es\/blog\/wp-json\/wp\/v2\/types\/post"}],"author":[{"embeddable":true,"href":"https:\/\/farmacialisboa.es\/blog\/wp-json\/wp\/v2\/users\/1"}],"replies":[{"embeddable":true,"href":"https:\/\/farmacialisboa.es\/blog\/wp-json\/wp\/v2\/comments?post=2353"}],"version-history":[{"count":8,"href":"https:\/\/farmacialisboa.es\/blog\/wp-json\/wp\/v2\/posts\/2353\/revisions"}],"predecessor-version":[{"id":3099,"href":"https:\/\/farmacialisboa.es\/blog\/wp-json\/wp\/v2\/posts\/2353\/revisions\/3099"}],"wp:featuredmedia":[{"embeddable":true,"href":"https:\/\/farmacialisboa.es\/blog\/wp-json\/wp\/v2\/media\/2610"}],"wp:attachment":[{"href":"https:\/\/farmacialisboa.es\/blog\/wp-json\/wp\/v2\/media?parent=2353"}],"wp:term":[{"taxonomy":"category","embeddable":true,"href":"https:\/\/farmacialisboa.es\/blog\/wp-json\/wp\/v2\/categories?post=2353"},{"taxonomy":"post_tag","embeddable":true,"href":"https:\/\/farmacialisboa.es\/blog\/wp-json\/wp\/v2\/tags?post=2353"}],"curies":[{"name":"wp","href":"https:\/\/api.w.org\/{rel}","templated":true}]}}