{"id":2624,"date":"2022-07-11T20:21:08","date_gmt":"2022-07-11T20:21:08","guid":{"rendered":"https:\/\/farmacialisboa.es\/blog\/?p=2624"},"modified":"2022-07-12T17:00:25","modified_gmt":"2022-07-12T17:00:25","slug":"bruma-botanica-activa-calma","status":"publish","type":"post","link":"https:\/\/farmacialisboa.es\/blog\/bruma-botanica-activa-calma-2624.html","title":{"rendered":"Bruma Bot\u00e1nica Activa Calma"},"content":{"rendered":"<p>Los problemas de piel sensible o reactiva son cada vez mas frecuentes, es por eso que cada vez existen mas productos cosm\u00e9ticos especialmente pensados para ellas, como la nueva&nbsp;F\u00f3rmula: Bruma Bot\u00e1nica Activa Calma Extrema.<\/p>\n<p>Se trata de un estado cut\u00e1neo de&nbsp;<strong>hiperreactividad<\/strong>, cuya manifestaci\u00f3n depende de gran variedad de factores y cuya etiolog\u00eda no es del todo conocida.<\/p>\n<p style=\"font-weight: 400;\">Los estudios epidemiol\u00f3gicos ponen de manifiesto que cada vez son m\u00e1s las personas que dicen poseer una piel sensible, se calcula una prevalencia del 50% en la poblaci\u00f3n europea.<\/p>\n<h3>\u00bfQu\u00e9 es una piel reactiva?<\/h3>\n<p style=\"font-weight: 400;\">La <strong>piel reactiva&nbsp; o hiperreactividad de la piel<\/strong> es una enfermedad inflamatoria de la&nbsp;piel que&nbsp;se caracteriza por un enrojecimiento y sequedad de la&nbsp;<strong>piel <\/strong>que&nbsp;provoca picor y rascado. Es benigna y no contagiosa. Es cr\u00f3nica y cada vez m\u00e1s presente.<\/p>\n<p style=\"font-weight: 400;\"><a href=\"https:\/\/fundacionpielsana.es\">Las&nbsp;<strong>pieles sensibles y reactivas<\/strong>&nbsp;no suponen una&nbsp;afecci\u00f3n contagiosa, aunque pueda provocar mucha incomodidad a la persona que la sufre. <\/a><\/p>\n<p style=\"font-weight: 400;\">Como hemos dicho, suele aparecer de manera peri\u00f3dica, aunque con el tiempo puede volverse cr\u00f3nica.<\/p>\n<p style=\"font-weight: 400;\">Aunque puede llamarse de diferentes formas, una piel sensible y una&nbsp;<strong>piel reactiva e intolerante<\/strong>&nbsp;hacen referencia al mismo problema.<\/p>\n<h3>\u00bfPor qu\u00e9 se caracteriza una piel sensible o reactiva?<\/h3>\n<p><strong>Una piel &nbsp;sensible reactiva<\/strong>, por encima de todo, es una afecci\u00f3n molesta para quien la sufre, y se puede manifestar a trav\u00e9s de diversos s\u00edntomas:<\/p>\n<ul style=\"font-weight: 400;\">\n<li><strong>Picor<\/strong>&nbsp;o sensaci\u00f3n de calor.<\/li>\n<li>Aparici\u00f3n de&nbsp;<strong>rojeces<\/strong>, la cuperosis facial&nbsp;es la irritaci\u00f3n de los vasos sangu\u00edneos que se dilatan y se hacen visibles a trav\u00e9s de la piel. Suele aparecer por brotes, y los cambios de temperatura suelen favorecer que se presente.<\/li>\n<li><strong>Sequedad<\/strong>&nbsp;y tirantez.<\/li>\n<li><strong>Ardor en la piel<\/strong>, lo que llega a provocar irritaci\u00f3n.<\/li>\n<li>Descamaci\u00f3n.<\/li>\n<\/ul>\n<p style=\"font-weight: 400;\">Estas sensaciones se deben a una deficiencia en la funci\u00f3n barrera de la piel (su capa m\u00e1s externa) e hipersensibilidad de las terminaciones nerviosas, que emiten se\u00f1ales de dolor en respuesta a est\u00edmulos inofensivos.<\/p>\n<p style=\"font-weight: 400;\">No se sabe exactamente por qu\u00e9 se experimentan, pero s\u00ed se sabe que estos s\u00edntomas pueden manifestarse a ra\u00edz de m\u00faltiples factores desencadenantes, tanto internos como externos.<\/p>\n<p style=\"font-weight: 400;\">En cualquier caso se trata de una respuesta exagerada que provoca malestar y puede llegar a generar intolerancia a ciertos productos.<\/p>\n<p>&nbsp;<\/p>\n<h3>Factores que pueden desencadenar la hiperreactividad de la piel<\/h3>\n<p>La caracter\u00edstica principal de este problema es la extrema&nbsp;<b>sensibilidad en la piel<\/b>&nbsp;hacia factores externos, (exposoma), y a otros internos, (determinados alimentos), y por supuesto, las emociones.<\/p>\n<ul>\n<li style=\"font-weight: 400;\">Los cambios de temperatura.<\/li>\n<li style=\"font-weight: 400;\">La contaminaci\u00f3n.<\/li>\n<li style=\"font-weight: 400;\">El sol.<\/li>\n<li style=\"font-weight: 400;\">Cosm\u00e9ticos inadecuados.<\/li>\n<li style=\"font-weight: 400;\">La comida picante.<\/li>\n<li>El alcohol.<\/li>\n<li>La intolerancia al gluten.<\/li>\n<li>Los cambios hormonales.<\/li>\n<li>El roce con determinados tejidos.<\/li>\n<li>El estr\u00e9s y las emociones intensas.<\/li>\n<\/ul>\n<div id=\"attachment_2625\" style=\"width: 1034px\" class=\"wp-caption alignnone\"><img loading=\"lazy\" decoding=\"async\" aria-describedby=\"caption-attachment-2625\" class=\"size-large wp-image-2625\" src=\"https:\/\/farmacialisboa.es\/blog\/wp-content\/uploads\/2022\/07\/5-1024x576.png\" alt=\"Piel sensible o reactiva\" width=\"1024\" height=\"576\" srcset=\"https:\/\/farmacialisboa.es\/blog\/wp-content\/uploads\/2022\/07\/5-1024x576.png 1024w, https:\/\/farmacialisboa.es\/blog\/wp-content\/uploads\/2022\/07\/5-300x169.png 300w, https:\/\/farmacialisboa.es\/blog\/wp-content\/uploads\/2022\/07\/5-768x432.png 768w, https:\/\/farmacialisboa.es\/blog\/wp-content\/uploads\/2022\/07\/5-1536x864.png 1536w, https:\/\/farmacialisboa.es\/blog\/wp-content\/uploads\/2022\/07\/5-2048x1152.png 2048w\" sizes=\"auto, (max-width: 1024px) 100vw, 1024px\" \/><p id=\"caption-attachment-2625\" class=\"wp-caption-text\">Piel sensible o reactiva<\/p><\/div>\n<h3>\u00bfQu\u00e9 necesidades y demandas presenta una piel sensible y\/o reactiva?<\/h3>\n<ul style=\"font-weight: 400;\">\n<li>Generalmente, necesita calmar ardor, tirantez y picor.<\/li>\n<li>Es habitual una p\u00e9rdida de elasticidad.<\/li>\n<li>En ocasiones, origina peque\u00f1as fisuras y descamaci\u00f3n facilitando la penetraci\u00f3n de sustancias agresivas e irritantes.<\/li>\n<li>El aspecto de este tipo de piel es fr\u00e1gil.<\/li>\n<li>Es posible que presenten un espesor fino.<\/li>\n<li>As\u00ed mismo, tendencia a perder la integridad de su funci\u00f3n barrera.<\/li>\n<li>Capa c\u00f3rnea engrosada.<\/li>\n<li>Rojeces difusas.<\/li>\n<li>Tacto rugoso.<\/li>\n<li>Descamaci\u00f3n.<\/li>\n<li>Reactiva frente a est\u00edmulos a los que una piel normal no reacciona.<\/li>\n<li>Aumenta la posibilidad de desencadenar reacciones al\u00e9rgicas (menos frecuente).<\/li>\n<li>Tolera mal el sol, se broncea con dificultad, y suele aparecer eritema.<\/li>\n<\/ul>\n<h3>Nueva&nbsp;F\u00f3rmula Bruma Bot\u00e1nica Activa Calma Extrema<\/h3>\n<p><a href=\"https:\/\/www.telva.com\/belleza\/2019\/10\/16\/5da6f26a02136e673b8b45e2.html\">Un nuevo producto con efectos&nbsp;calmantes, hidratantes y refrescantes de inmediato,&nbsp;una combinaci\u00f3n rom\u00e1ntica de extractos bot\u00e1nicos fiel a la ciencia&nbsp;con capacidad de bajar entre dos y tres grados la temperatura facial.<\/a><\/p>\n<p style=\"font-weight: 400;\">De olor sutil y elegante, que evoca el aroma de la hierba mojada y que aporta frescor y bienestar instantaneamente en un formato sin contacto.<\/p>\n<h3>F\u00f3rmula: Bruma Bot\u00e1nica Activa Calma Extrema.&nbsp;Efectos calmantes, hidratantes y refrescantes de inmediato.<\/h3>\n<p style=\"font-weight: 400;\">Una bruma indicada para pieles irritadas, enrojecidas, y alteradas. Para pieles con tendencia a la pigmentaci\u00f3n. Pieles con falta de vitalidad e hidrataci\u00f3n. Una bruma de acci\u00f3n calmante inmediata y acci\u00f3n antipigmentaci\u00f3n y antioxidante.<\/p>\n<p style=\"font-weight: 400;\">La F\u00f3rmulaBruma Bot\u00e1nica Activa Calma Extrema, es una bruma calmante e hidratante inmediata. Alivia y calma las irritaciones y estr\u00e9s de la piel de forma instant\u00e1nea.<\/p>\n<p style=\"font-weight: 400;\">Gracias a su combinaci\u00f3n \u00fanica de extractos bot\u00e1nicos y \u00e1cido hialur\u00f3nico hidrolizado, la piel recobra sus niveles de confort en un tiempo r\u00e9cord. Adem\u00e1s, contiene agentes antioxidante y agentes que previenen la pigmentaci\u00f3n asociada a los factores externos y a las pieles enrojecidas o con imperfecciones.<\/p>\n<div id=\"attachment_2626\" style=\"width: 1034px\" class=\"wp-caption alignnone\"><img loading=\"lazy\" decoding=\"async\" aria-describedby=\"caption-attachment-2626\" class=\"size-large wp-image-2626\" src=\"https:\/\/farmacialisboa.es\/blog\/wp-content\/uploads\/2022\/07\/3-1024x576.png\" alt=\"F\u00f3rmula Bruma Bot\u00e1nica Activa calma\" width=\"1024\" height=\"576\" srcset=\"https:\/\/farmacialisboa.es\/blog\/wp-content\/uploads\/2022\/07\/3-1024x576.png 1024w, https:\/\/farmacialisboa.es\/blog\/wp-content\/uploads\/2022\/07\/3-300x169.png 300w, https:\/\/farmacialisboa.es\/blog\/wp-content\/uploads\/2022\/07\/3-768x432.png 768w, https:\/\/farmacialisboa.es\/blog\/wp-content\/uploads\/2022\/07\/3-1536x864.png 1536w, https:\/\/farmacialisboa.es\/blog\/wp-content\/uploads\/2022\/07\/3-2048x1152.png 2048w\" sizes=\"auto, (max-width: 1024px) 100vw, 1024px\" \/><p id=\"caption-attachment-2626\" class=\"wp-caption-text\">F\u00f3rmula Bruma Bot\u00e1nica Activa calma<\/p><\/div>\n<h3>&nbsp; &nbsp; &nbsp; &nbsp; &nbsp; &nbsp; &nbsp; &nbsp; &nbsp; &nbsp; &nbsp; &nbsp; &nbsp; &nbsp; &nbsp; &nbsp; &nbsp; &nbsp; &nbsp; &nbsp; &nbsp; &nbsp; &nbsp; &nbsp; &nbsp; &nbsp; &nbsp; &nbsp; &nbsp; &nbsp; &nbsp; &nbsp; &nbsp; &nbsp; &nbsp; &nbsp; &nbsp; &nbsp;&nbsp;<a class=\"fasc-button fasc-size-medium fasc-type-glossy fasc-rounded-medium fasc-ico-before dashicons-arrow-right\" style=\"background-color: #b7bd93; color: #ffffff;\" target=\"_blank\" rel=\"noopener noreferrer\" href=\"https:\/\/farmacialisboa.es\/comprar\/drarthouros-alba-bruma-botanica\">comprar F\u00f3rmula Bruma Bot\u00e1nica Activa Calma Extrema<\/a><\/h3>\n<h3 style=\"font-weight: 400;\"><a href=\"https:\/\/farmacialisboa.es\/blog\/la-solucion-eficaz-para-las-alteraciones-de-la-piel-2258.html\"><b>Acci\u00f3n calmante inmediata<\/b><\/a><\/h3>\n<p style=\"font-weight: 400;\">De uso diario y de aplicaci\u00f3n a demanda, todo tipo de pieles pueden beneficiarse de sus efectos, desde pieles con ros\u00e1cea, embarazadas y pieles despu\u00e9s del afeitado o de someterse tratamientos como l\u00e1ser.<\/p>\n<p style=\"font-weight: 400;\">Un par de pulverizaciones a una distancia de 15 cm de la piel ser\u00e1n suficientes para notar sus&nbsp;<b>efectos calmantes, hidratantes y refrescantes inmediatamente<\/b>.<\/p>\n<p><strong>INGREDIENTES ACTIVOS<\/strong><\/p>\n<p style=\"font-weight: 400;\">Potente mezcla de ingredientes activos con propiedades retexturizantes y queratol\u00edticas, antiinflamatorias, clarificadoras, antienvejecimiento e iluminadoras de la piel.<\/p>\n<ul>\n<li><strong>\u00c1cido hialur\u00f3nico hidrolizado de bajo peso molecular:&nbsp;<\/strong>Altamente eficaz en la reducci\u00f3n del tama\u00f1o y la profundidad de las arrugas. Asimismo hidrata en profundidad y mejora la elasticidad y la vitalidad de la piel<\/li>\n<li><strong>Algod\u00f3n<\/strong>: Extracto de algod\u00f3n rico en carbohidratos y prote\u00ednas que aportan beneficios a la piel como son la hidrataci\u00f3n y los efectos acondicionadores.<\/li>\n<li><strong>Extracto de romero<\/strong>: Extracto con propiedades antioxidantes (antienvejecimiento), antiinflamatorias (perfecto para pieles sensibles e irritadas) y antimicrobianas (ayudando a la regulaci\u00f3n seb\u00e1cea).<\/li>\n<li><strong>Extracto de pomelo<\/strong>: Los ingredientes activos presentes, tales como carbohidratos, amino\u00e1cidos y alfa-hidroxi\u00e1cidos, son responsables de su efecto hidratante y su acci\u00f3n astringente. Tambi\u00e9n contiene vitamina C y A entre otras, confiri\u00e9ndole capacidad antioxidante y antienvejecimiento.<\/li>\n<li><strong>Extracto de pepino<\/strong>: Debido a su alto contenido en carbohidratos y vitaminas, es capaz de regular la p\u00e9rdida de agua transepid\u00e9rmica, evitando la deshidrataci\u00f3n. Adem\u00e1s, contiene vitamina C, que aportan actividad antioxidante y antienvejecimiento. Por \u00faltimo, gracias a esto, aporta beneficios tales como la hidrataci\u00f3n junto con un efecto refrescante y descongestivo.<\/li>\n<li><strong>Complejo de hidrataci\u00f3n inmediata<\/strong><strong>(Adenosin Trifosfato (ATP) + \u00c1cido alg\u00ednico + Extracto de papaya carica):&nbsp;<\/strong>es capaz de optimizar el equilibrio h\u00eddrico de la epidermis. Produce un aumento inmediato de la hidrataci\u00f3n de la piel asegurando una apariencia m\u00e1s fresca y aumentando la humedad y la energ\u00eda natural de la misma.<\/li>\n<li><strong>Extracto de Hammamelis + extracto de fruto de cilantro + concentrado de oliva<\/strong>:&nbsp;<strong>Complejo bot\u00e1nico con actividad blanqueante y antioxidante<\/strong> indicado para reducir el tama\u00f1o de las manchas mostrando as\u00ed una actividad blanqueante. Tambi\u00e9n previene la degradaci\u00f3n del col\u00e1geno y la elastina mostrando as\u00ed una actividad reafirmante, antiedad y antiarrugas.<\/li>\n<\/ul>\n<div id=\"attachment_2627\" style=\"width: 1034px\" class=\"wp-caption alignnone\"><img loading=\"lazy\" decoding=\"async\" aria-describedby=\"caption-attachment-2627\" class=\"size-large wp-image-2627\" src=\"https:\/\/farmacialisboa.es\/blog\/wp-content\/uploads\/2022\/07\/4-1024x576.png\" alt=\"F\u00f3rmula Bruma Bot\u00e1nica Activa Calma extrema\" width=\"1024\" height=\"576\" srcset=\"https:\/\/farmacialisboa.es\/blog\/wp-content\/uploads\/2022\/07\/4-1024x576.png 1024w, https:\/\/farmacialisboa.es\/blog\/wp-content\/uploads\/2022\/07\/4-300x169.png 300w, https:\/\/farmacialisboa.es\/blog\/wp-content\/uploads\/2022\/07\/4-768x432.png 768w, https:\/\/farmacialisboa.es\/blog\/wp-content\/uploads\/2022\/07\/4-1536x864.png 1536w, https:\/\/farmacialisboa.es\/blog\/wp-content\/uploads\/2022\/07\/4-2048x1152.png 2048w\" sizes=\"auto, (max-width: 1024px) 100vw, 1024px\" \/><p id=\"caption-attachment-2627\" class=\"wp-caption-text\">F\u00f3rmula Bruma Bot\u00e1nica Activa Calma extrema<\/p><\/div>\n<h3 style=\"font-weight: 400;\"><strong>\u00bfC\u00f3mo lo aplicamos en nuestra rutina?&nbsp;<\/strong><\/h3>\n<p style=\"font-weight: 400;\"><strong>Ma\u00f1ana:&nbsp;<\/strong>Antes del SPF 50+ y durante el d\u00eda puede reaplicarse siempre que se quiera.<br \/>\n<strong>Noche:&nbsp;<\/strong>Aplicaremos la F\u00f3rmula Bruma Bot\u00e1nica Activa Calma Extrema en pieles que sean reactivas o que est\u00e9n irritadas como \u00faltimo paso de la rutina nocturna, evitando de esta manera sobrecargar la piel.<\/p>\n<p>Pero, adem\u00e1s, podremos llevarnos la&nbsp;<strong>Nueva&nbsp;F\u00f3rmula Bruma Bot\u00e1nica Activa Calma Extrema<\/strong> en el bolso y replicar cuantas veces sea necesario.<\/p>\n<p>&nbsp;<\/p>\n<p>Ya disponible en la Farmacia y en nuestra web. &nbsp; &nbsp; &nbsp; &nbsp; &nbsp; &nbsp; &nbsp; &nbsp; &nbsp; &nbsp; &nbsp; &nbsp; &nbsp; &nbsp; &nbsp; &nbsp; &nbsp;<a class=\"fasc-button fasc-size-medium fasc-type-glossy fasc-rounded-medium fasc-ico-before dashicons-arrow-right\" style=\"background-color: #bec28e; color: #ffffff;\" href=\"https:\/\/farmacialisboa.es\/comprar\/drarthouros-alba-bruma-botanica\">comprar F\u00f3rmula Bruma Bot\u00e1nica Activa Calma Extrema<\/a><\/p>\n<p>&nbsp;<\/p>\n<p style=\"font-weight: 400;\"><strong>\u00abAutocuidado, Salud y Belleza\u00bb<\/strong><\/p>\n<p><strong>Inmaculada Vicente Mar\u00eda<\/strong><\/p>\n<p>&nbsp;<\/p>\n","protected":false},"excerpt":{"rendered":"<p>Los problemas de piel sensible o reactiva son cada vez mas frecuentes, es por eso que cada vez existen mas<\/p>\n","protected":false},"author":1,"featured_media":2628,"comment_status":"closed","ping_status":"closed","sticky":false,"template":"","format":"standard","meta":{"_exactmetrics_skip_tracking":false,"_exactmetrics_sitenote_active":false,"_exactmetrics_sitenote_note":"","_exactmetrics_sitenote_category":0,"footnotes":""},"categories":[1,23],"tags":[5300,2689],"class_list":["post-2624","post","type-post","status-publish","format-standard","has-post-thumbnail","hentry","category-consejos-de-salud","category-dermocosmetica","tag-piel-reactiva","tag-piel-sensible"],"yoast_head":"<!-- This site is optimized with the Yoast SEO plugin v24.7 - https:\/\/yoast.com\/wordpress\/plugins\/seo\/ -->\n<title>Bruma Bot\u00e1nica Activa Calma - Blog de Farmacia Lisboa -<\/title>\n<meta name=\"description\" content=\"Los problemas de piel sensible o reactiva son cada vez mas frecuentes, para ellas nace la nueva\u00a0F\u00f3rmula: Bruma Bot\u00e1nica Activa Calma extrema.\u00a0\" \/>\n<meta name=\"robots\" content=\"index, follow, max-snippet:-1, max-image-preview:large, max-video-preview:-1\" \/>\n<link rel=\"canonical\" href=\"https:\/\/farmacialisboa.es\/blog\/bruma-botanica-activa-calma-2624.html\" \/>\n<meta property=\"og:locale\" content=\"es_ES\" \/>\n<meta property=\"og:type\" content=\"article\" \/>\n<meta property=\"og:title\" content=\"Bruma Bot\u00e1nica Activa Calma - Blog de Farmacia Lisboa -\" \/>\n<meta property=\"og:description\" content=\"Los problemas de piel sensible o reactiva son cada vez mas frecuentes, para ellas nace la nueva\u00a0F\u00f3rmula: Bruma Bot\u00e1nica Activa Calma extrema.\u00a0\" \/>\n<meta property=\"og:url\" content=\"https:\/\/farmacialisboa.es\/blog\/bruma-botanica-activa-calma-2624.html\" \/>\n<meta property=\"og:site_name\" content=\"Blog de Farmacia Lisboa -\" \/>\n<meta property=\"article:published_time\" content=\"2022-07-11T20:21:08+00:00\" \/>\n<meta property=\"article:modified_time\" content=\"2022-07-12T17:00:25+00:00\" \/>\n<meta property=\"og:image\" content=\"https:\/\/farmacialisboa.es\/blog\/wp-content\/uploads\/2022\/07\/3-1.png\" \/>\n\t<meta property=\"og:image:width\" content=\"2240\" \/>\n\t<meta property=\"og:image:height\" content=\"1260\" \/>\n\t<meta property=\"og:image:type\" content=\"image\/png\" \/>\n<meta name=\"author\" content=\"Farmac\u00e9utica Inmaculada Vicente\" \/>\n<meta name=\"twitter:card\" content=\"summary_large_image\" \/>\n<meta name=\"twitter:label1\" content=\"Escrito por\" \/>\n\t<meta name=\"twitter:data1\" content=\"Farmac\u00e9utica Inmaculada Vicente\" \/>\n\t<meta name=\"twitter:label2\" content=\"Tiempo de lectura\" \/>\n\t<meta name=\"twitter:data2\" content=\"7 minutos\" \/>\n<script type=\"application\/ld+json\" class=\"yoast-schema-graph\">{\"@context\":\"https:\/\/schema.org\",\"@graph\":[{\"@type\":\"Article\",\"@id\":\"https:\/\/farmacialisboa.es\/blog\/bruma-botanica-activa-calma-2624.html#article\",\"isPartOf\":{\"@id\":\"https:\/\/farmacialisboa.es\/blog\/bruma-botanica-activa-calma-2624.html\"},\"author\":{\"name\":\"Farmac\u00e9utica Inmaculada Vicente\",\"@id\":\"https:\/\/farmacialisboa.es\/blog\/#\/schema\/person\/f90b0034ba245d9546a4e41e87116a3f\"},\"headline\":\"Bruma Bot\u00e1nica Activa Calma\",\"datePublished\":\"2022-07-11T20:21:08+00:00\",\"dateModified\":\"2022-07-12T17:00:25+00:00\",\"mainEntityOfPage\":{\"@id\":\"https:\/\/farmacialisboa.es\/blog\/bruma-botanica-activa-calma-2624.html\"},\"wordCount\":1428,\"publisher\":{\"@id\":\"https:\/\/farmacialisboa.es\/blog\/#\/schema\/person\/f90b0034ba245d9546a4e41e87116a3f\"},\"image\":{\"@id\":\"https:\/\/farmacialisboa.es\/blog\/bruma-botanica-activa-calma-2624.html#primaryimage\"},\"thumbnailUrl\":\"https:\/\/farmacialisboa.es\/blog\/wp-content\/uploads\/2022\/07\/3-1.png\",\"keywords\":[\"Piel reactiva\",\"Piel sensible\"],\"articleSection\":[\"Consejos de Salud\",\"Dermocosm\u00e9tica\"],\"inLanguage\":\"es\"},{\"@type\":\"WebPage\",\"@id\":\"https:\/\/farmacialisboa.es\/blog\/bruma-botanica-activa-calma-2624.html\",\"url\":\"https:\/\/farmacialisboa.es\/blog\/bruma-botanica-activa-calma-2624.html\",\"name\":\"Bruma Bot\u00e1nica Activa Calma - Blog de Farmacia Lisboa -\",\"isPartOf\":{\"@id\":\"https:\/\/farmacialisboa.es\/blog\/#website\"},\"primaryImageOfPage\":{\"@id\":\"https:\/\/farmacialisboa.es\/blog\/bruma-botanica-activa-calma-2624.html#primaryimage\"},\"image\":{\"@id\":\"https:\/\/farmacialisboa.es\/blog\/bruma-botanica-activa-calma-2624.html#primaryimage\"},\"thumbnailUrl\":\"https:\/\/farmacialisboa.es\/blog\/wp-content\/uploads\/2022\/07\/3-1.png\",\"datePublished\":\"2022-07-11T20:21:08+00:00\",\"dateModified\":\"2022-07-12T17:00:25+00:00\",\"description\":\"Los problemas de piel sensible o reactiva son cada vez mas frecuentes, para ellas nace la nueva\u00a0F\u00f3rmula: Bruma Bot\u00e1nica Activa Calma extrema.\u00a0\",\"breadcrumb\":{\"@id\":\"https:\/\/farmacialisboa.es\/blog\/bruma-botanica-activa-calma-2624.html#breadcrumb\"},\"inLanguage\":\"es\",\"potentialAction\":[{\"@type\":\"ReadAction\",\"target\":[\"https:\/\/farmacialisboa.es\/blog\/bruma-botanica-activa-calma-2624.html\"]}]},{\"@type\":\"ImageObject\",\"inLanguage\":\"es\",\"@id\":\"https:\/\/farmacialisboa.es\/blog\/bruma-botanica-activa-calma-2624.html#primaryimage\",\"url\":\"https:\/\/farmacialisboa.es\/blog\/wp-content\/uploads\/2022\/07\/3-1.png\",\"contentUrl\":\"https:\/\/farmacialisboa.es\/blog\/wp-content\/uploads\/2022\/07\/3-1.png\",\"width\":2240,\"height\":1260,\"caption\":\"F\u00f3rmula Bruma Bot\u00e1nica Activa Calma extrema\"},{\"@type\":\"BreadcrumbList\",\"@id\":\"https:\/\/farmacialisboa.es\/blog\/bruma-botanica-activa-calma-2624.html#breadcrumb\",\"itemListElement\":[{\"@type\":\"ListItem\",\"position\":1,\"name\":\"Home\",\"item\":\"https:\/\/farmacialisboa.es\/blog\"},{\"@type\":\"ListItem\",\"position\":2,\"name\":\"Bruma Bot\u00e1nica Activa Calma\"}]},{\"@type\":\"WebSite\",\"@id\":\"https:\/\/farmacialisboa.es\/blog\/#website\",\"url\":\"https:\/\/farmacialisboa.es\/blog\/\",\"name\":\"Blog de Farmacia Lisboa -\",\"description\":\"Consejos sobre salud y bienestar, productos de farmacia online, tratamientos novedosos, cosm\u00e9tica y m\u00e1s.\",\"publisher\":{\"@id\":\"https:\/\/farmacialisboa.es\/blog\/#\/schema\/person\/f90b0034ba245d9546a4e41e87116a3f\"},\"potentialAction\":[{\"@type\":\"SearchAction\",\"target\":{\"@type\":\"EntryPoint\",\"urlTemplate\":\"https:\/\/farmacialisboa.es\/blog\/?s={search_term_string}\"},\"query-input\":{\"@type\":\"PropertyValueSpecification\",\"valueRequired\":true,\"valueName\":\"search_term_string\"}}],\"inLanguage\":\"es\"},{\"@type\":[\"Person\",\"Organization\"],\"@id\":\"https:\/\/farmacialisboa.es\/blog\/#\/schema\/person\/f90b0034ba245d9546a4e41e87116a3f\",\"name\":\"Farmac\u00e9utica Inmaculada Vicente\",\"image\":{\"@type\":\"ImageObject\",\"inLanguage\":\"es\",\"@id\":\"https:\/\/farmacialisboa.es\/blog\/#\/schema\/person\/image\/\",\"url\":\"https:\/\/secure.gravatar.com\/avatar\/e0893039af7245eb9fe370eae0410a9e?s=96&d=mm&r=g\",\"contentUrl\":\"https:\/\/secure.gravatar.com\/avatar\/e0893039af7245eb9fe370eae0410a9e?s=96&d=mm&r=g\",\"caption\":\"Farmac\u00e9utica Inmaculada Vicente\"},\"logo\":{\"@id\":\"https:\/\/farmacialisboa.es\/blog\/#\/schema\/person\/image\/\"},\"url\":\"https:\/\/farmacialisboa.es\/blog\/author\/soporte_u4027r77\"}]}<\/script>\n<!-- \/ Yoast SEO plugin. -->","yoast_head_json":{"title":"Bruma Bot\u00e1nica Activa Calma - Blog de Farmacia Lisboa -","description":"Los problemas de piel sensible o reactiva son cada vez mas frecuentes, para ellas nace la nueva\u00a0F\u00f3rmula: Bruma Bot\u00e1nica Activa Calma extrema.\u00a0","robots":{"index":"index","follow":"follow","max-snippet":"max-snippet:-1","max-image-preview":"max-image-preview:large","max-video-preview":"max-video-preview:-1"},"canonical":"https:\/\/farmacialisboa.es\/blog\/bruma-botanica-activa-calma-2624.html","og_locale":"es_ES","og_type":"article","og_title":"Bruma Bot\u00e1nica Activa Calma - Blog de Farmacia Lisboa -","og_description":"Los problemas de piel sensible o reactiva son cada vez mas frecuentes, para ellas nace la nueva\u00a0F\u00f3rmula: Bruma Bot\u00e1nica Activa Calma extrema.\u00a0","og_url":"https:\/\/farmacialisboa.es\/blog\/bruma-botanica-activa-calma-2624.html","og_site_name":"Blog de Farmacia Lisboa -","article_published_time":"2022-07-11T20:21:08+00:00","article_modified_time":"2022-07-12T17:00:25+00:00","og_image":[{"width":2240,"height":1260,"url":"https:\/\/farmacialisboa.es\/blog\/wp-content\/uploads\/2022\/07\/3-1.png","type":"image\/png"}],"author":"Farmac\u00e9utica Inmaculada Vicente","twitter_card":"summary_large_image","twitter_misc":{"Escrito por":"Farmac\u00e9utica Inmaculada Vicente","Tiempo de lectura":"7 minutos"},"schema":{"@context":"https:\/\/schema.org","@graph":[{"@type":"Article","@id":"https:\/\/farmacialisboa.es\/blog\/bruma-botanica-activa-calma-2624.html#article","isPartOf":{"@id":"https:\/\/farmacialisboa.es\/blog\/bruma-botanica-activa-calma-2624.html"},"author":{"name":"Farmac\u00e9utica Inmaculada Vicente","@id":"https:\/\/farmacialisboa.es\/blog\/#\/schema\/person\/f90b0034ba245d9546a4e41e87116a3f"},"headline":"Bruma Bot\u00e1nica Activa Calma","datePublished":"2022-07-11T20:21:08+00:00","dateModified":"2022-07-12T17:00:25+00:00","mainEntityOfPage":{"@id":"https:\/\/farmacialisboa.es\/blog\/bruma-botanica-activa-calma-2624.html"},"wordCount":1428,"publisher":{"@id":"https:\/\/farmacialisboa.es\/blog\/#\/schema\/person\/f90b0034ba245d9546a4e41e87116a3f"},"image":{"@id":"https:\/\/farmacialisboa.es\/blog\/bruma-botanica-activa-calma-2624.html#primaryimage"},"thumbnailUrl":"https:\/\/farmacialisboa.es\/blog\/wp-content\/uploads\/2022\/07\/3-1.png","keywords":["Piel reactiva","Piel sensible"],"articleSection":["Consejos de Salud","Dermocosm\u00e9tica"],"inLanguage":"es"},{"@type":"WebPage","@id":"https:\/\/farmacialisboa.es\/blog\/bruma-botanica-activa-calma-2624.html","url":"https:\/\/farmacialisboa.es\/blog\/bruma-botanica-activa-calma-2624.html","name":"Bruma Bot\u00e1nica Activa Calma - Blog de Farmacia Lisboa -","isPartOf":{"@id":"https:\/\/farmacialisboa.es\/blog\/#website"},"primaryImageOfPage":{"@id":"https:\/\/farmacialisboa.es\/blog\/bruma-botanica-activa-calma-2624.html#primaryimage"},"image":{"@id":"https:\/\/farmacialisboa.es\/blog\/bruma-botanica-activa-calma-2624.html#primaryimage"},"thumbnailUrl":"https:\/\/farmacialisboa.es\/blog\/wp-content\/uploads\/2022\/07\/3-1.png","datePublished":"2022-07-11T20:21:08+00:00","dateModified":"2022-07-12T17:00:25+00:00","description":"Los problemas de piel sensible o reactiva son cada vez mas frecuentes, para ellas nace la nueva\u00a0F\u00f3rmula: Bruma Bot\u00e1nica Activa Calma extrema.\u00a0","breadcrumb":{"@id":"https:\/\/farmacialisboa.es\/blog\/bruma-botanica-activa-calma-2624.html#breadcrumb"},"inLanguage":"es","potentialAction":[{"@type":"ReadAction","target":["https:\/\/farmacialisboa.es\/blog\/bruma-botanica-activa-calma-2624.html"]}]},{"@type":"ImageObject","inLanguage":"es","@id":"https:\/\/farmacialisboa.es\/blog\/bruma-botanica-activa-calma-2624.html#primaryimage","url":"https:\/\/farmacialisboa.es\/blog\/wp-content\/uploads\/2022\/07\/3-1.png","contentUrl":"https:\/\/farmacialisboa.es\/blog\/wp-content\/uploads\/2022\/07\/3-1.png","width":2240,"height":1260,"caption":"F\u00f3rmula Bruma Bot\u00e1nica Activa Calma extrema"},{"@type":"BreadcrumbList","@id":"https:\/\/farmacialisboa.es\/blog\/bruma-botanica-activa-calma-2624.html#breadcrumb","itemListElement":[{"@type":"ListItem","position":1,"name":"Home","item":"https:\/\/farmacialisboa.es\/blog"},{"@type":"ListItem","position":2,"name":"Bruma Bot\u00e1nica Activa Calma"}]},{"@type":"WebSite","@id":"https:\/\/farmacialisboa.es\/blog\/#website","url":"https:\/\/farmacialisboa.es\/blog\/","name":"Blog de Farmacia Lisboa -","description":"Consejos sobre salud y bienestar, productos de farmacia online, tratamientos novedosos, cosm\u00e9tica y m\u00e1s.","publisher":{"@id":"https:\/\/farmacialisboa.es\/blog\/#\/schema\/person\/f90b0034ba245d9546a4e41e87116a3f"},"potentialAction":[{"@type":"SearchAction","target":{"@type":"EntryPoint","urlTemplate":"https:\/\/farmacialisboa.es\/blog\/?s={search_term_string}"},"query-input":{"@type":"PropertyValueSpecification","valueRequired":true,"valueName":"search_term_string"}}],"inLanguage":"es"},{"@type":["Person","Organization"],"@id":"https:\/\/farmacialisboa.es\/blog\/#\/schema\/person\/f90b0034ba245d9546a4e41e87116a3f","name":"Farmac\u00e9utica Inmaculada Vicente","image":{"@type":"ImageObject","inLanguage":"es","@id":"https:\/\/farmacialisboa.es\/blog\/#\/schema\/person\/image\/","url":"https:\/\/secure.gravatar.com\/avatar\/e0893039af7245eb9fe370eae0410a9e?s=96&d=mm&r=g","contentUrl":"https:\/\/secure.gravatar.com\/avatar\/e0893039af7245eb9fe370eae0410a9e?s=96&d=mm&r=g","caption":"Farmac\u00e9utica Inmaculada Vicente"},"logo":{"@id":"https:\/\/farmacialisboa.es\/blog\/#\/schema\/person\/image\/"},"url":"https:\/\/farmacialisboa.es\/blog\/author\/soporte_u4027r77"}]}},"_links":{"self":[{"href":"https:\/\/farmacialisboa.es\/blog\/wp-json\/wp\/v2\/posts\/2624","targetHints":{"allow":["GET"]}}],"collection":[{"href":"https:\/\/farmacialisboa.es\/blog\/wp-json\/wp\/v2\/posts"}],"about":[{"href":"https:\/\/farmacialisboa.es\/blog\/wp-json\/wp\/v2\/types\/post"}],"author":[{"embeddable":true,"href":"https:\/\/farmacialisboa.es\/blog\/wp-json\/wp\/v2\/users\/1"}],"replies":[{"embeddable":true,"href":"https:\/\/farmacialisboa.es\/blog\/wp-json\/wp\/v2\/comments?post=2624"}],"version-history":[{"count":4,"href":"https:\/\/farmacialisboa.es\/blog\/wp-json\/wp\/v2\/posts\/2624\/revisions"}],"predecessor-version":[{"id":2632,"href":"https:\/\/farmacialisboa.es\/blog\/wp-json\/wp\/v2\/posts\/2624\/revisions\/2632"}],"wp:featuredmedia":[{"embeddable":true,"href":"https:\/\/farmacialisboa.es\/blog\/wp-json\/wp\/v2\/media\/2628"}],"wp:attachment":[{"href":"https:\/\/farmacialisboa.es\/blog\/wp-json\/wp\/v2\/media?parent=2624"}],"wp:term":[{"taxonomy":"category","embeddable":true,"href":"https:\/\/farmacialisboa.es\/blog\/wp-json\/wp\/v2\/categories?post=2624"},{"taxonomy":"post_tag","embeddable":true,"href":"https:\/\/farmacialisboa.es\/blog\/wp-json\/wp\/v2\/tags?post=2624"}],"curies":[{"name":"wp","href":"https:\/\/api.w.org\/{rel}","templated":true}]}}