{"id":3349,"date":"2023-07-26T10:00:41","date_gmt":"2023-07-26T10:00:41","guid":{"rendered":"https:\/\/farmacialisboa.es\/blog\/?p=3349"},"modified":"2023-07-19T15:16:54","modified_gmt":"2023-07-19T15:16:54","slug":"broncea-y-cuida-tu-piel","status":"publish","type":"post","link":"https:\/\/farmacialisboa.es\/blog\/broncea-y-cuida-tu-piel-3349.html","title":{"rendered":"Broncea y cuida tu piel"},"content":{"rendered":"<div class=\"group w-full text-gray-800 dark:text-gray-100 border-b border-black\/10 dark:border-gray-900\/50 bg-gray-50 dark:bg-[#444654]\">\n<div class=\"flex p-4 gap-4 text-base md:gap-6 md:max-w-2xl lg:max-w-[38rem] xl:max-w-3xl md:py-6 lg:px-0 m-auto\">\n<div class=\"relative flex w-[calc(100%-50px)] flex-col gap-1 md:gap-3 lg:w-[calc(100%-115px)]\">\n<div class=\"flex flex-grow flex-col gap-3\">\n<div class=\"min-h-[20px] flex items-start overflow-x-auto whitespace-pre-wrap break-words flex-col gap-4\">\n<div class=\"markdown prose w-full break-words dark:prose-invert light\">\n<p>Consigue un Bronceado Radiante en menos tiempo con \u00abbeauty by Inma\u00bb Crema Ultra Bronceadora: Potenciadora del Bronceado con Vitamina E\u00bb que broncea y cuida tu piel.<\/p>\n<p><strong>Conseguir un Bonito Bronceado en Menor Tiempo de Exposici\u00f3n al Sol es posible con la Crema Ultra Bronceadora <a href=\"https:\/\/farmacialisboa.es\/blog\/cosmetica-farmaceutica-beauty-by-inma-1772.html\">\u00abbeauty by Inma\u00bb<\/a><\/strong><\/p>\n<p>\u00a1Logra un bronceado incre\u00edble en menos tiempo de exposici\u00f3n al sol!<\/p>\n<p>Beauty Crema Ultra Bronceadora es la soluci\u00f3n perfecta para intensificar tu color natural con su potente f\u00f3rmula enriquecida con UNIPERTAN + PHOTOTAN, estimulando la melanina para un bronceado intenso y duradero.<\/p>\n<p>Adem\u00e1s, su acci\u00f3n antioxidante con vitamina E protege tu piel de los da\u00f1os solares.<\/p>\n<p>Descubre c\u00f3mo obtener una piel radiante y cuidada con \u00abbeauty by Inma\u00bb Crema Ultra Bronceadora, el cosm\u00e9tico que broncea y cuida tu piel.<\/p>\n<p>\u00a1Aprovecha ahora y obt\u00e9n resultados sorprendentes!\u00bb<\/p>\n<h3><em><span style=\"color: #ff6600;\">Logra un Bronceado Intenso y Duradero &#8211; Broncea y cuida tu piel<\/span><\/em><\/h3>\n<p>\u00bfQuieres lucir un bronceado radiante y luminoso en menos tiempo de exposici\u00f3n al sol?<\/p>\n<p>La Crema Ultra Bronceadora \u00abbeauty by Inma\u00bb es tu aliada perfecta.<\/p>\n<p>Esta crema innovadora y potenciadora del bronceado te permitir\u00e1 obtener resultados sorprendentes, intensificando tu color natural de manera segura y efectiva.<\/p>\n<h5><em><span style=\"color: #ff6600;\"><strong>Activa la Melanina para un Bronceado Intenso y Duradero<\/strong><\/span><\/em><\/h5>\n<p>La clave para un bronceado espectacular est\u00e1 en la producci\u00f3n de melanina, el pigmento responsable del color de nuestra piel.<\/p>\n<p>La Crema Ultra Bronceadora Beauty contiene poderosos activos como el UNIPERTAN + PHOTOTAN, que estimulan la formaci\u00f3n de melanina en la piel.<\/p>\n<p>Aplicada antes de la exposici\u00f3n solar, esta crema prepara tu piel, permiti\u00e9ndole broncearse m\u00e1s r\u00e1pidamente y con un tono m\u00e1s intenso y duradero.<\/p>\n<p>Adem\u00e1s de intensificar el bronceado, esta crema ultra bronceadora tambi\u00e9n act\u00faa como un hidratante profundo, manteniendo tu piel suave y flexible durante todo el proceso.<\/p>\n<p>Su f\u00f3rmula enriquecida con vitamina E, un eficaz antioxidante, protege tu piel de los da\u00f1os causados por los radicales libres generados por la exposici\u00f3n al sol, lo que ayuda a prevenir el envejecimiento prematuro y el deterioro cut\u00e1neo.<\/p>\n<h5><em><span style=\"color: #ff6600;\"><strong>Prepara tu Piel y Mant\u00e9n el Bronceado por M\u00e1s Tiempo<\/strong><\/span><\/em><\/h5>\n<p>No solo es una crema para antes del sol, sino que tambi\u00e9n es ideal para aplicarla despu\u00e9s de la exposici\u00f3n solar.<\/p>\n<p>Su acci\u00f3n antioxidante y su capacidad de mantener la piel hidratada contribuyen a frenar el da\u00f1o solar y a mejorar la apariencia del bronceado.<\/p>\n<p>Con \u00abbeauty by Inma\u00bb Crema Ultra Bronceadora, conseguir\u00e1s un bronceado dorado y saludable que perdurar\u00e1 por m\u00e1s tiempo.<\/p>\n<h3><span style=\"color: #ff6600;\"><em>\u00abbeauty by Inma\u00bb Crema Ultra Bronceadora &#8211; Potenciando el Color Natural de tu Piel<\/em><\/span><\/h3>\n<p>\u00bfQuieres acelerar y realzar tu bronceado para lucir una piel resplandeciente en poco tiempo?<\/p>\n<p>La Crema Ultra Bronceadora \u00abbeauty by Inma\u00bb es la clave para lograrlo, ya que bronces y cuida tu piel en un solo gesto.<\/p>\n<p>Esta crema potenciadora del bronceado, dise\u00f1ada para su uso antes y despu\u00e9s de la exposici\u00f3n solar, ofrece una soluci\u00f3n efectiva para conseguir un bronceado m\u00e1s intenso y duradero.<\/p>\n<h5><em><span style=\"color: #ff6600;\"><strong>Antes del Sol: Estimula la Melanina e Hidrata tu Piel<\/strong><\/span><\/em><\/h5>\n<p>Cuando aplicas la Crema Ultra Bronceadora antes de exponerte al sol, estar\u00e1s preparando tu piel para lograr un bronceado excepcional.<\/p>\n<p>Sus activos UNIPERTAN + PHOTOTAN act\u00faan estimulando la producci\u00f3n de melanina, permiti\u00e9ndote conseguir un color m\u00e1s intenso y luminoso en menos tiempo.<\/p>\n<p>Adem\u00e1s, esta crema hidrata intensamente las capas superficiales de la epidermis, lo que ayudar\u00e1 a que tu piel se mantenga suave y nutrida durante todo el proceso de bronceado.<\/p>\n<h5><em><span style=\"color: #ff6600;\"><strong>Despu\u00e9s del Sol: Protege y Prolonga tu Bronceado<\/strong><\/span><\/em><\/h5>\n<p>Una vez que hayas disfrutado del sol, la acci\u00f3n de la Crema Ultra Bronceadora contin\u00faa.<\/p>\n<p>Gracias a su complejo enzim\u00e1tico Unipertan + Phototan y su mecanismo antioxidante espec\u00edfico, esta crema contrarresta los efectos nocivos de los radicales libres generados por la exposici\u00f3n solar.<\/p>\n<p>Adem\u00e1s, mantiene la piel hidratada y nutrida, lo que favorece la duraci\u00f3n y la calidad del bronceado.<\/p>\n<h5><em><span style=\"color: #ff6600;\"><strong>Usa \u00abbeauty by Inma\u00bb Crema Ultra Bronceadora Durante la Exposici\u00f3n Solar<\/strong><\/span><\/em><\/h5>\n<p>Si deseas intensificar a\u00fan m\u00e1s tu bronceado mientras te expones al sol, puedes aplicar la Crema Ultra Bronceadora antes de la crema solar protectora.<\/p>\n<p>Esta combinaci\u00f3n potenciar\u00e1 el color natural de tu piel y, al mismo tiempo, mantendr\u00e1 tu piel protegida contra los da\u00f1os causados por la radiaci\u00f3n solar: broncea y cuida tu piel al mismo tiempo.<\/p>\n<h3><span style=\"color: #ff6600;\"><em>Los Poderosos Activos de la Crema Ultra Bronceadora: Broncea y Cuida tu piel<\/em><\/span><\/h3>\n<p>Para entender mejor por qu\u00e9 la Crema Ultra Bronceadora \u00abbeauty by Inma\u00bb es tan efectiva, es esencial conocer los activos clave que la componen.<\/p>\n<p>Estos componentes maravillosos trabajan en sinergia para brindarte un bronceado excepcional y una piel cuidada.<\/p>\n<h5><em><span style=\"color: #ff6600;\"><strong>UNIPERTAN VEG 2002 + PHOTOTAN: Potenciadores de la Melanina<\/strong><\/span><\/em><\/h5>\n<p>El UNIPERTAN VEG 2002 y el PHOTOTAN son activos que act\u00faan en conjunto para estimular el proceso de s\u00edntesis de melanina en la piel. A medida que aumenta la producci\u00f3n de melanina, tu piel adquirir\u00e1 un bronceado m\u00e1s intenso y atractivo. Adem\u00e1s, este proceso ayudar\u00e1 a prolongar la duraci\u00f3n del bronceado, para que puedas lucir una piel radiante durante m\u00e1s tiempo.<\/p>\n<h5><em><span style=\"color: #ff6600;\"><strong>Vitamina E: Tu Escudo Antioxidante<\/strong><\/span><\/em><\/h5>\n<p>La vitamina E es un antioxidante poderoso que protege tu piel de los radicales libres generados por la exposici\u00f3n solar y otros factores ambientales. Al utilizar \u00abbeauty by Inma\u00bb Crema Ultra Bronceadora, estar\u00e1s creando una \u00absegunda barrera\u00bb de defensa contra el fotoenvejecimiento y los da\u00f1os cut\u00e1neos. La combinaci\u00f3n de la acci\u00f3n antioxidante de la vitamina E y la protecci\u00f3n solar de la crema solar te ayudar\u00e1 a mantener una piel sana y joven durante mucho m\u00e1s tiempo.<\/p>\n<h5><em><span style=\"color: #ff6600;\"><strong>Prepara, Broncea y Cuida tu Piel<\/strong><\/span><\/em><\/h5>\n<p>La Crema Ultra Bronceadora es ideal para diferentes situaciones:<\/p>\n<ol>\n<li><span style=\"color: #ff6600;\"><strong>Preparar la Piel:<\/strong><\/span> \u00dasala una semana antes de la exposici\u00f3n solar para preparar tu piel y obtener un bronceado m\u00e1s intenso en menor tiempo.<\/li>\n<li><span style=\"color: #ff6600;\"><strong>Intensificar el Bronceado:<\/strong><\/span> Durante la exposici\u00f3n solar, apl\u00edcala antes de la crema solar protectora para potenciar el color natural de tu piel y mantenerla protegida.<\/li>\n<li><a href=\"https:\/\/www.cdc.gov\/spanish\/cancer\/skin\/basic_info\/sun-safety.htm\"><span style=\"color: #ff6600;\"><strong>Cuidado Post-sol:<\/strong><\/span> Despu\u00e9s de la exposici\u00f3n solar, utiliza la crema para mantener tu piel hidratada, mejorar y prolongar el bronceado, y protegerla contra el da\u00f1o solar.<\/a><\/li>\n<\/ol>\n<p>\u00a1Disfruta de un Bronceado Incre\u00edble con Beauty Crema Ultra Bronceadora y luce una piel radiante durante m\u00e1s tiempo!<\/p>\n<\/div>\n<\/div>\n<\/div>\n<\/div>\n<\/div>\n<\/div>\n<div class=\"group w-full text-gray-800 dark:text-gray-100 border-b border-black\/10 dark:border-gray-900\/50 bg-gray-50 dark:bg-[#444654]\">\n<div class=\"flex p-4 gap-4 text-base md:gap-6 md:max-w-2xl lg:max-w-[38rem] xl:max-w-3xl md:py-6 lg:px-0 m-auto\">\n<div class=\"relative flex w-[calc(100%-50px)] flex-col gap-1 md:gap-3 lg:w-[calc(100%-115px)]\">\n<div class=\"flex flex-grow flex-col gap-3\">\n<div class=\"min-h-[20px] flex items-start overflow-x-auto whitespace-pre-wrap break-words flex-col gap-4\">\n<div class=\"markdown prose w-full break-words dark:prose-invert light\">\n<div id=\"attachment_3351\" style=\"width: 1034px\" class=\"wp-caption alignnone\"><img loading=\"lazy\" decoding=\"async\" aria-describedby=\"caption-attachment-3351\" class=\"size-large wp-image-3351\" src=\"https:\/\/farmacialisboa.es\/blog\/wp-content\/uploads\/2023\/07\/9-1-1024x576.png\" alt=\"Broncea y protege tu piel\" width=\"1024\" height=\"576\" srcset=\"https:\/\/farmacialisboa.es\/blog\/wp-content\/uploads\/2023\/07\/9-1-1024x576.png 1024w, https:\/\/farmacialisboa.es\/blog\/wp-content\/uploads\/2023\/07\/9-1-300x169.png 300w, https:\/\/farmacialisboa.es\/blog\/wp-content\/uploads\/2023\/07\/9-1-768x432.png 768w, https:\/\/farmacialisboa.es\/blog\/wp-content\/uploads\/2023\/07\/9-1-1536x864.png 1536w, https:\/\/farmacialisboa.es\/blog\/wp-content\/uploads\/2023\/07\/9-1-2048x1152.png 2048w\" sizes=\"auto, (max-width: 1024px) 100vw, 1024px\" \/><p id=\"caption-attachment-3351\" class=\"wp-caption-text\">Broncea y protege tu piel con los productos \u00abbeauty by Inma\u00bb<\/p><\/div>\n<p><em style=\"color: #1b1919; font-size: 22px;\"><span style=\"color: #ff6600;\"><strong>Protege tu Piel y Disfruta de un Bronceado Saludable con \u00abbeauty by Inma\u00bb Crema Ultra Bronceadora y \u00abbeauty by Inma\u00bb Protecci\u00f3n solar<\/strong><\/span><\/em><\/p>\n<\/div>\n<p>Mientras ansiamos lucir un bronceado espectacular, es crucial recordar que la salud de nuestra piel es de suma importancia. \u00abbeauty by Inma\u00bb ofrece una l\u00ednea de protectores solares especialmente formulados para mantener tu piel protegida y cuidada durante la exposici\u00f3n al sol. Al combinar la acci\u00f3n potenciadora del bronceado de \u00abbeauty by Inma\u00bb Crema Ultra Bronceadora con los filtros solares de \u00abbeauty by Inma\u00bb, tendr\u00e1s la garant\u00eda de un bronceado saludable y seguro.<\/p>\n<h3><span style=\"color: #ff6600;\"><a style=\"color: #ff6600;\" href=\"https:\/\/farmacialisboa.es\/blog\/cosmetica-farmaceutica-beauty-by-inma-1772.html\"><strong>\u00abbeauty by Inma\u00bb: Protegiendo tu Piel del Sol<\/strong><\/a><\/span><\/h3>\n<p>Los protectores solares de \u00abbeauty by Inma\u00bb est\u00e1n dise\u00f1ados para brindar una protecci\u00f3n efectiva contra los da\u00f1os causados por los rayos UV y los radicales libres. Su f\u00f3rmula avanzada act\u00faa como una barrera para proteger tu piel de los efectos nocivos del sol y prevenir el envejecimiento prematuro y las quemaduras solares.<\/p>\n<h5><em><span style=\"color: #ff6600;\"><strong>Protecci\u00f3n Solar, un Paso Imprescindible<\/strong><\/span><\/em><\/h5>\n<p>Si bien \u00abbeauty by Inma\u00bb Crema Ultra Bronceadora es una excelente opci\u00f3n para potenciar y cuidar tu bronceado, es esencial recordar que los protectores solares son una necesidad obligatoria al exponerse al sol. La exposici\u00f3n prolongada y sin protecci\u00f3n puede causar da\u00f1os graves en la piel, aumentando el riesgo de desarrollar c\u00e1ncer de piel y otras afecciones cut\u00e1neas.<\/p>\n<h5><em><span style=\"color: #ff6600;\"><strong>Disfruta del Sol Responsablemente: broncea y cuida tu piel al mismo tiempo<\/strong><\/span><\/em><\/h5>\n<p>Para disfrutar del sol de manera segura y mantener una piel radiante y saludable, sigue estos consejos:<\/p>\n<ol>\n<li><em><span style=\"color: #ff6600;\"><strong>Aplica el Protector Solar<\/strong>:<\/span><\/em> Utiliza los protectores solares de \u00abbeauty by Inma\u00bb antes de salir al sol y renu\u00e9valo cada dos horas o despu\u00e9s de nadar o sudar.<\/li>\n<li><em><span style=\"color: #ff6600;\"><strong>Evita las Horas de Mayor Intensidad<\/strong>:<\/span><\/em> Trata de evitar la exposici\u00f3n solar en las horas de mayor intensidad (entre las 10 a.m. y las 4 p.m.).<\/li>\n<li><em><span style=\"color: #ff6600;\"><strong>Utiliza Ropa y Accesorios de Protecci\u00f3n<\/strong>:<\/span><\/em> Usa ropa de manga larga, sombreros y gafas de sol para proteger tu piel y ojos del sol.<\/li>\n<li><em><span style=\"color: #ff6600;\"><strong>Hidrataci\u00f3n<\/strong>:<\/span><\/em>Mant\u00e9n tu piel hidratada bebiendo suficiente agua y usando cremas hidratantes despu\u00e9s de la exposici\u00f3n solar.<\/li>\n<li><em><span style=\"color: #ff6600;\"><strong>Consulta a un Profesional<\/strong>:<\/span><\/em> Si tienes dudas o preocupaciones sobre tu piel, consulta a un dermat\u00f3logo para obtener consejos personalizados.<\/li>\n<\/ol>\n<p>Recuerda, un bronceado hermoso y saludable se logra con responsabilidad y cuidado. Combina la potencia de \u00abbeauty by Inma\u00bb Crema Ultra Bronceadora con la protecci\u00f3n de \u00abbeauty by Inma\u00bb y disfruta del sol mientras mantienes tu piel en su mejor estado.<\/p>\n<p>\u00a1Obt\u00e9n el bronceado que siempre has deseado sin comprometer la salud de tu piel! \u00a1Broncea y cuida tu piel!<\/p>\n<\/div>\n<div id=\"attachment_3352\" style=\"width: 1034px\" class=\"wp-caption alignnone\"><img loading=\"lazy\" decoding=\"async\" aria-describedby=\"caption-attachment-3352\" class=\"size-large wp-image-3352\" src=\"https:\/\/farmacialisboa.es\/blog\/wp-content\/uploads\/2023\/07\/8-1-1024x576.png\" alt=\"Broncea y cuida tu piel con los productos &quot;beauty by Inma&quot;\" width=\"1024\" height=\"576\" srcset=\"https:\/\/farmacialisboa.es\/blog\/wp-content\/uploads\/2023\/07\/8-1-1024x576.png 1024w, https:\/\/farmacialisboa.es\/blog\/wp-content\/uploads\/2023\/07\/8-1-300x169.png 300w, https:\/\/farmacialisboa.es\/blog\/wp-content\/uploads\/2023\/07\/8-1-768x432.png 768w, https:\/\/farmacialisboa.es\/blog\/wp-content\/uploads\/2023\/07\/8-1-1536x864.png 1536w, https:\/\/farmacialisboa.es\/blog\/wp-content\/uploads\/2023\/07\/8-1-2048x1152.png 2048w\" sizes=\"auto, (max-width: 1024px) 100vw, 1024px\" \/><p id=\"caption-attachment-3352\" class=\"wp-caption-text\">Broncea y cuida tu piel con los productos \u00abbeauty by Inma\u00bb<\/p><\/div>\n<\/div>\n<\/div>\n<\/div>\n<p>No olvides que tus ojos y cuero cabelludo, as\u00ed como tu pelo, tambi\u00e9n deben protegerse de la radiaci\u00f3n solar: Fotoevitaci\u00f3n utilizando gafas y sombrero y broncea y cuida tu piel.<\/p>\n<\/div>\n<h3>&nbsp; &nbsp; &nbsp; &nbsp; &nbsp; &nbsp; &nbsp; &nbsp; Comprar Ultra Bronceadora y Protecci\u00f3n solar \u00abbeauty by Inma\u00bb<\/h3>\n<p>&nbsp; &nbsp; &nbsp; &nbsp; &nbsp; &nbsp; &nbsp; &nbsp; &nbsp; &nbsp; &nbsp; &nbsp; &nbsp; &nbsp; &nbsp; &nbsp; &nbsp; &nbsp; &nbsp; &nbsp; &nbsp; &nbsp; &nbsp; &nbsp; &nbsp; &nbsp; &nbsp; &nbsp; &nbsp; &nbsp; &nbsp; &nbsp; &nbsp; &nbsp; &nbsp; &nbsp; &nbsp; &nbsp; &nbsp; &nbsp; &nbsp; &nbsp; &nbsp; &nbsp; &nbsp; &nbsp; &nbsp; &nbsp; &nbsp;<a class=\"fasc-button fasc-size-medium fasc-type-flat\" style=\"background-color: #0d0d0d; color: #ffffff;\" target=\"_blank\" rel=\"noopener noreferrer\" href=\"https:\/\/farmacialisboa.es\/comprar\/beauty-crema-ultra-bronceadora\">COMPRAR<\/a><\/p>\n<p>&nbsp;<\/p>\n<p><strong>\u00abAutocuidado, Salud y Belleza\u00bb<\/strong><\/p>\n<p><strong>Inmaculada Vicente Mar\u00eda<\/strong><\/p>\n","protected":false},"excerpt":{"rendered":"<p>Consigue un Bronceado Radiante en menos tiempo con \u00abbeauty by Inma\u00bb Crema Ultra Bronceadora: Potenciadora del Bronceado con Vitamina E\u00bb<\/p>\n","protected":false},"author":1,"featured_media":3350,"comment_status":"closed","ping_status":"closed","sticky":false,"template":"","format":"standard","meta":{"_exactmetrics_skip_tracking":false,"_exactmetrics_sitenote_active":false,"_exactmetrics_sitenote_note":"","_exactmetrics_sitenote_category":0,"footnotes":""},"categories":[16],"tags":[6417,6416,37],"class_list":["post-3349","post","type-post","status-publish","format-standard","has-post-thumbnail","hentry","category-autocuidado-de-la-salud","tag-bronceado-intenso","tag-crema-ultrabronceadora","tag-proteccion-solar"],"yoast_head":"<!-- This site is optimized with the Yoast SEO plugin v24.7 - https:\/\/yoast.com\/wordpress\/plugins\/seo\/ -->\n<title>Broncea y cuida tu piel - Blog de Farmacia Lisboa -<\/title>\n<meta name=\"description\" content=\"&quot;beauty by Inma&quot; Crema Ultra Bronceadora: Potenciadora del Bronceado con Vitamina E que broncea y cuida tu piel consiguiendo un bronceado radiante\" \/>\n<meta name=\"robots\" content=\"index, follow, max-snippet:-1, max-image-preview:large, max-video-preview:-1\" \/>\n<link rel=\"canonical\" href=\"https:\/\/farmacialisboa.es\/blog\/broncea-y-cuida-tu-piel-3349.html\" \/>\n<meta property=\"og:locale\" content=\"es_ES\" \/>\n<meta property=\"og:type\" content=\"article\" \/>\n<meta property=\"og:title\" content=\"Broncea y cuida tu piel - Blog de Farmacia Lisboa -\" \/>\n<meta property=\"og:description\" content=\"&quot;beauty by Inma&quot; Crema Ultra Bronceadora: Potenciadora del Bronceado con Vitamina E que broncea y cuida tu piel consiguiendo un bronceado radiante\" \/>\n<meta property=\"og:url\" content=\"https:\/\/farmacialisboa.es\/blog\/broncea-y-cuida-tu-piel-3349.html\" \/>\n<meta property=\"og:site_name\" content=\"Blog de Farmacia Lisboa -\" \/>\n<meta property=\"article:published_time\" content=\"2023-07-26T10:00:41+00:00\" \/>\n<meta property=\"og:image\" content=\"https:\/\/farmacialisboa.es\/blog\/wp-content\/uploads\/2023\/07\/7-1.png\" \/>\n\t<meta property=\"og:image:width\" content=\"2240\" \/>\n\t<meta property=\"og:image:height\" content=\"1260\" \/>\n\t<meta property=\"og:image:type\" content=\"image\/png\" \/>\n<meta name=\"author\" content=\"Farmac\u00e9utica Inmaculada Vicente\" \/>\n<meta name=\"twitter:card\" content=\"summary_large_image\" \/>\n<meta name=\"twitter:label1\" content=\"Escrito por\" \/>\n\t<meta name=\"twitter:data1\" content=\"Farmac\u00e9utica Inmaculada Vicente\" \/>\n\t<meta name=\"twitter:label2\" content=\"Tiempo de lectura\" \/>\n\t<meta name=\"twitter:data2\" content=\"8 minutos\" \/>\n<script type=\"application\/ld+json\" class=\"yoast-schema-graph\">{\"@context\":\"https:\/\/schema.org\",\"@graph\":[{\"@type\":\"Article\",\"@id\":\"https:\/\/farmacialisboa.es\/blog\/broncea-y-cuida-tu-piel-3349.html#article\",\"isPartOf\":{\"@id\":\"https:\/\/farmacialisboa.es\/blog\/broncea-y-cuida-tu-piel-3349.html\"},\"author\":{\"name\":\"Farmac\u00e9utica Inmaculada Vicente\",\"@id\":\"https:\/\/farmacialisboa.es\/blog\/#\/schema\/person\/f90b0034ba245d9546a4e41e87116a3f\"},\"headline\":\"Broncea y cuida tu piel\",\"datePublished\":\"2023-07-26T10:00:41+00:00\",\"mainEntityOfPage\":{\"@id\":\"https:\/\/farmacialisboa.es\/blog\/broncea-y-cuida-tu-piel-3349.html\"},\"wordCount\":1688,\"publisher\":{\"@id\":\"https:\/\/farmacialisboa.es\/blog\/#\/schema\/person\/f90b0034ba245d9546a4e41e87116a3f\"},\"image\":{\"@id\":\"https:\/\/farmacialisboa.es\/blog\/broncea-y-cuida-tu-piel-3349.html#primaryimage\"},\"thumbnailUrl\":\"https:\/\/farmacialisboa.es\/blog\/wp-content\/uploads\/2023\/07\/7-1.png\",\"keywords\":[\"Bronceado intenso\",\"Crema Ultrabronceadora\",\"Protecci\u00f3n Solar\"],\"articleSection\":[\"Autocuidado\"],\"inLanguage\":\"es\"},{\"@type\":\"WebPage\",\"@id\":\"https:\/\/farmacialisboa.es\/blog\/broncea-y-cuida-tu-piel-3349.html\",\"url\":\"https:\/\/farmacialisboa.es\/blog\/broncea-y-cuida-tu-piel-3349.html\",\"name\":\"Broncea y cuida tu piel - Blog de Farmacia Lisboa -\",\"isPartOf\":{\"@id\":\"https:\/\/farmacialisboa.es\/blog\/#website\"},\"primaryImageOfPage\":{\"@id\":\"https:\/\/farmacialisboa.es\/blog\/broncea-y-cuida-tu-piel-3349.html#primaryimage\"},\"image\":{\"@id\":\"https:\/\/farmacialisboa.es\/blog\/broncea-y-cuida-tu-piel-3349.html#primaryimage\"},\"thumbnailUrl\":\"https:\/\/farmacialisboa.es\/blog\/wp-content\/uploads\/2023\/07\/7-1.png\",\"datePublished\":\"2023-07-26T10:00:41+00:00\",\"description\":\"\\\"beauty by Inma\\\" Crema Ultra Bronceadora: Potenciadora del Bronceado con Vitamina E que broncea y cuida tu piel consiguiendo un bronceado radiante\",\"breadcrumb\":{\"@id\":\"https:\/\/farmacialisboa.es\/blog\/broncea-y-cuida-tu-piel-3349.html#breadcrumb\"},\"inLanguage\":\"es\",\"potentialAction\":[{\"@type\":\"ReadAction\",\"target\":[\"https:\/\/farmacialisboa.es\/blog\/broncea-y-cuida-tu-piel-3349.html\"]}]},{\"@type\":\"ImageObject\",\"inLanguage\":\"es\",\"@id\":\"https:\/\/farmacialisboa.es\/blog\/broncea-y-cuida-tu-piel-3349.html#primaryimage\",\"url\":\"https:\/\/farmacialisboa.es\/blog\/wp-content\/uploads\/2023\/07\/7-1.png\",\"contentUrl\":\"https:\/\/farmacialisboa.es\/blog\/wp-content\/uploads\/2023\/07\/7-1.png\",\"width\":2240,\"height\":1260,\"caption\":\"Crema Ultra Bronceadora \\\"beauty by Inma\\\"\"},{\"@type\":\"BreadcrumbList\",\"@id\":\"https:\/\/farmacialisboa.es\/blog\/broncea-y-cuida-tu-piel-3349.html#breadcrumb\",\"itemListElement\":[{\"@type\":\"ListItem\",\"position\":1,\"name\":\"Home\",\"item\":\"https:\/\/farmacialisboa.es\/blog\"},{\"@type\":\"ListItem\",\"position\":2,\"name\":\"Broncea y cuida tu piel\"}]},{\"@type\":\"WebSite\",\"@id\":\"https:\/\/farmacialisboa.es\/blog\/#website\",\"url\":\"https:\/\/farmacialisboa.es\/blog\/\",\"name\":\"Blog de Farmacia Lisboa -\",\"description\":\"Consejos sobre salud y bienestar, productos de farmacia online, tratamientos novedosos, cosm\u00e9tica y m\u00e1s.\",\"publisher\":{\"@id\":\"https:\/\/farmacialisboa.es\/blog\/#\/schema\/person\/f90b0034ba245d9546a4e41e87116a3f\"},\"potentialAction\":[{\"@type\":\"SearchAction\",\"target\":{\"@type\":\"EntryPoint\",\"urlTemplate\":\"https:\/\/farmacialisboa.es\/blog\/?s={search_term_string}\"},\"query-input\":{\"@type\":\"PropertyValueSpecification\",\"valueRequired\":true,\"valueName\":\"search_term_string\"}}],\"inLanguage\":\"es\"},{\"@type\":[\"Person\",\"Organization\"],\"@id\":\"https:\/\/farmacialisboa.es\/blog\/#\/schema\/person\/f90b0034ba245d9546a4e41e87116a3f\",\"name\":\"Farmac\u00e9utica Inmaculada Vicente\",\"image\":{\"@type\":\"ImageObject\",\"inLanguage\":\"es\",\"@id\":\"https:\/\/farmacialisboa.es\/blog\/#\/schema\/person\/image\/\",\"url\":\"https:\/\/secure.gravatar.com\/avatar\/e0893039af7245eb9fe370eae0410a9e?s=96&d=mm&r=g\",\"contentUrl\":\"https:\/\/secure.gravatar.com\/avatar\/e0893039af7245eb9fe370eae0410a9e?s=96&d=mm&r=g\",\"caption\":\"Farmac\u00e9utica Inmaculada Vicente\"},\"logo\":{\"@id\":\"https:\/\/farmacialisboa.es\/blog\/#\/schema\/person\/image\/\"},\"url\":\"https:\/\/farmacialisboa.es\/blog\/author\/soporte_u4027r77\"}]}<\/script>\n<!-- \/ Yoast SEO plugin. -->","yoast_head_json":{"title":"Broncea y cuida tu piel - Blog de Farmacia Lisboa -","description":"\"beauty by Inma\" Crema Ultra Bronceadora: Potenciadora del Bronceado con Vitamina E que broncea y cuida tu piel consiguiendo un bronceado radiante","robots":{"index":"index","follow":"follow","max-snippet":"max-snippet:-1","max-image-preview":"max-image-preview:large","max-video-preview":"max-video-preview:-1"},"canonical":"https:\/\/farmacialisboa.es\/blog\/broncea-y-cuida-tu-piel-3349.html","og_locale":"es_ES","og_type":"article","og_title":"Broncea y cuida tu piel - Blog de Farmacia Lisboa -","og_description":"\"beauty by Inma\" Crema Ultra Bronceadora: Potenciadora del Bronceado con Vitamina E que broncea y cuida tu piel consiguiendo un bronceado radiante","og_url":"https:\/\/farmacialisboa.es\/blog\/broncea-y-cuida-tu-piel-3349.html","og_site_name":"Blog de Farmacia Lisboa -","article_published_time":"2023-07-26T10:00:41+00:00","og_image":[{"width":2240,"height":1260,"url":"https:\/\/farmacialisboa.es\/blog\/wp-content\/uploads\/2023\/07\/7-1.png","type":"image\/png"}],"author":"Farmac\u00e9utica Inmaculada Vicente","twitter_card":"summary_large_image","twitter_misc":{"Escrito por":"Farmac\u00e9utica Inmaculada Vicente","Tiempo de lectura":"8 minutos"},"schema":{"@context":"https:\/\/schema.org","@graph":[{"@type":"Article","@id":"https:\/\/farmacialisboa.es\/blog\/broncea-y-cuida-tu-piel-3349.html#article","isPartOf":{"@id":"https:\/\/farmacialisboa.es\/blog\/broncea-y-cuida-tu-piel-3349.html"},"author":{"name":"Farmac\u00e9utica Inmaculada Vicente","@id":"https:\/\/farmacialisboa.es\/blog\/#\/schema\/person\/f90b0034ba245d9546a4e41e87116a3f"},"headline":"Broncea y cuida tu piel","datePublished":"2023-07-26T10:00:41+00:00","mainEntityOfPage":{"@id":"https:\/\/farmacialisboa.es\/blog\/broncea-y-cuida-tu-piel-3349.html"},"wordCount":1688,"publisher":{"@id":"https:\/\/farmacialisboa.es\/blog\/#\/schema\/person\/f90b0034ba245d9546a4e41e87116a3f"},"image":{"@id":"https:\/\/farmacialisboa.es\/blog\/broncea-y-cuida-tu-piel-3349.html#primaryimage"},"thumbnailUrl":"https:\/\/farmacialisboa.es\/blog\/wp-content\/uploads\/2023\/07\/7-1.png","keywords":["Bronceado intenso","Crema Ultrabronceadora","Protecci\u00f3n Solar"],"articleSection":["Autocuidado"],"inLanguage":"es"},{"@type":"WebPage","@id":"https:\/\/farmacialisboa.es\/blog\/broncea-y-cuida-tu-piel-3349.html","url":"https:\/\/farmacialisboa.es\/blog\/broncea-y-cuida-tu-piel-3349.html","name":"Broncea y cuida tu piel - Blog de Farmacia Lisboa -","isPartOf":{"@id":"https:\/\/farmacialisboa.es\/blog\/#website"},"primaryImageOfPage":{"@id":"https:\/\/farmacialisboa.es\/blog\/broncea-y-cuida-tu-piel-3349.html#primaryimage"},"image":{"@id":"https:\/\/farmacialisboa.es\/blog\/broncea-y-cuida-tu-piel-3349.html#primaryimage"},"thumbnailUrl":"https:\/\/farmacialisboa.es\/blog\/wp-content\/uploads\/2023\/07\/7-1.png","datePublished":"2023-07-26T10:00:41+00:00","description":"\"beauty by Inma\" Crema Ultra Bronceadora: Potenciadora del Bronceado con Vitamina E que broncea y cuida tu piel consiguiendo un bronceado radiante","breadcrumb":{"@id":"https:\/\/farmacialisboa.es\/blog\/broncea-y-cuida-tu-piel-3349.html#breadcrumb"},"inLanguage":"es","potentialAction":[{"@type":"ReadAction","target":["https:\/\/farmacialisboa.es\/blog\/broncea-y-cuida-tu-piel-3349.html"]}]},{"@type":"ImageObject","inLanguage":"es","@id":"https:\/\/farmacialisboa.es\/blog\/broncea-y-cuida-tu-piel-3349.html#primaryimage","url":"https:\/\/farmacialisboa.es\/blog\/wp-content\/uploads\/2023\/07\/7-1.png","contentUrl":"https:\/\/farmacialisboa.es\/blog\/wp-content\/uploads\/2023\/07\/7-1.png","width":2240,"height":1260,"caption":"Crema Ultra Bronceadora \"beauty by Inma\""},{"@type":"BreadcrumbList","@id":"https:\/\/farmacialisboa.es\/blog\/broncea-y-cuida-tu-piel-3349.html#breadcrumb","itemListElement":[{"@type":"ListItem","position":1,"name":"Home","item":"https:\/\/farmacialisboa.es\/blog"},{"@type":"ListItem","position":2,"name":"Broncea y cuida tu piel"}]},{"@type":"WebSite","@id":"https:\/\/farmacialisboa.es\/blog\/#website","url":"https:\/\/farmacialisboa.es\/blog\/","name":"Blog de Farmacia Lisboa -","description":"Consejos sobre salud y bienestar, productos de farmacia online, tratamientos novedosos, cosm\u00e9tica y m\u00e1s.","publisher":{"@id":"https:\/\/farmacialisboa.es\/blog\/#\/schema\/person\/f90b0034ba245d9546a4e41e87116a3f"},"potentialAction":[{"@type":"SearchAction","target":{"@type":"EntryPoint","urlTemplate":"https:\/\/farmacialisboa.es\/blog\/?s={search_term_string}"},"query-input":{"@type":"PropertyValueSpecification","valueRequired":true,"valueName":"search_term_string"}}],"inLanguage":"es"},{"@type":["Person","Organization"],"@id":"https:\/\/farmacialisboa.es\/blog\/#\/schema\/person\/f90b0034ba245d9546a4e41e87116a3f","name":"Farmac\u00e9utica Inmaculada Vicente","image":{"@type":"ImageObject","inLanguage":"es","@id":"https:\/\/farmacialisboa.es\/blog\/#\/schema\/person\/image\/","url":"https:\/\/secure.gravatar.com\/avatar\/e0893039af7245eb9fe370eae0410a9e?s=96&d=mm&r=g","contentUrl":"https:\/\/secure.gravatar.com\/avatar\/e0893039af7245eb9fe370eae0410a9e?s=96&d=mm&r=g","caption":"Farmac\u00e9utica Inmaculada Vicente"},"logo":{"@id":"https:\/\/farmacialisboa.es\/blog\/#\/schema\/person\/image\/"},"url":"https:\/\/farmacialisboa.es\/blog\/author\/soporte_u4027r77"}]}},"_links":{"self":[{"href":"https:\/\/farmacialisboa.es\/blog\/wp-json\/wp\/v2\/posts\/3349","targetHints":{"allow":["GET"]}}],"collection":[{"href":"https:\/\/farmacialisboa.es\/blog\/wp-json\/wp\/v2\/posts"}],"about":[{"href":"https:\/\/farmacialisboa.es\/blog\/wp-json\/wp\/v2\/types\/post"}],"author":[{"embeddable":true,"href":"https:\/\/farmacialisboa.es\/blog\/wp-json\/wp\/v2\/users\/1"}],"replies":[{"embeddable":true,"href":"https:\/\/farmacialisboa.es\/blog\/wp-json\/wp\/v2\/comments?post=3349"}],"version-history":[{"count":1,"href":"https:\/\/farmacialisboa.es\/blog\/wp-json\/wp\/v2\/posts\/3349\/revisions"}],"predecessor-version":[{"id":3353,"href":"https:\/\/farmacialisboa.es\/blog\/wp-json\/wp\/v2\/posts\/3349\/revisions\/3353"}],"wp:featuredmedia":[{"embeddable":true,"href":"https:\/\/farmacialisboa.es\/blog\/wp-json\/wp\/v2\/media\/3350"}],"wp:attachment":[{"href":"https:\/\/farmacialisboa.es\/blog\/wp-json\/wp\/v2\/media?parent=3349"}],"wp:term":[{"taxonomy":"category","embeddable":true,"href":"https:\/\/farmacialisboa.es\/blog\/wp-json\/wp\/v2\/categories?post=3349"},{"taxonomy":"post_tag","embeddable":true,"href":"https:\/\/farmacialisboa.es\/blog\/wp-json\/wp\/v2\/tags?post=3349"}],"curies":[{"name":"wp","href":"https:\/\/api.w.org\/{rel}","templated":true}]}}