{"id":3364,"date":"2023-08-07T15:59:35","date_gmt":"2023-08-07T15:59:35","guid":{"rendered":"https:\/\/farmacialisboa.es\/blog\/?p=3364"},"modified":"2024-05-03T22:09:33","modified_gmt":"2024-05-03T22:09:33","slug":"envejecimiento-pleno-y-saludable","status":"publish","type":"post","link":"https:\/\/farmacialisboa.es\/blog\/envejecimiento-pleno-y-saludable-3364.html","title":{"rendered":"Envejecimiento Pleno y Saludable"},"content":{"rendered":"<p>Hoy os invito a Explorar los Matices y Causas del Envejecimiento para iniciar el viaje hacia un Envejecimiento Pleno y Saludable.<\/p>\n<h3>Un Viaje Inevitable y Complejo<\/h3>\n<p>\u00bfHas considerado alguna vez el envejecimiento como un sendero intrigante que todos transitamos?<\/p>\n<p>Este proceso, inalterable en todos los seres humanos, nos invita a sumergirnos en sus matices y desentra\u00f1ar sus causas fundamentales.<\/p>\n<p>Aunque es un camino que todos recorremos, el envejecimiento no sigue un patr\u00f3n uniforme.\u00a0Adem\u00e1s, su impacto se manifiesta de maneras diversas en las distintas partes de nuestro organismo.<\/p>\n<p>De igual modo, no todas las personas manifiestan el impacto del paso del tiempo de id\u00e9ntica forma.<\/p>\n<p>La b\u00fasqueda de una vida enriquecedora en esta etapa se convierte en un reto compartido a nivel global, trascendiendo las fronteras y resonando en la sociedad en su conjunto.<\/p>\n<h3>El Envejecimiento Cronol\u00f3gico: Los Latidos del Reloj Biol\u00f3gico<\/h3>\n<p>Cada uno de nosotros experimenta el envejecimiento cronol\u00f3gico, el incesante transcurrir del tiempo que nos afecta desde el momento en que nacemos.<\/p>\n<p>En su esencia yacen factores como:<\/p>\n<ul>\n<li>El desgaste celular.<\/li>\n<li>La disminuci\u00f3n de la capacidad de regeneraci\u00f3n del cuerpo.<\/li>\n<li>La fragilidad aumentada.<\/li>\n<li>Una mayor vulnerabilidad a enfermedades.<\/li>\n<\/ul>\n<p>Imagina cada c\u00e9lula como un peque\u00f1o reloj biol\u00f3gico, marcado por estructuras llamadas tel\u00f3meros, que se acortan con cada divisi\u00f3n celular. A medida que estos tel\u00f3meros se desgastan, las c\u00e9lulas eventualmente llegan a la senescencia o muerte celular programada.<\/p>\n<h3>Los Diversos Matices y Procesos del Envejecimiento<\/h3>\n<p>Dentro del tapiz del envejecimiento se entrelazan dos aspectos distintos: el intr\u00ednseco y el extr\u00ednseco.<\/p>\n<p>Por su parte, el envejecimiento intr\u00ednseco resulta de los cambios naturales que ocurren en el organismo con el paso del tiempo, como la disminuci\u00f3n de la producci\u00f3n de hormonas o el desgaste celular.<\/p>\n<p>Por otro lado, el envejecimiento extr\u00ednseco es desencadenado por factores externos como la exposici\u00f3n al sol, la contaminaci\u00f3n, el tabaco o el consumo de alcohol.<\/p>\n<p>Aunque ambos tipos pueden impactar en nuestra salud, prevenir el envejecimiento extr\u00ednseco es m\u00e1s alcanzable al adoptar h\u00e1bitos y cuidados conscientes.<\/p>\n<h3><a href=\"https:\/\/farmacialisboa.es\/blog\/vejez-970.html\">Las Ra\u00edces Profundas del Envejecimiento<\/a><\/h3>\n<p>El envejecimiento emerge como resultado de una sinfon\u00eda de causas gen\u00e9ticas, ambientales y relacionadas con el estilo de vida.<\/p>\n<p>A nivel molecular, nuestras c\u00e9lulas sufren da\u00f1os y pierden la habilidad de autorrepararse, lo que a menudo se refleja en enfermedades asociadas con la edad.<\/p>\n<p>Nuestra forma de vida tambi\u00e9n juega un rol crucial:<\/p>\n<ol>\n<li>El estr\u00e9s constante.<\/li>\n<li>La falta de actividad f\u00edsica.<\/li>\n<li>El exceso de peso.<\/li>\n<li>Una dieta desequilibrada&#8230;<\/li>\n<\/ol>\n<p>Todos estos factores contribuyen al proceso.<\/p>\n<p>Sin embargo, al reconocer estas causas, podemos cultivar un estilo de vida saludable y atenuar sus efectos.<\/p>\n<h3>Desentra\u00f1ando los Secretos del Envejecimiento<\/h3>\n<p class=\"gfw-paragraph bigger\"><a href=\"https:\/\/es.kobholabs.com\/pages\/causes-of-aging\"><b>\u00bfPor qu\u00e9 envejecemos?\u00a0<\/b><strong>comprender las causas del envejecimiento es tan importante como combatir sus signos.<\/strong><\/a><\/p>\n<p class=\"gfw-paragraph bigger\">A nivel molecular, se caracteriza por la acumulaci\u00f3n progresiva de da\u00f1os moleculares.<br \/>\nInvestigaciones recientes han descubierto doce rasgos distintivos del envejecimiento.<\/p>\n<h3>Oxidaci\u00f3n y Glicaci\u00f3n: Fuerzas que Impulsan el Envejecimiento<\/h3>\n<p>Aparte del reloj biol\u00f3gico, otros dos procesos influyen en la velocidad del envejecimiento celular: la oxidaci\u00f3n y la glicaci\u00f3n. La oxidaci\u00f3n, provocada por los radicales libres generados en el metabolismo celular, da\u00f1a tejidos y c\u00e9lulas. La exposici\u00f3n solar, la contaminaci\u00f3n ambiental y el consumo de tabaco pueden acelerar este proceso. La glicaci\u00f3n, por su parte, une mol\u00e9culas de az\u00facar a prote\u00ednas y l\u00edpidos, generando rigidez y disfunci\u00f3n en tejidos como el col\u00e1geno y la elastina.<\/p>\n<h3><a href=\"https:\/\/www.larazon.es\/salud\/ciencia-logra-frenar-proceso-envejecimiento-celular-sienta-bases-vivir-siempre-joven_2023051964675d256cbd630001ab667c.html\">Promoviendo un Envejecimiento Vibrante y Vital<\/a><\/h3>\n<p>Si bien el envejecimiento es un camino ineludible, su trayectoria puede ser influenciada por nuestras decisiones.<\/p>\n<p>Adoptando h\u00e1bitos saludables, podemos minimizar su impacto y abrazar un envejecimiento pleno y vibrante:<\/p>\n<ol>\n<li>Mant\u00e9n una alimentaci\u00f3n equilibrada y rica en antioxidantes.<\/li>\n<li>Realiza ejercicio de manera regular, adaptado a tus capacidades.<\/li>\n<li>Asegura una hidrataci\u00f3n adecuada y busca un descanso reparador.<\/li>\n<li>Evita el tabaco y el consumo excesivo de alcohol.<\/li>\n<li>Protege tu piel de la radiaci\u00f3n solar y utiliza cremas con factor de protecci\u00f3n.<\/li>\n<li>Busca actividades que te brinden satisfacci\u00f3n emocional.<\/li>\n<li>Cultiva relaciones sociales y familiares significativas.<\/li>\n<\/ol>\n<h3>Abrazando las Diversas Facetas del Envejecimiento pleno y saludable<\/h3>\n<p>El envejecimiento, como un caleidoscopio de experiencias, puede manifestarse de diversas formas:<\/p>\n<ol>\n<li>Mant\u00e9n salud, calidad de vida y autonom\u00eda: Envejecimiento Ideal.<\/li>\n<li>Contin\u00faa con actividad f\u00edsica y mental constante: Envejecimiento Activo.<\/li>\n<li>Acepta los cambios biol\u00f3gicos comunes que afectan la salud: Envejecimiento Habitual.<\/li>\n<li>Enfrenta condiciones cr\u00f3nicas que pueden afectar la calidad de vida: Envejecimiento Patol\u00f3gico<\/li>\n<\/ol>\n<h3>Forjando un Envejecimiento Significativo y Gratificante<\/h3>\n<p>Aunque el envejecimiento es inevitable, podemos enriquecer su trayecto. Mediante elecciones conscientes, abrazamos un envejecimiento que destila calidad de vida, vitalidad y sabidur\u00eda, navegando por sus senderos con determinaci\u00f3n y resiliencia.<\/p>\n<p><strong>\u00bfQu\u00e9 es el Envejecimiento Saludable? <\/strong><br \/>\nEl Envejecimiento Saludable es el proceso de fomentar y mantener la capacidad funcional que permite el bienestar en la vejez. La capacidad funcional consiste en tener los atributos que permiten a todas las personas ser y hacer lo que para ellas es importante.<\/p>\n<h3><\/h3>\n<p>&nbsp;<\/p>\n<p>&nbsp;<\/p>\n<div id=\"attachment_3366\" style=\"width: 1034px\" class=\"wp-caption alignnone\"><img loading=\"lazy\" decoding=\"async\" aria-describedby=\"caption-attachment-3366\" class=\"wp-image-3366 size-large\" src=\"https:\/\/farmacialisboa.es\/blog\/wp-content\/uploads\/2023\/08\/9-1024x576.png\" alt=\"Envejecimiento Pleno y Saludable\" width=\"1024\" height=\"576\" srcset=\"https:\/\/farmacialisboa.es\/blog\/wp-content\/uploads\/2023\/08\/9-1024x576.png 1024w, https:\/\/farmacialisboa.es\/blog\/wp-content\/uploads\/2023\/08\/9-300x169.png 300w, https:\/\/farmacialisboa.es\/blog\/wp-content\/uploads\/2023\/08\/9-768x432.png 768w, https:\/\/farmacialisboa.es\/blog\/wp-content\/uploads\/2023\/08\/9-1536x864.png 1536w, https:\/\/farmacialisboa.es\/blog\/wp-content\/uploads\/2023\/08\/9-2048x1152.png 2048w\" sizes=\"auto, (max-width: 1024px) 100vw, 1024px\" \/><p id=\"caption-attachment-3366\" class=\"wp-caption-text\">Envejecimiento Pleno y Saludable<\/p><\/div>\n<h3>Envejecimiento Pleno y Saludable<\/h3>\n<p>El camino del envejecimiento, inmutable pero adaptable, puede te\u00f1irse de mayor plenitud dependiendo de diferentes h\u00e1bitos de vida.<\/p>\n<p>As\u00ed por ejemplo, debemos tener en cuenta algunos de los siguientes factores:<\/p>\n<ol>\n<li>Opta por una alimentaci\u00f3n balanceada y rica en antioxidantes.<\/li>\n<li>Incorpora actividad f\u00edsica regular a tu rutina, adaptada a tus capacidades.<\/li>\n<li>Garantiza una hidrataci\u00f3n \u00f3ptima y un sue\u00f1o restaurador.<\/li>\n<li>Evita el tabaco y el exceso de alcohol.<\/li>\n<li>Protege tu piel del sol mediante protector solar.<\/li>\n<li>Explora actividades que te brinden satisfacci\u00f3n emocional.<\/li>\n<li>Cultiva relaciones sociales y familiares profundas y significativas.<\/li>\n<\/ol>\n<p><a href=\"https:\/\/farmacialisboa.es\/blog\/ciencia-y-longevidad-con-kobholabs-3189.html\">Que este conocimiento ilumine nuestro camino, gui\u00e1ndonos hacia un envejecimiento saludable, activo y gratificante.<\/a><\/p>\n<h3>\u00bfQu\u00e9 es la D\u00e9cada del Envejecimiento Saludable?<\/h3>\n<p>La D\u00e9cada del Envejecimiento Saludable (2020-2030) ofrece la oportunidad de aunar diferentes sectores en torno a diez a\u00f1os de acci\u00f3n concertada, catalizadora y de colaboraci\u00f3n para mejorar las vidas de las personas mayores, sus familias y las comunidades en las que viven.<\/p>\n<ul>\n<li>Gobiernos<\/li>\n<li>Sociedad civil<\/li>\n<li>Organismos internacionales<\/li>\n<li>Profesionales<\/li>\n<li>Instituciones acad\u00e9micas<\/li>\n<li>Medios de comunicaci\u00f3n<\/li>\n<li>Sector privado<\/li>\n<\/ul>\n<p>La poblaci\u00f3n envejece en todo el mundo con m\u00e1s rapidez que en el pasado, y esta transici\u00f3n demogr\u00e1fica afectar\u00e1 a casi todos los aspectos de la sociedad.<\/p>\n<p>Como consecuencia, el mundo se ha unido en torno a la Agenda 2030 para el Desarrollo Sostenible: todos los pa\u00edses y partes interesadas se han comprometido a no dejar a nadie desatendido y se han propuesto garantizar que todas las personas puedan realizar su potencial con dignidad e igualdad y en un entorno saludable.<\/p>\n<p>Se necesita urgentemente un decenio de acci\u00f3n mundial concertada sobre el Envejecimiento Saludable. En el mundo hay ya m\u00e1s de mil millones de personas que tienen 60 a\u00f1os o m\u00e1s, la mayor\u00eda de ellas en pa\u00edses de ingresos bajos y medianos. Muchas de esas personas no tienen siquiera acceso a los recursos b\u00e1sicos necesarios para una vida plena y digna. Muchas otras se enfrentan a numerosos obst\u00e1culos que les impiden participar plenamente en la sociedad.<\/p>\n<p>&nbsp;<\/p>\n<p><strong>\u00abAutocuidado, Salud y Belleza\u00bb<\/strong><\/p>\n<p><strong>Inmaculada Vicente Mar\u00eda<\/strong><\/p>\n<p style=\"font-weight: 400;\">\n","protected":false},"excerpt":{"rendered":"<p>Hoy os invito a Explorar los Matices y Causas del Envejecimiento para iniciar el viaje hacia un Envejecimiento Pleno y<\/p>\n","protected":false},"author":1,"featured_media":3365,"comment_status":"closed","ping_status":"closed","sticky":false,"template":"","format":"standard","meta":{"_exactmetrics_skip_tracking":false,"_exactmetrics_sitenote_active":false,"_exactmetrics_sitenote_note":"","_exactmetrics_sitenote_category":0,"footnotes":""},"categories":[16],"tags":[6467,5898,7148,7147],"class_list":["post-3364","post","type-post","status-publish","format-standard","has-post-thumbnail","hentry","category-autocuidado-de-la-salud","tag-envejecimiento","tag-longevidad","tag-smartaging","tag-wellaging"],"yoast_head":"<!-- This site is optimized with the Yoast SEO plugin v24.7 - https:\/\/yoast.com\/wordpress\/plugins\/seo\/ -->\n<title>Envejecimiento Pleno y Saludable - Blog de Farmacia Lisboa -<\/title>\n<meta name=\"description\" content=\"Hoy os invito a Explorar los Matices y Causas del Envejecimiento para iniciar el viaje hacia un Envejecimiento Pleno y Saludable.\" \/>\n<meta name=\"robots\" content=\"index, follow, max-snippet:-1, max-image-preview:large, max-video-preview:-1\" \/>\n<link rel=\"canonical\" href=\"https:\/\/farmacialisboa.es\/blog\/envejecimiento-pleno-y-saludable-3364.html\" \/>\n<meta property=\"og:locale\" content=\"es_ES\" \/>\n<meta property=\"og:type\" content=\"article\" \/>\n<meta property=\"og:title\" content=\"Envejecimiento Pleno y Saludable - Blog de Farmacia Lisboa -\" \/>\n<meta property=\"og:description\" content=\"Hoy os invito a Explorar los Matices y Causas del Envejecimiento para iniciar el viaje hacia un Envejecimiento Pleno y Saludable.\" \/>\n<meta property=\"og:url\" content=\"https:\/\/farmacialisboa.es\/blog\/envejecimiento-pleno-y-saludable-3364.html\" \/>\n<meta property=\"og:site_name\" content=\"Blog de Farmacia Lisboa -\" \/>\n<meta property=\"article:published_time\" content=\"2023-08-07T15:59:35+00:00\" \/>\n<meta property=\"article:modified_time\" content=\"2024-05-03T22:09:33+00:00\" \/>\n<meta property=\"og:image\" content=\"https:\/\/farmacialisboa.es\/blog\/wp-content\/uploads\/2023\/08\/8.png\" \/>\n\t<meta property=\"og:image:width\" content=\"2240\" \/>\n\t<meta property=\"og:image:height\" content=\"1260\" \/>\n\t<meta property=\"og:image:type\" content=\"image\/png\" \/>\n<meta name=\"author\" content=\"Farmac\u00e9utica Inmaculada Vicente\" \/>\n<meta name=\"twitter:card\" content=\"summary_large_image\" \/>\n<meta name=\"twitter:label1\" content=\"Escrito por\" \/>\n\t<meta name=\"twitter:data1\" content=\"Farmac\u00e9utica Inmaculada Vicente\" \/>\n\t<meta name=\"twitter:label2\" content=\"Tiempo de lectura\" \/>\n\t<meta name=\"twitter:data2\" content=\"6 minutos\" \/>\n<script type=\"application\/ld+json\" class=\"yoast-schema-graph\">{\"@context\":\"https:\/\/schema.org\",\"@graph\":[{\"@type\":\"Article\",\"@id\":\"https:\/\/farmacialisboa.es\/blog\/envejecimiento-pleno-y-saludable-3364.html#article\",\"isPartOf\":{\"@id\":\"https:\/\/farmacialisboa.es\/blog\/envejecimiento-pleno-y-saludable-3364.html\"},\"author\":{\"name\":\"Farmac\u00e9utica Inmaculada Vicente\",\"@id\":\"https:\/\/farmacialisboa.es\/blog\/#\/schema\/person\/f90b0034ba245d9546a4e41e87116a3f\"},\"headline\":\"Envejecimiento Pleno y Saludable\",\"datePublished\":\"2023-08-07T15:59:35+00:00\",\"dateModified\":\"2024-05-03T22:09:33+00:00\",\"mainEntityOfPage\":{\"@id\":\"https:\/\/farmacialisboa.es\/blog\/envejecimiento-pleno-y-saludable-3364.html\"},\"wordCount\":1243,\"publisher\":{\"@id\":\"https:\/\/farmacialisboa.es\/blog\/#\/schema\/person\/f90b0034ba245d9546a4e41e87116a3f\"},\"image\":{\"@id\":\"https:\/\/farmacialisboa.es\/blog\/envejecimiento-pleno-y-saludable-3364.html#primaryimage\"},\"thumbnailUrl\":\"https:\/\/farmacialisboa.es\/blog\/wp-content\/uploads\/2023\/08\/8.png\",\"keywords\":[\"Envejecimiento\",\"Longevidad\",\"Smartaging\",\"Wellaging\"],\"articleSection\":[\"Autocuidado\"],\"inLanguage\":\"es\"},{\"@type\":\"WebPage\",\"@id\":\"https:\/\/farmacialisboa.es\/blog\/envejecimiento-pleno-y-saludable-3364.html\",\"url\":\"https:\/\/farmacialisboa.es\/blog\/envejecimiento-pleno-y-saludable-3364.html\",\"name\":\"Envejecimiento Pleno y Saludable - Blog de Farmacia Lisboa -\",\"isPartOf\":{\"@id\":\"https:\/\/farmacialisboa.es\/blog\/#website\"},\"primaryImageOfPage\":{\"@id\":\"https:\/\/farmacialisboa.es\/blog\/envejecimiento-pleno-y-saludable-3364.html#primaryimage\"},\"image\":{\"@id\":\"https:\/\/farmacialisboa.es\/blog\/envejecimiento-pleno-y-saludable-3364.html#primaryimage\"},\"thumbnailUrl\":\"https:\/\/farmacialisboa.es\/blog\/wp-content\/uploads\/2023\/08\/8.png\",\"datePublished\":\"2023-08-07T15:59:35+00:00\",\"dateModified\":\"2024-05-03T22:09:33+00:00\",\"description\":\"Hoy os invito a Explorar los Matices y Causas del Envejecimiento para iniciar el viaje hacia un Envejecimiento Pleno y Saludable.\",\"breadcrumb\":{\"@id\":\"https:\/\/farmacialisboa.es\/blog\/envejecimiento-pleno-y-saludable-3364.html#breadcrumb\"},\"inLanguage\":\"es\",\"potentialAction\":[{\"@type\":\"ReadAction\",\"target\":[\"https:\/\/farmacialisboa.es\/blog\/envejecimiento-pleno-y-saludable-3364.html\"]}]},{\"@type\":\"ImageObject\",\"inLanguage\":\"es\",\"@id\":\"https:\/\/farmacialisboa.es\/blog\/envejecimiento-pleno-y-saludable-3364.html#primaryimage\",\"url\":\"https:\/\/farmacialisboa.es\/blog\/wp-content\/uploads\/2023\/08\/8.png\",\"contentUrl\":\"https:\/\/farmacialisboa.es\/blog\/wp-content\/uploads\/2023\/08\/8.png\",\"width\":2240,\"height\":1260,\"caption\":\"Envejecimiento pleno y saludable\"},{\"@type\":\"BreadcrumbList\",\"@id\":\"https:\/\/farmacialisboa.es\/blog\/envejecimiento-pleno-y-saludable-3364.html#breadcrumb\",\"itemListElement\":[{\"@type\":\"ListItem\",\"position\":1,\"name\":\"Home\",\"item\":\"https:\/\/farmacialisboa.es\/blog\"},{\"@type\":\"ListItem\",\"position\":2,\"name\":\"Envejecimiento Pleno y Saludable\"}]},{\"@type\":\"WebSite\",\"@id\":\"https:\/\/farmacialisboa.es\/blog\/#website\",\"url\":\"https:\/\/farmacialisboa.es\/blog\/\",\"name\":\"Blog de Farmacia Lisboa -\",\"description\":\"Consejos sobre salud y bienestar, productos de farmacia online, tratamientos novedosos, cosm\u00e9tica y m\u00e1s.\",\"publisher\":{\"@id\":\"https:\/\/farmacialisboa.es\/blog\/#\/schema\/person\/f90b0034ba245d9546a4e41e87116a3f\"},\"potentialAction\":[{\"@type\":\"SearchAction\",\"target\":{\"@type\":\"EntryPoint\",\"urlTemplate\":\"https:\/\/farmacialisboa.es\/blog\/?s={search_term_string}\"},\"query-input\":{\"@type\":\"PropertyValueSpecification\",\"valueRequired\":true,\"valueName\":\"search_term_string\"}}],\"inLanguage\":\"es\"},{\"@type\":[\"Person\",\"Organization\"],\"@id\":\"https:\/\/farmacialisboa.es\/blog\/#\/schema\/person\/f90b0034ba245d9546a4e41e87116a3f\",\"name\":\"Farmac\u00e9utica Inmaculada Vicente\",\"image\":{\"@type\":\"ImageObject\",\"inLanguage\":\"es\",\"@id\":\"https:\/\/farmacialisboa.es\/blog\/#\/schema\/person\/image\/\",\"url\":\"https:\/\/secure.gravatar.com\/avatar\/e0893039af7245eb9fe370eae0410a9e?s=96&d=mm&r=g\",\"contentUrl\":\"https:\/\/secure.gravatar.com\/avatar\/e0893039af7245eb9fe370eae0410a9e?s=96&d=mm&r=g\",\"caption\":\"Farmac\u00e9utica Inmaculada Vicente\"},\"logo\":{\"@id\":\"https:\/\/farmacialisboa.es\/blog\/#\/schema\/person\/image\/\"},\"url\":\"https:\/\/farmacialisboa.es\/blog\/author\/soporte_u4027r77\"}]}<\/script>\n<!-- \/ Yoast SEO plugin. -->","yoast_head_json":{"title":"Envejecimiento Pleno y Saludable - Blog de Farmacia Lisboa -","description":"Hoy os invito a Explorar los Matices y Causas del Envejecimiento para iniciar el viaje hacia un Envejecimiento Pleno y Saludable.","robots":{"index":"index","follow":"follow","max-snippet":"max-snippet:-1","max-image-preview":"max-image-preview:large","max-video-preview":"max-video-preview:-1"},"canonical":"https:\/\/farmacialisboa.es\/blog\/envejecimiento-pleno-y-saludable-3364.html","og_locale":"es_ES","og_type":"article","og_title":"Envejecimiento Pleno y Saludable - Blog de Farmacia Lisboa -","og_description":"Hoy os invito a Explorar los Matices y Causas del Envejecimiento para iniciar el viaje hacia un Envejecimiento Pleno y Saludable.","og_url":"https:\/\/farmacialisboa.es\/blog\/envejecimiento-pleno-y-saludable-3364.html","og_site_name":"Blog de Farmacia Lisboa -","article_published_time":"2023-08-07T15:59:35+00:00","article_modified_time":"2024-05-03T22:09:33+00:00","og_image":[{"width":2240,"height":1260,"url":"https:\/\/farmacialisboa.es\/blog\/wp-content\/uploads\/2023\/08\/8.png","type":"image\/png"}],"author":"Farmac\u00e9utica Inmaculada Vicente","twitter_card":"summary_large_image","twitter_misc":{"Escrito por":"Farmac\u00e9utica Inmaculada Vicente","Tiempo de lectura":"6 minutos"},"schema":{"@context":"https:\/\/schema.org","@graph":[{"@type":"Article","@id":"https:\/\/farmacialisboa.es\/blog\/envejecimiento-pleno-y-saludable-3364.html#article","isPartOf":{"@id":"https:\/\/farmacialisboa.es\/blog\/envejecimiento-pleno-y-saludable-3364.html"},"author":{"name":"Farmac\u00e9utica Inmaculada Vicente","@id":"https:\/\/farmacialisboa.es\/blog\/#\/schema\/person\/f90b0034ba245d9546a4e41e87116a3f"},"headline":"Envejecimiento Pleno y Saludable","datePublished":"2023-08-07T15:59:35+00:00","dateModified":"2024-05-03T22:09:33+00:00","mainEntityOfPage":{"@id":"https:\/\/farmacialisboa.es\/blog\/envejecimiento-pleno-y-saludable-3364.html"},"wordCount":1243,"publisher":{"@id":"https:\/\/farmacialisboa.es\/blog\/#\/schema\/person\/f90b0034ba245d9546a4e41e87116a3f"},"image":{"@id":"https:\/\/farmacialisboa.es\/blog\/envejecimiento-pleno-y-saludable-3364.html#primaryimage"},"thumbnailUrl":"https:\/\/farmacialisboa.es\/blog\/wp-content\/uploads\/2023\/08\/8.png","keywords":["Envejecimiento","Longevidad","Smartaging","Wellaging"],"articleSection":["Autocuidado"],"inLanguage":"es"},{"@type":"WebPage","@id":"https:\/\/farmacialisboa.es\/blog\/envejecimiento-pleno-y-saludable-3364.html","url":"https:\/\/farmacialisboa.es\/blog\/envejecimiento-pleno-y-saludable-3364.html","name":"Envejecimiento Pleno y Saludable - Blog de Farmacia Lisboa -","isPartOf":{"@id":"https:\/\/farmacialisboa.es\/blog\/#website"},"primaryImageOfPage":{"@id":"https:\/\/farmacialisboa.es\/blog\/envejecimiento-pleno-y-saludable-3364.html#primaryimage"},"image":{"@id":"https:\/\/farmacialisboa.es\/blog\/envejecimiento-pleno-y-saludable-3364.html#primaryimage"},"thumbnailUrl":"https:\/\/farmacialisboa.es\/blog\/wp-content\/uploads\/2023\/08\/8.png","datePublished":"2023-08-07T15:59:35+00:00","dateModified":"2024-05-03T22:09:33+00:00","description":"Hoy os invito a Explorar los Matices y Causas del Envejecimiento para iniciar el viaje hacia un Envejecimiento Pleno y Saludable.","breadcrumb":{"@id":"https:\/\/farmacialisboa.es\/blog\/envejecimiento-pleno-y-saludable-3364.html#breadcrumb"},"inLanguage":"es","potentialAction":[{"@type":"ReadAction","target":["https:\/\/farmacialisboa.es\/blog\/envejecimiento-pleno-y-saludable-3364.html"]}]},{"@type":"ImageObject","inLanguage":"es","@id":"https:\/\/farmacialisboa.es\/blog\/envejecimiento-pleno-y-saludable-3364.html#primaryimage","url":"https:\/\/farmacialisboa.es\/blog\/wp-content\/uploads\/2023\/08\/8.png","contentUrl":"https:\/\/farmacialisboa.es\/blog\/wp-content\/uploads\/2023\/08\/8.png","width":2240,"height":1260,"caption":"Envejecimiento pleno y saludable"},{"@type":"BreadcrumbList","@id":"https:\/\/farmacialisboa.es\/blog\/envejecimiento-pleno-y-saludable-3364.html#breadcrumb","itemListElement":[{"@type":"ListItem","position":1,"name":"Home","item":"https:\/\/farmacialisboa.es\/blog"},{"@type":"ListItem","position":2,"name":"Envejecimiento Pleno y Saludable"}]},{"@type":"WebSite","@id":"https:\/\/farmacialisboa.es\/blog\/#website","url":"https:\/\/farmacialisboa.es\/blog\/","name":"Blog de Farmacia Lisboa -","description":"Consejos sobre salud y bienestar, productos de farmacia online, tratamientos novedosos, cosm\u00e9tica y m\u00e1s.","publisher":{"@id":"https:\/\/farmacialisboa.es\/blog\/#\/schema\/person\/f90b0034ba245d9546a4e41e87116a3f"},"potentialAction":[{"@type":"SearchAction","target":{"@type":"EntryPoint","urlTemplate":"https:\/\/farmacialisboa.es\/blog\/?s={search_term_string}"},"query-input":{"@type":"PropertyValueSpecification","valueRequired":true,"valueName":"search_term_string"}}],"inLanguage":"es"},{"@type":["Person","Organization"],"@id":"https:\/\/farmacialisboa.es\/blog\/#\/schema\/person\/f90b0034ba245d9546a4e41e87116a3f","name":"Farmac\u00e9utica Inmaculada Vicente","image":{"@type":"ImageObject","inLanguage":"es","@id":"https:\/\/farmacialisboa.es\/blog\/#\/schema\/person\/image\/","url":"https:\/\/secure.gravatar.com\/avatar\/e0893039af7245eb9fe370eae0410a9e?s=96&d=mm&r=g","contentUrl":"https:\/\/secure.gravatar.com\/avatar\/e0893039af7245eb9fe370eae0410a9e?s=96&d=mm&r=g","caption":"Farmac\u00e9utica Inmaculada Vicente"},"logo":{"@id":"https:\/\/farmacialisboa.es\/blog\/#\/schema\/person\/image\/"},"url":"https:\/\/farmacialisboa.es\/blog\/author\/soporte_u4027r77"}]}},"_links":{"self":[{"href":"https:\/\/farmacialisboa.es\/blog\/wp-json\/wp\/v2\/posts\/3364","targetHints":{"allow":["GET"]}}],"collection":[{"href":"https:\/\/farmacialisboa.es\/blog\/wp-json\/wp\/v2\/posts"}],"about":[{"href":"https:\/\/farmacialisboa.es\/blog\/wp-json\/wp\/v2\/types\/post"}],"author":[{"embeddable":true,"href":"https:\/\/farmacialisboa.es\/blog\/wp-json\/wp\/v2\/users\/1"}],"replies":[{"embeddable":true,"href":"https:\/\/farmacialisboa.es\/blog\/wp-json\/wp\/v2\/comments?post=3364"}],"version-history":[{"count":11,"href":"https:\/\/farmacialisboa.es\/blog\/wp-json\/wp\/v2\/posts\/3364\/revisions"}],"predecessor-version":[{"id":3409,"href":"https:\/\/farmacialisboa.es\/blog\/wp-json\/wp\/v2\/posts\/3364\/revisions\/3409"}],"wp:featuredmedia":[{"embeddable":true,"href":"https:\/\/farmacialisboa.es\/blog\/wp-json\/wp\/v2\/media\/3365"}],"wp:attachment":[{"href":"https:\/\/farmacialisboa.es\/blog\/wp-json\/wp\/v2\/media?parent=3364"}],"wp:term":[{"taxonomy":"category","embeddable":true,"href":"https:\/\/farmacialisboa.es\/blog\/wp-json\/wp\/v2\/categories?post=3364"},{"taxonomy":"post_tag","embeddable":true,"href":"https:\/\/farmacialisboa.es\/blog\/wp-json\/wp\/v2\/tags?post=3364"}],"curies":[{"name":"wp","href":"https:\/\/api.w.org\/{rel}","templated":true}]}}