{"id":3766,"date":"2025-04-01T20:15:13","date_gmt":"2025-04-01T20:15:13","guid":{"rendered":"https:\/\/farmacialisboa.es\/blog\/?p=3766"},"modified":"2025-03-27T22:33:12","modified_gmt":"2025-03-27T22:33:12","slug":"nuevo-vichy-liftactiv-collagen-specialist","status":"publish","type":"post","link":"https:\/\/farmacialisboa.es\/blog\/nuevo-vichy-liftactiv-collagen-specialist-3766.html","title":{"rendered":"Nuevo Vichy Liftactiv Collagen Specialist"},"content":{"rendered":"<p data-pm-slice=\"1 1 []\"><strong>Descubre el Nuevo Vichy Liftactiv Collagen Specialist 16: La Revoluci\u00f3n del Col\u00e1geno<\/strong><\/p>\n<h3>La Ciencia Detr\u00e1s de una Piel Joven<\/h3>\n<p>Tras 15 a\u00f1os de investigaci\u00f3n, m\u00e1s de 8,900 mol\u00e9culas analizadas y 25 publicaciones cient\u00edficas, <strong>Vichy<\/strong> ha desarrollado una tecnolog\u00eda innovadora: <strong>Co-Bonding<\/strong>. Este avance potencia y une las <strong>16 familias de col\u00e1geno<\/strong> presentes en la piel, logrando una <strong>matriz de col\u00e1geno m\u00e1s fuerte<\/strong>. Gracias a esta tecnolog\u00eda, el <strong>nuevo Vichy Liftactiv Collagen Specialist 16<\/strong> corrige los <strong>16 signos del envejecimiento<\/strong>, mejorando la firmeza, elasticidad y luminosidad de la piel.<\/p>\n<div id=\"attachment_3777\" style=\"width: 1034px\" class=\"wp-caption alignnone\"><img loading=\"lazy\" decoding=\"async\" aria-describedby=\"caption-attachment-3777\" class=\"size-large wp-image-3777\" src=\"https:\/\/farmacialisboa.es\/blog\/wp-content\/uploads\/2025\/03\/3-4-1024x576.png\" alt=\"Nuevo Vichy Lifactiv Specialist Collagen 16\" width=\"1024\" height=\"576\" srcset=\"https:\/\/farmacialisboa.es\/blog\/wp-content\/uploads\/2025\/03\/3-4-1024x576.png 1024w, https:\/\/farmacialisboa.es\/blog\/wp-content\/uploads\/2025\/03\/3-4-300x169.png 300w, https:\/\/farmacialisboa.es\/blog\/wp-content\/uploads\/2025\/03\/3-4-768x432.png 768w, https:\/\/farmacialisboa.es\/blog\/wp-content\/uploads\/2025\/03\/3-4-1536x864.png 1536w, https:\/\/farmacialisboa.es\/blog\/wp-content\/uploads\/2025\/03\/3-4-2048x1152.png 2048w\" sizes=\"auto, (max-width: 1024px) 100vw, 1024px\" \/><p id=\"caption-attachment-3777\" class=\"wp-caption-text\">Nuevo Vichy Lifactiv Specialist Collagen 16<\/p><\/div>\n<p>&nbsp; &nbsp; &nbsp; &nbsp; &nbsp; &nbsp; &nbsp; &nbsp; &nbsp; &nbsp; &nbsp; &nbsp; &nbsp; &nbsp; &nbsp; &nbsp; &nbsp; &nbsp; &nbsp; &nbsp; &nbsp; &nbsp; &nbsp; &nbsp; &nbsp; &nbsp; &nbsp; &nbsp; &nbsp; &nbsp; &nbsp; &nbsp; &nbsp; &nbsp; &nbsp; &nbsp; &nbsp; &nbsp; &nbsp; &nbsp; &nbsp; &nbsp; &nbsp; &nbsp; &nbsp; &nbsp;<a class=\"fasc-button fasc-size-medium fasc-type-flat\" style=\"background-color: #c92314; color: #ffffff;\" target=\"_blank\" rel=\"noopener\" href=\"https:\/\/farmacialisboa.es\/comprar\/vichy-liftactiv-collagen-specialist-16-bonding-serum-30ml\">COMPRAR AQU\u00cd<\/a><\/p>\n<h3>Beneficios del Col\u00e1geno en la Piel<\/h3>\n<p>El col\u00e1geno es una <strong>prote\u00edna esencial<\/strong> que mantiene la estructura y firmeza de la piel. Con el paso del tiempo, su producci\u00f3n disminuye, provocando flacidez, arrugas y textura irregular. <strong>Vichy Liftactiv Collagen Specialist 16<\/strong> act\u00faa para restaurar estos niveles, ayudando a:<\/p>\n<ul data-spread=\"false\">\n<li><strong>Reducir arrugas y l\u00edneas de expresi\u00f3n.<\/strong><\/li>\n<li><strong>Reafirmar y tonificar la piel.<\/strong><\/li>\n<li><strong>Hidratar y mejorar la textura cut\u00e1nea.<\/strong><\/li>\n<li><strong>Aumentar la elasticidad y resistencia de la piel.<\/strong><\/li>\n<\/ul>\n<h3>La F\u00f3rmula Poderosa de Vichy<\/h3>\n<p>Este tratamiento de alta eficacia combina <strong>ramnosa, p\u00e9ptidos antiedad y extracto de Maitake<\/strong>, ingredientes que <a href=\"https:\/\/www.loreal-paris.es\/poder-del-colageno?utm_source=sources-onlineads&amp;utm_medium=paid_search&amp;utm_content=oap_skfc_revitalift-laser-antiedad_text_awa&amp;utm_campaign=oap_skfc_revitalift-laser-antiedad_gene&amp;gad_source=1&amp;gbraid=0AAAAAC_2hbnvUhilO0CtvavYT-Q0oGdIS&amp;gclid=EAIaIQobChMIi9zZ75OqjAMVU5toCR3MbSPVEAAYASAAEgLsXfD_BwE\"><strong>potencian todas las familias de col\u00e1geno<\/strong> en la piel<\/a>. Su acci\u00f3n profunda y duradera garantiza una piel m\u00e1s tersa, luminosa y rejuvenecida.<\/p>\n<div id=\"attachment_3776\" style=\"width: 1034px\" class=\"wp-caption alignnone\"><img loading=\"lazy\" decoding=\"async\" aria-describedby=\"caption-attachment-3776\" class=\"size-large wp-image-3776\" src=\"https:\/\/farmacialisboa.es\/blog\/wp-content\/uploads\/2025\/03\/4-4-1024x576.png\" alt=\"Lifactiv Collagen Specialist 16\" width=\"1024\" height=\"576\" srcset=\"https:\/\/farmacialisboa.es\/blog\/wp-content\/uploads\/2025\/03\/4-4-1024x576.png 1024w, https:\/\/farmacialisboa.es\/blog\/wp-content\/uploads\/2025\/03\/4-4-300x169.png 300w, https:\/\/farmacialisboa.es\/blog\/wp-content\/uploads\/2025\/03\/4-4-768x432.png 768w, https:\/\/farmacialisboa.es\/blog\/wp-content\/uploads\/2025\/03\/4-4-1536x864.png 1536w, https:\/\/farmacialisboa.es\/blog\/wp-content\/uploads\/2025\/03\/4-4-2048x1152.png 2048w\" sizes=\"auto, (max-width: 1024px) 100vw, 1024px\" \/><p id=\"caption-attachment-3776\" class=\"wp-caption-text\">Lifactiv Collagen Specialist 16<\/p><\/div>\n<h3>Un Enfoque Integrativo en el Cuidado de la Piel<\/h3>\n<p><strong>Laboratorios Vichy se adapta a las nuevas tendencias en el cuidado de la piel con un enfoque integrativo<\/strong>, combinando innovaci\u00f3n cient\u00edfica con soluciones que respetan el equilibrio natural de la piel. Esta visi\u00f3n hol\u00edstica permite abordar el envejecimiento cut\u00e1neo desde distintos \u00e1ngulos, proporcionando resultados efectivos y duraderos.<\/p>\n<h3>BLOOM SKIN by Menc\u00eda: Potencia la Belleza desde el Interior<\/h3>\n<p>Para potenciar a\u00fan m\u00e1s los efectos del col\u00e1geno en la piel, <strong>Bloom Skin by Menc\u00eda<\/strong> es el complemento perfecto. Este suplemento <strong>nutricosm\u00e9tico<\/strong> combina <strong><a href=\"https:\/\/farmacialisboa.es\/blog\/colageno-y-magnesio-los-elixires-de-la-eterna-juventud-514.html\">col\u00e1geno hidrolizado,<\/a> \u00e1cido hialur\u00f3nico, MSM y vitamina C<\/strong>, proporcionando una soluci\u00f3n integral para la salud y belleza de la piel desde el interior.<\/p>\n<h3><a href=\"https:\/\/farmacialisboa.es\/laboratorio\/bloom-by-mencia\">\u00bfPor qu\u00e9 elegir Bloom Skin?<\/a><\/h3>\n<ul data-spread=\"false\">\n<li><strong>Col\u00e1geno hidrolizado:<\/strong> Ayuda a mantener la firmeza y elasticidad de la piel.<\/li>\n<li><strong>\u00c1cido hialur\u00f3nico:<\/strong> Retiene la hidrataci\u00f3n y aporta un efecto rellenador.<\/li>\n<li><strong>Vitamina C:<\/strong> Potente antioxidante que favorece la s\u00edntesis de col\u00e1geno.<\/li>\n<li><strong>MSM:<\/strong> Conocido por sus propiedades antiinflamatorias y su capacidad de mejorar la salud de la piel.<\/li>\n<\/ul>\n<p><strong>Tomar Bloom Skin diariamente fortalece la piel desde el interior, reduciendo arrugas y mejorando la hidrataci\u00f3n y luminosidad.<\/strong> Su combinaci\u00f3n sin\u00e9rgica de ingredientes lo convierte en un aliado esencial para quienes buscan una piel saludable y radiante.<\/p>\n<p><strong>Incorpora Bloom Skin a tu rutina y maximiza los beneficios del col\u00e1geno en tu piel.<\/strong> Una piel firme, luminosa y joven comienza desde dentro. \u00a1Descubre el poder de la belleza integral con Bloom by Menc\u00eda!<\/p>\n<div id=\"attachment_3778\" style=\"width: 1034px\" class=\"wp-caption alignnone\"><img loading=\"lazy\" decoding=\"async\" aria-describedby=\"caption-attachment-3778\" class=\"size-large wp-image-3778\" src=\"https:\/\/farmacialisboa.es\/blog\/wp-content\/uploads\/2025\/03\/Plantillas-post-blog-1024x576.png\" alt=\"Cuidado integral In&amp;Out\" width=\"1024\" height=\"576\" srcset=\"https:\/\/farmacialisboa.es\/blog\/wp-content\/uploads\/2025\/03\/Plantillas-post-blog-1024x576.png 1024w, https:\/\/farmacialisboa.es\/blog\/wp-content\/uploads\/2025\/03\/Plantillas-post-blog-300x169.png 300w, https:\/\/farmacialisboa.es\/blog\/wp-content\/uploads\/2025\/03\/Plantillas-post-blog-768x432.png 768w, https:\/\/farmacialisboa.es\/blog\/wp-content\/uploads\/2025\/03\/Plantillas-post-blog-1536x864.png 1536w, https:\/\/farmacialisboa.es\/blog\/wp-content\/uploads\/2025\/03\/Plantillas-post-blog-2048x1152.png 2048w\" sizes=\"auto, (max-width: 1024px) 100vw, 1024px\" \/><p id=\"caption-attachment-3778\" class=\"wp-caption-text\">Cuidado integral In&amp;Out<\/p><\/div>\n<p>&nbsp; &nbsp; &nbsp; &nbsp; &nbsp; &nbsp; &nbsp; &nbsp; &nbsp; &nbsp; &nbsp; &nbsp; &nbsp; &nbsp; &nbsp; &nbsp; &nbsp; &nbsp; &nbsp; &nbsp; &nbsp; &nbsp; &nbsp; &nbsp; &nbsp; &nbsp; &nbsp; &nbsp; &nbsp; &nbsp; &nbsp; &nbsp; &nbsp; &nbsp; &nbsp; &nbsp; &nbsp; &nbsp; &nbsp; &nbsp; &nbsp; &nbsp; &nbsp; &nbsp;<a class=\"fasc-button fasc-size-medium fasc-type-flat\" style=\"background-color: #d4b165; color: #ffffff;\" target=\"_blank\" rel=\"noopener\" href=\"https:\/\/farmacialisboa.es\/busqueda?controller=search&amp;s=bloom+skin\">COMPRAR BLOOM SKIN<\/a><\/p>\n<h3>El t\u00e1ndem perfecto para un cuidado integral<\/h3>\n<p>Liftactiv Collagen Specialist 16 y Bloom Skin by Menc\u00eda forman el t\u00e1ndem perfecto para el cuidado de la piel desde un enfoque integrativo y 360\u00b0. Mientras que Liftactiv Collagen Specialist 16 act\u00faa desde el exterior reforzando la matriz de col\u00e1geno y corrigiendo los signos visibles del envejecimiento, Bloom Skin nutre la piel desde el interior con una combinaci\u00f3n de col\u00e1geno hidrolizado, \u00e1cido hialur\u00f3nico y antioxidantes esenciales. Juntos, ofrecen una soluci\u00f3n completa para una piel m\u00e1s firme, luminosa y rejuvenecida.<\/p>\n<p>&nbsp;<\/p>\n<p>\u00abPor un autocuidado integrativo como la mejor herramienta de preservar tu salud y potenciar tu belleza\u00bb<\/p>\n<p>&nbsp;<\/p>\n<p><strong>\u00abAutocuidado, Salud y Belleza\u00bb<\/strong><\/p>\n<p><strong>Inmaculada Vicente Mar\u00eda<\/strong><\/p>\n<p>&nbsp;<\/p>\n","protected":false},"excerpt":{"rendered":"<p>Descubre el Nuevo Vichy Liftactiv Collagen Specialist 16: La Revoluci\u00f3n del Col\u00e1geno La Ciencia Detr\u00e1s de una Piel Joven Tras<\/p>\n","protected":false},"author":1,"featured_media":3775,"comment_status":"closed","ping_status":"closed","sticky":false,"template":"","format":"standard","meta":{"_exactmetrics_skip_tracking":false,"_exactmetrics_sitenote_active":false,"_exactmetrics_sitenote_note":"","_exactmetrics_sitenote_category":0,"footnotes":""},"categories":[23],"tags":[5811,86,5817,7271,7222,2690,7272,7270,6247],"class_list":["post-3766","post","type-post","status-publish","format-standard","has-post-thumbnail","hentry","category-dermocosmetica","tag-arrugas","tag-colageno","tag-flacidez","tag-nutricosmetica","tag-piel-firme","tag-serum","tag-suplemento-con-colageno","tag-tecnologia-co-bonding","tag-vichy"],"yoast_head":"<!-- This site is optimized with the Yoast SEO plugin v24.7 - https:\/\/yoast.com\/wordpress\/plugins\/seo\/ -->\n<title>Nuevo Vichy Liftactiv Collagen Specialist - Blog de Farmacia Lisboa -<\/title>\n<meta name=\"description\" content=\"Descubre el Nuevo Vichy Liftactiv Collagen Specialist 16: La Revoluci\u00f3n del Col\u00e1geno para tratar los signos de la edad\" \/>\n<meta name=\"robots\" content=\"index, follow, max-snippet:-1, max-image-preview:large, max-video-preview:-1\" \/>\n<link rel=\"canonical\" href=\"https:\/\/farmacialisboa.es\/blog\/nuevo-vichy-liftactiv-collagen-specialist-3766.html\" \/>\n<meta property=\"og:locale\" content=\"es_ES\" \/>\n<meta property=\"og:type\" content=\"article\" \/>\n<meta property=\"og:title\" content=\"Nuevo Vichy Liftactiv Collagen Specialist - Blog de Farmacia Lisboa -\" \/>\n<meta property=\"og:description\" content=\"Descubre el Nuevo Vichy Liftactiv Collagen Specialist 16: La Revoluci\u00f3n del Col\u00e1geno para tratar los signos de la edad\" \/>\n<meta property=\"og:url\" content=\"https:\/\/farmacialisboa.es\/blog\/nuevo-vichy-liftactiv-collagen-specialist-3766.html\" \/>\n<meta property=\"og:site_name\" content=\"Blog de Farmacia Lisboa -\" \/>\n<meta property=\"article:published_time\" content=\"2025-04-01T20:15:13+00:00\" \/>\n<meta property=\"og:image\" content=\"https:\/\/farmacialisboa.es\/blog\/wp-content\/uploads\/2025\/03\/3-3.png\" \/>\n\t<meta property=\"og:image:width\" content=\"2240\" \/>\n\t<meta property=\"og:image:height\" content=\"1260\" \/>\n\t<meta property=\"og:image:type\" content=\"image\/png\" \/>\n<meta name=\"author\" content=\"Farmac\u00e9utica Inmaculada Vicente\" \/>\n<meta name=\"twitter:card\" content=\"summary_large_image\" \/>\n<meta name=\"twitter:label1\" content=\"Escrito por\" \/>\n\t<meta name=\"twitter:data1\" content=\"Farmac\u00e9utica Inmaculada Vicente\" \/>\n\t<meta name=\"twitter:label2\" content=\"Tiempo de lectura\" \/>\n\t<meta name=\"twitter:data2\" content=\"4 minutos\" \/>\n<script type=\"application\/ld+json\" class=\"yoast-schema-graph\">{\"@context\":\"https:\/\/schema.org\",\"@graph\":[{\"@type\":\"Article\",\"@id\":\"https:\/\/farmacialisboa.es\/blog\/nuevo-vichy-liftactiv-collagen-specialist-3766.html#article\",\"isPartOf\":{\"@id\":\"https:\/\/farmacialisboa.es\/blog\/nuevo-vichy-liftactiv-collagen-specialist-3766.html\"},\"author\":{\"name\":\"Farmac\u00e9utica Inmaculada Vicente\",\"@id\":\"https:\/\/farmacialisboa.es\/blog\/#\/schema\/person\/f90b0034ba245d9546a4e41e87116a3f\"},\"headline\":\"Nuevo Vichy Liftactiv Collagen Specialist\",\"datePublished\":\"2025-04-01T20:15:13+00:00\",\"mainEntityOfPage\":{\"@id\":\"https:\/\/farmacialisboa.es\/blog\/nuevo-vichy-liftactiv-collagen-specialist-3766.html\"},\"wordCount\":734,\"publisher\":{\"@id\":\"https:\/\/farmacialisboa.es\/blog\/#\/schema\/person\/f90b0034ba245d9546a4e41e87116a3f\"},\"image\":{\"@id\":\"https:\/\/farmacialisboa.es\/blog\/nuevo-vichy-liftactiv-collagen-specialist-3766.html#primaryimage\"},\"thumbnailUrl\":\"https:\/\/farmacialisboa.es\/blog\/wp-content\/uploads\/2025\/03\/3-3.png\",\"keywords\":[\"Arrugas\",\"Col\u00e1geno\",\"Flacidez\",\"Nutricosm\u00e9tica\",\"Piel firme\",\"S\u00e9rum\",\"Suplemento con col\u00e1geno\",\"Tecnolog\u00eda Co-Bonding\",\"Vichy\"],\"articleSection\":[\"Dermocosm\u00e9tica\"],\"inLanguage\":\"es\"},{\"@type\":\"WebPage\",\"@id\":\"https:\/\/farmacialisboa.es\/blog\/nuevo-vichy-liftactiv-collagen-specialist-3766.html\",\"url\":\"https:\/\/farmacialisboa.es\/blog\/nuevo-vichy-liftactiv-collagen-specialist-3766.html\",\"name\":\"Nuevo Vichy Liftactiv Collagen Specialist - Blog de Farmacia Lisboa -\",\"isPartOf\":{\"@id\":\"https:\/\/farmacialisboa.es\/blog\/#website\"},\"primaryImageOfPage\":{\"@id\":\"https:\/\/farmacialisboa.es\/blog\/nuevo-vichy-liftactiv-collagen-specialist-3766.html#primaryimage\"},\"image\":{\"@id\":\"https:\/\/farmacialisboa.es\/blog\/nuevo-vichy-liftactiv-collagen-specialist-3766.html#primaryimage\"},\"thumbnailUrl\":\"https:\/\/farmacialisboa.es\/blog\/wp-content\/uploads\/2025\/03\/3-3.png\",\"datePublished\":\"2025-04-01T20:15:13+00:00\",\"description\":\"Descubre el Nuevo Vichy Liftactiv Collagen Specialist 16: La Revoluci\u00f3n del Col\u00e1geno para tratar los signos de la edad\",\"breadcrumb\":{\"@id\":\"https:\/\/farmacialisboa.es\/blog\/nuevo-vichy-liftactiv-collagen-specialist-3766.html#breadcrumb\"},\"inLanguage\":\"es\",\"potentialAction\":[{\"@type\":\"ReadAction\",\"target\":[\"https:\/\/farmacialisboa.es\/blog\/nuevo-vichy-liftactiv-collagen-specialist-3766.html\"]}]},{\"@type\":\"ImageObject\",\"inLanguage\":\"es\",\"@id\":\"https:\/\/farmacialisboa.es\/blog\/nuevo-vichy-liftactiv-collagen-specialist-3766.html#primaryimage\",\"url\":\"https:\/\/farmacialisboa.es\/blog\/wp-content\/uploads\/2025\/03\/3-3.png\",\"contentUrl\":\"https:\/\/farmacialisboa.es\/blog\/wp-content\/uploads\/2025\/03\/3-3.png\",\"width\":2240,\"height\":1260,\"caption\":\"Lifactiv Collagen Specialist 16\"},{\"@type\":\"BreadcrumbList\",\"@id\":\"https:\/\/farmacialisboa.es\/blog\/nuevo-vichy-liftactiv-collagen-specialist-3766.html#breadcrumb\",\"itemListElement\":[{\"@type\":\"ListItem\",\"position\":1,\"name\":\"Home\",\"item\":\"https:\/\/farmacialisboa.es\/blog\"},{\"@type\":\"ListItem\",\"position\":2,\"name\":\"Nuevo Vichy Liftactiv Collagen Specialist\"}]},{\"@type\":\"WebSite\",\"@id\":\"https:\/\/farmacialisboa.es\/blog\/#website\",\"url\":\"https:\/\/farmacialisboa.es\/blog\/\",\"name\":\"Blog de Farmacia Lisboa -\",\"description\":\"Consejos sobre salud y bienestar, productos de farmacia online, tratamientos novedosos, cosm\u00e9tica y m\u00e1s.\",\"publisher\":{\"@id\":\"https:\/\/farmacialisboa.es\/blog\/#\/schema\/person\/f90b0034ba245d9546a4e41e87116a3f\"},\"potentialAction\":[{\"@type\":\"SearchAction\",\"target\":{\"@type\":\"EntryPoint\",\"urlTemplate\":\"https:\/\/farmacialisboa.es\/blog\/?s={search_term_string}\"},\"query-input\":{\"@type\":\"PropertyValueSpecification\",\"valueRequired\":true,\"valueName\":\"search_term_string\"}}],\"inLanguage\":\"es\"},{\"@type\":[\"Person\",\"Organization\"],\"@id\":\"https:\/\/farmacialisboa.es\/blog\/#\/schema\/person\/f90b0034ba245d9546a4e41e87116a3f\",\"name\":\"Farmac\u00e9utica Inmaculada Vicente\",\"image\":{\"@type\":\"ImageObject\",\"inLanguage\":\"es\",\"@id\":\"https:\/\/farmacialisboa.es\/blog\/#\/schema\/person\/image\/\",\"url\":\"https:\/\/secure.gravatar.com\/avatar\/e0893039af7245eb9fe370eae0410a9e?s=96&d=mm&r=g\",\"contentUrl\":\"https:\/\/secure.gravatar.com\/avatar\/e0893039af7245eb9fe370eae0410a9e?s=96&d=mm&r=g\",\"caption\":\"Farmac\u00e9utica Inmaculada Vicente\"},\"logo\":{\"@id\":\"https:\/\/farmacialisboa.es\/blog\/#\/schema\/person\/image\/\"},\"url\":\"https:\/\/farmacialisboa.es\/blog\/author\/soporte_u4027r77\"}]}<\/script>\n<!-- \/ Yoast SEO plugin. -->","yoast_head_json":{"title":"Nuevo Vichy Liftactiv Collagen Specialist - Blog de Farmacia Lisboa -","description":"Descubre el Nuevo Vichy Liftactiv Collagen Specialist 16: La Revoluci\u00f3n del Col\u00e1geno para tratar los signos de la edad","robots":{"index":"index","follow":"follow","max-snippet":"max-snippet:-1","max-image-preview":"max-image-preview:large","max-video-preview":"max-video-preview:-1"},"canonical":"https:\/\/farmacialisboa.es\/blog\/nuevo-vichy-liftactiv-collagen-specialist-3766.html","og_locale":"es_ES","og_type":"article","og_title":"Nuevo Vichy Liftactiv Collagen Specialist - Blog de Farmacia Lisboa -","og_description":"Descubre el Nuevo Vichy Liftactiv Collagen Specialist 16: La Revoluci\u00f3n del Col\u00e1geno para tratar los signos de la edad","og_url":"https:\/\/farmacialisboa.es\/blog\/nuevo-vichy-liftactiv-collagen-specialist-3766.html","og_site_name":"Blog de Farmacia Lisboa -","article_published_time":"2025-04-01T20:15:13+00:00","og_image":[{"width":2240,"height":1260,"url":"https:\/\/farmacialisboa.es\/blog\/wp-content\/uploads\/2025\/03\/3-3.png","type":"image\/png"}],"author":"Farmac\u00e9utica Inmaculada Vicente","twitter_card":"summary_large_image","twitter_misc":{"Escrito por":"Farmac\u00e9utica Inmaculada Vicente","Tiempo de lectura":"4 minutos"},"schema":{"@context":"https:\/\/schema.org","@graph":[{"@type":"Article","@id":"https:\/\/farmacialisboa.es\/blog\/nuevo-vichy-liftactiv-collagen-specialist-3766.html#article","isPartOf":{"@id":"https:\/\/farmacialisboa.es\/blog\/nuevo-vichy-liftactiv-collagen-specialist-3766.html"},"author":{"name":"Farmac\u00e9utica Inmaculada Vicente","@id":"https:\/\/farmacialisboa.es\/blog\/#\/schema\/person\/f90b0034ba245d9546a4e41e87116a3f"},"headline":"Nuevo Vichy Liftactiv Collagen Specialist","datePublished":"2025-04-01T20:15:13+00:00","mainEntityOfPage":{"@id":"https:\/\/farmacialisboa.es\/blog\/nuevo-vichy-liftactiv-collagen-specialist-3766.html"},"wordCount":734,"publisher":{"@id":"https:\/\/farmacialisboa.es\/blog\/#\/schema\/person\/f90b0034ba245d9546a4e41e87116a3f"},"image":{"@id":"https:\/\/farmacialisboa.es\/blog\/nuevo-vichy-liftactiv-collagen-specialist-3766.html#primaryimage"},"thumbnailUrl":"https:\/\/farmacialisboa.es\/blog\/wp-content\/uploads\/2025\/03\/3-3.png","keywords":["Arrugas","Col\u00e1geno","Flacidez","Nutricosm\u00e9tica","Piel firme","S\u00e9rum","Suplemento con col\u00e1geno","Tecnolog\u00eda Co-Bonding","Vichy"],"articleSection":["Dermocosm\u00e9tica"],"inLanguage":"es"},{"@type":"WebPage","@id":"https:\/\/farmacialisboa.es\/blog\/nuevo-vichy-liftactiv-collagen-specialist-3766.html","url":"https:\/\/farmacialisboa.es\/blog\/nuevo-vichy-liftactiv-collagen-specialist-3766.html","name":"Nuevo Vichy Liftactiv Collagen Specialist - Blog de Farmacia Lisboa -","isPartOf":{"@id":"https:\/\/farmacialisboa.es\/blog\/#website"},"primaryImageOfPage":{"@id":"https:\/\/farmacialisboa.es\/blog\/nuevo-vichy-liftactiv-collagen-specialist-3766.html#primaryimage"},"image":{"@id":"https:\/\/farmacialisboa.es\/blog\/nuevo-vichy-liftactiv-collagen-specialist-3766.html#primaryimage"},"thumbnailUrl":"https:\/\/farmacialisboa.es\/blog\/wp-content\/uploads\/2025\/03\/3-3.png","datePublished":"2025-04-01T20:15:13+00:00","description":"Descubre el Nuevo Vichy Liftactiv Collagen Specialist 16: La Revoluci\u00f3n del Col\u00e1geno para tratar los signos de la edad","breadcrumb":{"@id":"https:\/\/farmacialisboa.es\/blog\/nuevo-vichy-liftactiv-collagen-specialist-3766.html#breadcrumb"},"inLanguage":"es","potentialAction":[{"@type":"ReadAction","target":["https:\/\/farmacialisboa.es\/blog\/nuevo-vichy-liftactiv-collagen-specialist-3766.html"]}]},{"@type":"ImageObject","inLanguage":"es","@id":"https:\/\/farmacialisboa.es\/blog\/nuevo-vichy-liftactiv-collagen-specialist-3766.html#primaryimage","url":"https:\/\/farmacialisboa.es\/blog\/wp-content\/uploads\/2025\/03\/3-3.png","contentUrl":"https:\/\/farmacialisboa.es\/blog\/wp-content\/uploads\/2025\/03\/3-3.png","width":2240,"height":1260,"caption":"Lifactiv Collagen Specialist 16"},{"@type":"BreadcrumbList","@id":"https:\/\/farmacialisboa.es\/blog\/nuevo-vichy-liftactiv-collagen-specialist-3766.html#breadcrumb","itemListElement":[{"@type":"ListItem","position":1,"name":"Home","item":"https:\/\/farmacialisboa.es\/blog"},{"@type":"ListItem","position":2,"name":"Nuevo Vichy Liftactiv Collagen Specialist"}]},{"@type":"WebSite","@id":"https:\/\/farmacialisboa.es\/blog\/#website","url":"https:\/\/farmacialisboa.es\/blog\/","name":"Blog de Farmacia Lisboa -","description":"Consejos sobre salud y bienestar, productos de farmacia online, tratamientos novedosos, cosm\u00e9tica y m\u00e1s.","publisher":{"@id":"https:\/\/farmacialisboa.es\/blog\/#\/schema\/person\/f90b0034ba245d9546a4e41e87116a3f"},"potentialAction":[{"@type":"SearchAction","target":{"@type":"EntryPoint","urlTemplate":"https:\/\/farmacialisboa.es\/blog\/?s={search_term_string}"},"query-input":{"@type":"PropertyValueSpecification","valueRequired":true,"valueName":"search_term_string"}}],"inLanguage":"es"},{"@type":["Person","Organization"],"@id":"https:\/\/farmacialisboa.es\/blog\/#\/schema\/person\/f90b0034ba245d9546a4e41e87116a3f","name":"Farmac\u00e9utica Inmaculada Vicente","image":{"@type":"ImageObject","inLanguage":"es","@id":"https:\/\/farmacialisboa.es\/blog\/#\/schema\/person\/image\/","url":"https:\/\/secure.gravatar.com\/avatar\/e0893039af7245eb9fe370eae0410a9e?s=96&d=mm&r=g","contentUrl":"https:\/\/secure.gravatar.com\/avatar\/e0893039af7245eb9fe370eae0410a9e?s=96&d=mm&r=g","caption":"Farmac\u00e9utica Inmaculada Vicente"},"logo":{"@id":"https:\/\/farmacialisboa.es\/blog\/#\/schema\/person\/image\/"},"url":"https:\/\/farmacialisboa.es\/blog\/author\/soporte_u4027r77"}]}},"_links":{"self":[{"href":"https:\/\/farmacialisboa.es\/blog\/wp-json\/wp\/v2\/posts\/3766","targetHints":{"allow":["GET"]}}],"collection":[{"href":"https:\/\/farmacialisboa.es\/blog\/wp-json\/wp\/v2\/posts"}],"about":[{"href":"https:\/\/farmacialisboa.es\/blog\/wp-json\/wp\/v2\/types\/post"}],"author":[{"embeddable":true,"href":"https:\/\/farmacialisboa.es\/blog\/wp-json\/wp\/v2\/users\/1"}],"replies":[{"embeddable":true,"href":"https:\/\/farmacialisboa.es\/blog\/wp-json\/wp\/v2\/comments?post=3766"}],"version-history":[{"count":3,"href":"https:\/\/farmacialisboa.es\/blog\/wp-json\/wp\/v2\/posts\/3766\/revisions"}],"predecessor-version":[{"id":3780,"href":"https:\/\/farmacialisboa.es\/blog\/wp-json\/wp\/v2\/posts\/3766\/revisions\/3780"}],"wp:featuredmedia":[{"embeddable":true,"href":"https:\/\/farmacialisboa.es\/blog\/wp-json\/wp\/v2\/media\/3775"}],"wp:attachment":[{"href":"https:\/\/farmacialisboa.es\/blog\/wp-json\/wp\/v2\/media?parent=3766"}],"wp:term":[{"taxonomy":"category","embeddable":true,"href":"https:\/\/farmacialisboa.es\/blog\/wp-json\/wp\/v2\/categories?post=3766"},{"taxonomy":"post_tag","embeddable":true,"href":"https:\/\/farmacialisboa.es\/blog\/wp-json\/wp\/v2\/tags?post=3766"}],"curies":[{"name":"wp","href":"https:\/\/api.w.org\/{rel}","templated":true}]}}