{"id":396,"date":"2018-11-18T21:05:20","date_gmt":"2018-11-18T21:05:20","guid":{"rendered":"https:\/\/farmacialisboa.es\/\/blog\/?p=5855"},"modified":"2023-08-14T16:48:23","modified_gmt":"2023-08-14T16:48:23","slug":"una-de-las-mayores-amenazas-para-la-salud-publica-mundial-es-la-resistencia-a-los-antibioticos","status":"publish","type":"post","link":"https:\/\/farmacialisboa.es\/blog\/una-de-las-mayores-amenazas-para-la-salud-publica-mundial-es-la-resistencia-a-los-antibioticos-396.html","title":{"rendered":"Resistencia a los antibi\u00f3ticos"},"content":{"rendered":"<p><strong>Nos encontramos en la actualidad con un problema de resistencia frente a los antibi\u00f3ticos producido por un abuso constante de ellos:<\/strong><\/p>\n<ul>\n<li>Estos medicamentos\u00a0que durante casi 80 a\u00f1os han salvado millones de vidas gracias a su capacidad para matar bacterias y convertir enfermedades mortales en simples molestias, est\u00e1n perdiendo esa facultad.<\/li>\n<li><span style=\"text-align: justify;\">Los antibi\u00f3ticos, descubiertos en el siglo pasado, son poderosos medicamentos que se utilizan para combatir infecciones de bacterias y otros microbios.<\/span><\/li>\n<li><span style=\"text-align: justify;\">Hoy son el cimiento de la medicina moderna y es dif\u00edcil imaginar un mundo sin ellos.\u00a0<\/span><\/li>\n<li><span style=\"text-align: justify;\">Sin embargo, hemos abusado enormemente de este gran logro y ello ha derivado en un problema de <\/span><a href=\"https:\/\/www.elsevier.es\/es-revista-revista-medicina-e-investigacion-353\"><strong style=\"text-align: justify;\">resistencia a los antibi\u00f3ticos<\/strong><span style=\"text-align: justify;\">\u00a0por parte de las bacterias.<\/span><\/a><\/li>\n<\/ul>\n<h3><strong>\u00bfCu\u00e1ntas veces hemos tomado un antibi\u00f3tico cuando en realidad no era necesario?<\/strong><\/h3>\n<p style=\"text-align: justify;\">Los antibi\u00f3ticos s\u00f3lo curan infecciones producidas por bacterias y la gran mayor\u00eda de las infecciones que cualquiera de nosotros sufre est\u00e1n producidas por virus, frente a los que los antibi\u00f3ticos no sirven de nada.<\/p>\n<p style=\"text-align: justify;\">Los ejemplos m\u00e1s t\u00edpicos son la gripe o el catarro com\u00fan.<\/p>\n<p style=\"text-align: justify;\"><a href=\"https:\/\/www.mayoclinic.org\/es-es\/healthy-lifestyle\/consumer-health\/in-depth\/antibiotics\/art-20045720\">Con cada infecci\u00f3n que tratamos con antibi\u00f3ticos sin ser necesarios, estamos haciendo menos eficaces a estos f\u00e1rmacos.<\/a><\/p>\n<p style=\"text-align: justify;\">De hecho, <strong>la resistencia a los antibi\u00f3ticos est\u00e1 siendo considerada ya una de las mayores amenazas para la salud del siglo XXI<\/strong>.<\/p>\n<blockquote>\n<p style=\"text-align: justify;\"><strong><em>Si presenta una enfermedad que le sugiera una infecci\u00f3n, no lo dude, consulte a su m\u00e9dico. S\u00f3lo \u00e9l, despu\u00e9s de una exploraci\u00f3n profunda, est\u00e1 capacitado para decidir si esta infecci\u00f3n se cura o no con antibi\u00f3ticos.<\/em><\/strong><\/p>\n<\/blockquote>\n<h3>Una nueva era en la resistencia a los antibi\u00f3ticos<\/h3>\n<ul>\n<li style=\"text-align: justify;\">Desde que el Dr. Fleming descubriera la penicilina, los antibi\u00f3ticos y la industria qu\u00edmica en general hab\u00edan sido lanzadas al estrellato.<\/li>\n<li style=\"text-align: justify;\">Algo l\u00f3gico teniendo en cuenta que eran, y a\u00fan son, herramientas eficaces y r\u00e1pidas.<\/li>\n<li><span style=\"text-align: justify;\">Sin embargo, cuando no se ha cumplido un siglo de su descubrimiento, los seres humanos ya nos hemos encargado de reducir su eficacia.<\/span><\/li>\n<li>Las bacterias multirresistentes ya causan al a\u00f1o la muerte de m\u00e1s de 30.000 personas en Europa y de 4.000 en Espa\u00f1a.<\/li>\n<li style=\"text-align: justify;\">Nos estamos acercando a una era <strong>post-antibi\u00f3ticos<\/strong> en el que las operaciones rutinarias ser\u00edan imposibles.<\/li>\n<li><span style=\"text-align: justify;\">Podr\u00edamos regresar a las \u00e9pocas oscuras de la medicina donde incluso los tratamientos m\u00e1s comunes e infecciones podr\u00edan potencialmente, llegar a ser mortales.<\/span><\/li>\n<li>Cosas tan comunes como una infecci\u00f3n de garganta o un rasgu\u00f1o en la rodilla de un ni\u00f1o podr\u00edan nuevamente, volver a matar.<\/li>\n<li><span style=\"text-align: justify;\">La neumon\u00eda ha vuelto a ser la principal asesina de ancianos.<\/span><\/li>\n<li><span style=\"text-align: justify;\">Una nueva pr\u00f3tesis de cadera o rodilla, una nueva v\u00e1lvula card\u00edaca, una cirug\u00eda pl\u00e1stica, \u00a0y hasta un tatuaje; se convertir\u00edan en un enorme riesgo de muerte.<\/span><\/li>\n<\/ul>\n<div id=\"attachment_2793\" style=\"width: 1034px\" class=\"wp-caption alignnone\"><img loading=\"lazy\" decoding=\"async\" aria-describedby=\"caption-attachment-2793\" class=\"size-large wp-image-2793\" src=\"https:\/\/farmacialisboa.es\/blog\/wp-content\/uploads\/2018\/11\/1-1024x576.png\" alt=\"La resistencia a los antibi\u00f3ticos puede ser nefasta para la humanidad\" width=\"1024\" height=\"576\" srcset=\"https:\/\/farmacialisboa.es\/blog\/wp-content\/uploads\/2018\/11\/1-1024x576.png 1024w, https:\/\/farmacialisboa.es\/blog\/wp-content\/uploads\/2018\/11\/1-300x169.png 300w, https:\/\/farmacialisboa.es\/blog\/wp-content\/uploads\/2018\/11\/1-768x432.png 768w, https:\/\/farmacialisboa.es\/blog\/wp-content\/uploads\/2018\/11\/1-1536x864.png 1536w, https:\/\/farmacialisboa.es\/blog\/wp-content\/uploads\/2018\/11\/1-2048x1152.png 2048w\" sizes=\"auto, (max-width: 1024px) 100vw, 1024px\" \/><p id=\"caption-attachment-2793\" class=\"wp-caption-text\">La resistencia a los antibi\u00f3ticos puede ser nefasta para la humanidad<\/p><\/div>\n<h3 style=\"text-align: justify;\">La era post antibi\u00f3ticos<\/h3>\n<p style=\"text-align: justify;\">La era en la que las llamadas \u00abmedicinas milagrosas\u00bb, los antibi\u00f3ticos, dejar\u00e1n de funcionar, no ha llegado, pero estamos cerca.<\/p>\n<p style=\"text-align: justify;\">Los cient\u00edficos en todo el mundo est\u00e1n en una carrera contra el tiempo tratando de entender c\u00f3mo los pat\u00f3genos han logrado desarrollar sus resistencias.<\/p>\n<p style=\"text-align: justify;\">Las conocidas como s\u00faper-bacterias est\u00e1n aumentando en todo el mundo y tienen la capacidad de causar problemas de salud graves a escala planetaria.<\/p>\n<p style=\"text-align: justify;\">Algo que resulta a\u00fan m\u00e1s grave, es, que los focos principales de infecci\u00f3n de estos poderosos y temibles g\u00e9rmenes, son los propios hospitales y centros sanitarios.<\/p>\n<p style=\"text-align: justify;\">Y todo esto no solo afecta a los humanos, nuestras fuentes de alimentos tambi\u00e9n se ver\u00e1n afectadas.<\/p>\n<p style=\"text-align: justify;\">La mayor parte de los alimentos que consumimos en el mundo industrializado: <em>carne de ternera, pollo, pescado y mariscos<\/em>, as\u00ed como <em>ciertos cultivos alimentarios<\/em>, reciben rutinariamente tratamientos con <strong>antibi\u00f3ticos.<\/strong><\/p>\n<h3>\u00bfC\u00f3mo afrontaremos el reto de vivir sin la eficacia de los antibi\u00f3ticos?<\/h3>\n<p style=\"text-align: justify;\">Una vez m\u00e1s, nuestra especie debe adaptarse, esta vez, con un cambio de actitud y de pensamiento, orientando la lucha contra infecciones con un enfoque diferente.<\/p>\n<p>El cuerpo humano dispone de un <strong>sistema inmunitario<\/strong> altamente sofisticado que nos permite hacer frente a las posibles invasiones de microorganismos pat\u00f3genos.<\/p>\n<p>Potenciar y mantener nuestro sistema inmune en forma mediante un<a href=\"https:\/\/farmacialisboa.es\/blog\/en-el-futuro-de-nuestra-salud-no-hay-nada-escrito-de-ahi-la-relevancia-del-autocuidado-427.html\"> autocuidado responsable para preservar la salud, podr\u00eda convertirse en nuestra mayor defensa.<\/a><\/p>\n<h3>Nacemos con un sistema inmune capaz de defendernos<\/h3>\n<p style=\"text-align: justify;\"><strong>Nuestros cuerpos est\u00e1n perfectamente equipados para combatir las infecciones por s\u00ed mismos<\/strong>, ya que nacemos con un sistema inmune que est\u00e1 destinado a protegernos.<\/p>\n<p style=\"text-align: justify;\">El sistema inmune nos permite enfrentarnos y vencer a diferentes enfermedades causadas por microorganismos tales como los virus y las bacterias.<\/p>\n<p style=\"text-align: justify;\">Sin \u00e9l, cualquier infecci\u00f3n acabar\u00eda da\u00f1ando \u00f3rganos vitales y conducirnos a la muerte.<\/p>\n<p>Su buen funcionamiento depende mucho de nuestro estilo de vida y de la capacidad de gestionar factores como el estr\u00e9s.<\/p>\n<h3><a href=\"https:\/\/medlineplus.gov\/spanish\/immunesystemanddisorders.html\">\u00bfQu\u00e9 es el sistema inmunitario?<\/a><\/h3>\n<ul>\n<li>El sistema inmunitario es una compleja red de c\u00e9lulas, tejidos y \u00f3rganos. Juntos ayudan a nuestro cuerpo a combatir infecciones y otras enfermedades.<\/li>\n<li>Cuando los g\u00e9rmenes como bacterias o virus invaden nuestro cuerpo, atacan y se multiplican. Esto se conoce como infecci\u00f3n.<\/li>\n<li>Estas sustancias se llaman ant\u00edgenos. Pueden ser g\u00e9rmenes como bacterias y virus; o sustancias qu\u00edmicas o toxinas.<\/li>\n<li>Tambi\u00e9n pueden ser c\u00e9lulas da\u00f1adas por el c\u00e1ncer o quemaduras solares.<\/li>\n<li>La infecci\u00f3n causa la enfermedad.<\/li>\n<li>Nuestro sistema inmunitario nos protege de la enfermedad combatiendo los g\u00e9rmenes.<\/li>\n<li>Cuando el sistema inmunitario reconoce un ant\u00edgeno, lo ataca, a esto se le llama respuesta inmune.<\/li>\n<li>Parte de esta respuesta es producir anticuerpos.<\/li>\n<li>Los anticuerpos son prote\u00ednas que act\u00faan para atacar, debilitar y destruir ant\u00edgenos.<\/li>\n<\/ul>\n<h3><strong>\u00bfC\u00f3mo act\u00faa nuestro sistema inmune?<\/strong><\/h3>\n<p>Nuestro sistema inmunitario defiende el cuerpo contra sustancias que considera da\u00f1inas o extra\u00f1as.<\/p>\n<p style=\"text-align: justify;\"><a href=\"https:\/\/farmacialisboa.es\/blog\/sistema-inmunitario-y-covid-19-958.html\">Cuando un virus nos infecta, el sistema inmune detecta su presencia y genera dos tipos de respuesta:<\/a><\/p>\n<ul>\n<li style=\"text-align: justify;\">Por un lado, produce unas prote\u00ednas llamadas anticuerpos que se unen a las prote\u00ednas del virus para neutralizarlo y as\u00ed evitar que pueda infectar a nuevas c\u00e9lulas.<\/li>\n<li style=\"text-align: justify;\">Y, por otro, \u00a0estimula unas c\u00e9lulas denominadas citot\u00f3xicas, que tienen la capacidad de reconocer c\u00e9lulas infectadas por el virus y matarlas antes de que puedan liberar m\u00e1s virus en el organismo.<\/li>\n<\/ul>\n<div id=\"attachment_2794\" style=\"width: 1034px\" class=\"wp-caption alignnone\"><img loading=\"lazy\" decoding=\"async\" aria-describedby=\"caption-attachment-2794\" class=\"size-large wp-image-2794\" src=\"https:\/\/farmacialisboa.es\/blog\/wp-content\/uploads\/2018\/11\/2-1-1024x576.png\" alt=\"Nuestro Sistema Inmune es nuestro gran aliado frente a todo tipo de enfermedades\" width=\"1024\" height=\"576\" srcset=\"https:\/\/farmacialisboa.es\/blog\/wp-content\/uploads\/2018\/11\/2-1-1024x576.png 1024w, https:\/\/farmacialisboa.es\/blog\/wp-content\/uploads\/2018\/11\/2-1-300x169.png 300w, https:\/\/farmacialisboa.es\/blog\/wp-content\/uploads\/2018\/11\/2-1-768x432.png 768w, https:\/\/farmacialisboa.es\/blog\/wp-content\/uploads\/2018\/11\/2-1-1536x864.png 1536w, https:\/\/farmacialisboa.es\/blog\/wp-content\/uploads\/2018\/11\/2-1-2048x1152.png 2048w\" sizes=\"auto, (max-width: 1024px) 100vw, 1024px\" \/><p id=\"caption-attachment-2794\" class=\"wp-caption-text\">Nuestro Sistema Inmune es nuestro gran aliado frente a todo tipo de enfermedades<\/p><\/div>\n<h3>\u00bfCu\u00e1les son las partes del sistema inmunitario?<\/h3>\n<p>El sistema inmunitario tiene muchas partes diferentes:<\/p>\n<ul>\n<li>Piel: puede ayudar a evitar que los g\u00e9rmenes ingresen al cuerpo.<\/li>\n<li>Membranas mucosas: son los revestimientos internos h\u00famedos de algunos \u00f3rganos y cavidades corporales. Producen mucosidad y otras sustancias que pueden atrapar y combatir los g\u00e9rmenes.<\/li>\n<li>Gl\u00f3bulos blancos: Luchan contra los g\u00e9rmenes<\/li>\n<li>\u00d3rganos y tejidos del sistema linf\u00e1tico: incluyen el timo, el bazo, las am\u00edgdalas, los ganglios linf\u00e1ticos, los vasos linf\u00e1ticos y la m\u00e9dula \u00f3sea; todos ellos producen, almacenan y transportan gl\u00f3bulos blancos<\/li>\n<\/ul>\n<h3>Probi\u00f3ticos; un futuro prometedor<\/h3>\n<p>Los probi\u00f3ticos constituyen un campo prometedor en la prevenci\u00f3n y el tratamiento de diferentes enfermedades.<\/p>\n<p style=\"text-align: justify;\">La aparici\u00f3n masiva de probi\u00f3ticos fabricados y comercializados por todo tipo de laboratorios, son muestra de ello.<\/p>\n<p style=\"text-align: justify;\">Estos preparados buscan y pretenden que el cuerpo humano optimice sus propios recursos, con los que nacemos, y que se desequilibran por m\u00faltiples factores.<\/p>\n<div class=\"page\" title=\"Page 2\">\n<div class=\"layoutArea\">\n<div class=\"column\">\n<p><strong>Los probi\u00f3ticos se definen como \u201cmicroorganismos vivos que cuando se administran en cantidades adecuadas confieren un efecto beneficioso a la salud del hospedador\u201d.<\/strong><\/p>\n<p>Act\u00faan frente a los microorganismos da\u00f1inos a trav\u00e9s de distintas acciones:<\/p>\n<ul>\n<li>Preservan las barreras naturales del tracto digestivo.<\/li>\n<li>Producen sustancias que<b>\u00a0<\/b>impiden el crecimiento de los microorganismos nocivos.<\/li>\n<li>Reducen el pH del intestino, o la competici\u00f3n por los nutrientes con estos.<\/li>\n<\/ul>\n<\/div>\n<\/div>\n<\/div>\n<p>Sin embargo, los grados de evidencia y fuerza de recomendaci\u00f3n para sus aplicaciones pr\u00e1cticas son d\u00e9biles en general y todav\u00eda se precisan estudios, b\u00e1sicos y cl\u00ednicos, para resolver interrogantes sobre posibles cepas, dosis y formas de administraci\u00f3n, farmacocin\u00e9tica, efectos cl\u00ednicos, seguridad, etc.<\/p>\n<h3>Las vacunas constituyen la protecci\u00f3n m\u00e1s eficaz<\/h3>\n<p>Estos preparados funcionan imitando a los virus y las bacterias que causan enfermedades, preparando al sistema inmune para reconocer y defenderse contra ellas.<\/p>\n<ul>\n<li>Las vacunas \u00a0exponen a nuestro sistema inmune a una cantidad muy peque\u00f1a y muy segura de virus o bacterias que han sido debilitados o destruidos.<\/li>\n<li>El sistema inmunitario aprende as\u00ed, a reconocer y a atacar la infecci\u00f3n si resulta expuesto a ella posteriormente en su vida.<\/li>\n<li>Como resultado, es m\u00e1s dif\u00edcil enfermar y en caso de padecer una infecci\u00f3n, ser\u00e1 m\u00e1s leve.<\/li>\n<\/ul>\n<div id=\"attachment_3011\" style=\"width: 1034px\" class=\"wp-caption alignnone\"><img loading=\"lazy\" decoding=\"async\" aria-describedby=\"caption-attachment-3011\" class=\"size-large wp-image-3011\" src=\"https:\/\/farmacialisboa.es\/blog\/wp-content\/uploads\/2018\/11\/Bockford-Department-Store-4-1024x576.png\" alt=\"Las vacunas constituyen una herramienta eficaz a la hora de inmunizarnos frente a las infecciones\" width=\"1024\" height=\"576\" srcset=\"https:\/\/farmacialisboa.es\/blog\/wp-content\/uploads\/2018\/11\/Bockford-Department-Store-4-1024x576.png 1024w, https:\/\/farmacialisboa.es\/blog\/wp-content\/uploads\/2018\/11\/Bockford-Department-Store-4-300x169.png 300w, https:\/\/farmacialisboa.es\/blog\/wp-content\/uploads\/2018\/11\/Bockford-Department-Store-4-768x432.png 768w, https:\/\/farmacialisboa.es\/blog\/wp-content\/uploads\/2018\/11\/Bockford-Department-Store-4-1536x864.png 1536w, https:\/\/farmacialisboa.es\/blog\/wp-content\/uploads\/2018\/11\/Bockford-Department-Store-4-2048x1152.png 2048w\" sizes=\"auto, (max-width: 1024px) 100vw, 1024px\" \/><p id=\"caption-attachment-3011\" class=\"wp-caption-text\">Las vacunas constituyen una herramienta eficaz a la hora de inmunizarnos frente a las infecciones<\/p><\/div>\n<h3>\u00bfPor qu\u00e9 necesitamos las vacunas?<\/h3>\n<p>Durante unas semanas despu\u00e9s del nacimiento, los beb\u00e9s tienen algo de protecci\u00f3n contra los microbios que les causan enfermedades.<\/p>\n<p>Esta protecci\u00f3n se transmite de la madre a trav\u00e9s de la placenta antes del nacimiento. Despu\u00e9s de un corto tiempo, esta protecci\u00f3n natural desaparece.<\/p>\n<p>Gracias a las vacunas, muchas enfermedades graves y potencialmente mortales, ahora son poco frecuentes.<\/p>\n<p>En cualquier caso la mejor herramienta contra la resistencia a los antibi\u00f3ticos es utilizarlos de forma racional, as\u00ed como mantener unas medidas higi\u00e9nico-sanitarias de excepci\u00f3n.<\/p>\n<p>&nbsp;<\/p>\n<p><strong>\u00abAutocuidado, Salud y Belleza\u00bb<\/strong><\/p>\n<p><strong>Por Inmaculada Vicente Mar\u00eda.<\/strong><\/p>\n<p>&nbsp;<\/p>\n","protected":false},"excerpt":{"rendered":"<p>Nos encontramos en la actualidad con un problema de resistencia frente a los antibi\u00f3ticos producido por un abuso constante de<\/p>\n","protected":false},"author":1,"featured_media":2796,"comment_status":"closed","ping_status":"closed","sticky":false,"template":"","format":"standard","meta":{"_exactmetrics_skip_tracking":false,"_exactmetrics_sitenote_active":false,"_exactmetrics_sitenote_note":"","_exactmetrics_sitenote_category":0,"footnotes":""},"categories":[1],"tags":[31,28],"class_list":["post-396","post","type-post","status-publish","format-standard","has-post-thumbnail","hentry","category-consejos-de-salud","tag-antibioticos","tag-autocuidado"],"yoast_head":"<!-- This site is optimized with the Yoast SEO plugin v24.7 - https:\/\/yoast.com\/wordpress\/plugins\/seo\/ -->\n<title>Resistencia a los antibi\u00f3ticos, una amenaza para la salud p\u00fablica<\/title>\n<meta name=\"description\" content=\"Nos encontramos en la actualidad con un problema de resistencia a los antibi\u00f3ticos. Estos medicamentos est\u00e1n perdiendo su capacidad\" \/>\n<meta name=\"robots\" content=\"index, follow, max-snippet:-1, max-image-preview:large, max-video-preview:-1\" \/>\n<link rel=\"canonical\" href=\"https:\/\/farmacialisboa.es\/blog\/una-de-las-mayores-amenazas-para-la-salud-publica-mundial-es-la-resistencia-a-los-antibioticos-396.html\" \/>\n<meta property=\"og:locale\" content=\"es_ES\" \/>\n<meta property=\"og:type\" content=\"article\" \/>\n<meta property=\"og:title\" content=\"Resistencia a los antibi\u00f3ticos, una amenaza para la salud p\u00fablica\" \/>\n<meta property=\"og:description\" content=\"Nos encontramos en la actualidad con un problema de resistencia a los antibi\u00f3ticos. Estos medicamentos est\u00e1n perdiendo su capacidad\" \/>\n<meta property=\"og:url\" content=\"https:\/\/farmacialisboa.es\/blog\/una-de-las-mayores-amenazas-para-la-salud-publica-mundial-es-la-resistencia-a-los-antibioticos-396.html\" \/>\n<meta property=\"og:site_name\" content=\"Blog de Farmacia Lisboa -\" \/>\n<meta property=\"article:published_time\" content=\"2018-11-18T21:05:20+00:00\" \/>\n<meta property=\"article:modified_time\" content=\"2023-08-14T16:48:23+00:00\" \/>\n<meta property=\"og:image\" content=\"https:\/\/farmacialisboa.es\/blog\/wp-content\/uploads\/2018\/11\/3-1.png\" \/>\n\t<meta property=\"og:image:width\" content=\"2240\" \/>\n\t<meta property=\"og:image:height\" content=\"1260\" \/>\n\t<meta property=\"og:image:type\" content=\"image\/png\" \/>\n<meta name=\"author\" content=\"Farmac\u00e9utica Inmaculada Vicente\" \/>\n<meta name=\"twitter:card\" content=\"summary_large_image\" \/>\n<meta name=\"twitter:label1\" content=\"Escrito por\" \/>\n\t<meta name=\"twitter:data1\" content=\"Farmac\u00e9utica Inmaculada Vicente\" \/>\n\t<meta name=\"twitter:label2\" content=\"Tiempo de lectura\" \/>\n\t<meta name=\"twitter:data2\" content=\"8 minutos\" \/>\n<script type=\"application\/ld+json\" class=\"yoast-schema-graph\">{\"@context\":\"https:\/\/schema.org\",\"@graph\":[{\"@type\":\"Article\",\"@id\":\"https:\/\/farmacialisboa.es\/blog\/una-de-las-mayores-amenazas-para-la-salud-publica-mundial-es-la-resistencia-a-los-antibioticos-396.html#article\",\"isPartOf\":{\"@id\":\"https:\/\/farmacialisboa.es\/blog\/una-de-las-mayores-amenazas-para-la-salud-publica-mundial-es-la-resistencia-a-los-antibioticos-396.html\"},\"author\":{\"name\":\"Farmac\u00e9utica Inmaculada Vicente\",\"@id\":\"https:\/\/farmacialisboa.es\/blog\/#\/schema\/person\/f90b0034ba245d9546a4e41e87116a3f\"},\"headline\":\"Resistencia a los antibi\u00f3ticos\",\"datePublished\":\"2018-11-18T21:05:20+00:00\",\"dateModified\":\"2023-08-14T16:48:23+00:00\",\"mainEntityOfPage\":{\"@id\":\"https:\/\/farmacialisboa.es\/blog\/una-de-las-mayores-amenazas-para-la-salud-publica-mundial-es-la-resistencia-a-los-antibioticos-396.html\"},\"wordCount\":1623,\"publisher\":{\"@id\":\"https:\/\/farmacialisboa.es\/blog\/#\/schema\/person\/f90b0034ba245d9546a4e41e87116a3f\"},\"image\":{\"@id\":\"https:\/\/farmacialisboa.es\/blog\/una-de-las-mayores-amenazas-para-la-salud-publica-mundial-es-la-resistencia-a-los-antibioticos-396.html#primaryimage\"},\"thumbnailUrl\":\"https:\/\/farmacialisboa.es\/blog\/wp-content\/uploads\/2018\/11\/3-1.png\",\"keywords\":[\"Antibi\u00f3ticos\",\"Autocuidado\"],\"articleSection\":[\"Consejos de Salud\"],\"inLanguage\":\"es\"},{\"@type\":\"WebPage\",\"@id\":\"https:\/\/farmacialisboa.es\/blog\/una-de-las-mayores-amenazas-para-la-salud-publica-mundial-es-la-resistencia-a-los-antibioticos-396.html\",\"url\":\"https:\/\/farmacialisboa.es\/blog\/una-de-las-mayores-amenazas-para-la-salud-publica-mundial-es-la-resistencia-a-los-antibioticos-396.html\",\"name\":\"Resistencia a los antibi\u00f3ticos, una amenaza para la salud p\u00fablica\",\"isPartOf\":{\"@id\":\"https:\/\/farmacialisboa.es\/blog\/#website\"},\"primaryImageOfPage\":{\"@id\":\"https:\/\/farmacialisboa.es\/blog\/una-de-las-mayores-amenazas-para-la-salud-publica-mundial-es-la-resistencia-a-los-antibioticos-396.html#primaryimage\"},\"image\":{\"@id\":\"https:\/\/farmacialisboa.es\/blog\/una-de-las-mayores-amenazas-para-la-salud-publica-mundial-es-la-resistencia-a-los-antibioticos-396.html#primaryimage\"},\"thumbnailUrl\":\"https:\/\/farmacialisboa.es\/blog\/wp-content\/uploads\/2018\/11\/3-1.png\",\"datePublished\":\"2018-11-18T21:05:20+00:00\",\"dateModified\":\"2023-08-14T16:48:23+00:00\",\"description\":\"Nos encontramos en la actualidad con un problema de resistencia a los antibi\u00f3ticos. Estos medicamentos est\u00e1n perdiendo su capacidad\",\"breadcrumb\":{\"@id\":\"https:\/\/farmacialisboa.es\/blog\/una-de-las-mayores-amenazas-para-la-salud-publica-mundial-es-la-resistencia-a-los-antibioticos-396.html#breadcrumb\"},\"inLanguage\":\"es\",\"potentialAction\":[{\"@type\":\"ReadAction\",\"target\":[\"https:\/\/farmacialisboa.es\/blog\/una-de-las-mayores-amenazas-para-la-salud-publica-mundial-es-la-resistencia-a-los-antibioticos-396.html\"]}]},{\"@type\":\"ImageObject\",\"inLanguage\":\"es\",\"@id\":\"https:\/\/farmacialisboa.es\/blog\/una-de-las-mayores-amenazas-para-la-salud-publica-mundial-es-la-resistencia-a-los-antibioticos-396.html#primaryimage\",\"url\":\"https:\/\/farmacialisboa.es\/blog\/wp-content\/uploads\/2018\/11\/3-1.png\",\"contentUrl\":\"https:\/\/farmacialisboa.es\/blog\/wp-content\/uploads\/2018\/11\/3-1.png\",\"width\":2240,\"height\":1260,\"caption\":\"Resistencia a los antibi\u00f3ticos\"},{\"@type\":\"BreadcrumbList\",\"@id\":\"https:\/\/farmacialisboa.es\/blog\/una-de-las-mayores-amenazas-para-la-salud-publica-mundial-es-la-resistencia-a-los-antibioticos-396.html#breadcrumb\",\"itemListElement\":[{\"@type\":\"ListItem\",\"position\":1,\"name\":\"Home\",\"item\":\"https:\/\/farmacialisboa.es\/blog\"},{\"@type\":\"ListItem\",\"position\":2,\"name\":\"Resistencia a los antibi\u00f3ticos\"}]},{\"@type\":\"WebSite\",\"@id\":\"https:\/\/farmacialisboa.es\/blog\/#website\",\"url\":\"https:\/\/farmacialisboa.es\/blog\/\",\"name\":\"Blog de Farmacia Lisboa -\",\"description\":\"Consejos sobre salud y bienestar, productos de farmacia online, tratamientos novedosos, cosm\u00e9tica y m\u00e1s.\",\"publisher\":{\"@id\":\"https:\/\/farmacialisboa.es\/blog\/#\/schema\/person\/f90b0034ba245d9546a4e41e87116a3f\"},\"potentialAction\":[{\"@type\":\"SearchAction\",\"target\":{\"@type\":\"EntryPoint\",\"urlTemplate\":\"https:\/\/farmacialisboa.es\/blog\/?s={search_term_string}\"},\"query-input\":{\"@type\":\"PropertyValueSpecification\",\"valueRequired\":true,\"valueName\":\"search_term_string\"}}],\"inLanguage\":\"es\"},{\"@type\":[\"Person\",\"Organization\"],\"@id\":\"https:\/\/farmacialisboa.es\/blog\/#\/schema\/person\/f90b0034ba245d9546a4e41e87116a3f\",\"name\":\"Farmac\u00e9utica Inmaculada Vicente\",\"image\":{\"@type\":\"ImageObject\",\"inLanguage\":\"es\",\"@id\":\"https:\/\/farmacialisboa.es\/blog\/#\/schema\/person\/image\/\",\"url\":\"https:\/\/secure.gravatar.com\/avatar\/e0893039af7245eb9fe370eae0410a9e?s=96&d=mm&r=g\",\"contentUrl\":\"https:\/\/secure.gravatar.com\/avatar\/e0893039af7245eb9fe370eae0410a9e?s=96&d=mm&r=g\",\"caption\":\"Farmac\u00e9utica Inmaculada Vicente\"},\"logo\":{\"@id\":\"https:\/\/farmacialisboa.es\/blog\/#\/schema\/person\/image\/\"},\"url\":\"https:\/\/farmacialisboa.es\/blog\/author\/soporte_u4027r77\"}]}<\/script>\n<!-- \/ Yoast SEO plugin. -->","yoast_head_json":{"title":"Resistencia a los antibi\u00f3ticos, una amenaza para la salud p\u00fablica","description":"Nos encontramos en la actualidad con un problema de resistencia a los antibi\u00f3ticos. Estos medicamentos est\u00e1n perdiendo su capacidad","robots":{"index":"index","follow":"follow","max-snippet":"max-snippet:-1","max-image-preview":"max-image-preview:large","max-video-preview":"max-video-preview:-1"},"canonical":"https:\/\/farmacialisboa.es\/blog\/una-de-las-mayores-amenazas-para-la-salud-publica-mundial-es-la-resistencia-a-los-antibioticos-396.html","og_locale":"es_ES","og_type":"article","og_title":"Resistencia a los antibi\u00f3ticos, una amenaza para la salud p\u00fablica","og_description":"Nos encontramos en la actualidad con un problema de resistencia a los antibi\u00f3ticos. Estos medicamentos est\u00e1n perdiendo su capacidad","og_url":"https:\/\/farmacialisboa.es\/blog\/una-de-las-mayores-amenazas-para-la-salud-publica-mundial-es-la-resistencia-a-los-antibioticos-396.html","og_site_name":"Blog de Farmacia Lisboa -","article_published_time":"2018-11-18T21:05:20+00:00","article_modified_time":"2023-08-14T16:48:23+00:00","og_image":[{"width":2240,"height":1260,"url":"https:\/\/farmacialisboa.es\/blog\/wp-content\/uploads\/2018\/11\/3-1.png","type":"image\/png"}],"author":"Farmac\u00e9utica Inmaculada Vicente","twitter_card":"summary_large_image","twitter_misc":{"Escrito por":"Farmac\u00e9utica Inmaculada Vicente","Tiempo de lectura":"8 minutos"},"schema":{"@context":"https:\/\/schema.org","@graph":[{"@type":"Article","@id":"https:\/\/farmacialisboa.es\/blog\/una-de-las-mayores-amenazas-para-la-salud-publica-mundial-es-la-resistencia-a-los-antibioticos-396.html#article","isPartOf":{"@id":"https:\/\/farmacialisboa.es\/blog\/una-de-las-mayores-amenazas-para-la-salud-publica-mundial-es-la-resistencia-a-los-antibioticos-396.html"},"author":{"name":"Farmac\u00e9utica Inmaculada Vicente","@id":"https:\/\/farmacialisboa.es\/blog\/#\/schema\/person\/f90b0034ba245d9546a4e41e87116a3f"},"headline":"Resistencia a los antibi\u00f3ticos","datePublished":"2018-11-18T21:05:20+00:00","dateModified":"2023-08-14T16:48:23+00:00","mainEntityOfPage":{"@id":"https:\/\/farmacialisboa.es\/blog\/una-de-las-mayores-amenazas-para-la-salud-publica-mundial-es-la-resistencia-a-los-antibioticos-396.html"},"wordCount":1623,"publisher":{"@id":"https:\/\/farmacialisboa.es\/blog\/#\/schema\/person\/f90b0034ba245d9546a4e41e87116a3f"},"image":{"@id":"https:\/\/farmacialisboa.es\/blog\/una-de-las-mayores-amenazas-para-la-salud-publica-mundial-es-la-resistencia-a-los-antibioticos-396.html#primaryimage"},"thumbnailUrl":"https:\/\/farmacialisboa.es\/blog\/wp-content\/uploads\/2018\/11\/3-1.png","keywords":["Antibi\u00f3ticos","Autocuidado"],"articleSection":["Consejos de Salud"],"inLanguage":"es"},{"@type":"WebPage","@id":"https:\/\/farmacialisboa.es\/blog\/una-de-las-mayores-amenazas-para-la-salud-publica-mundial-es-la-resistencia-a-los-antibioticos-396.html","url":"https:\/\/farmacialisboa.es\/blog\/una-de-las-mayores-amenazas-para-la-salud-publica-mundial-es-la-resistencia-a-los-antibioticos-396.html","name":"Resistencia a los antibi\u00f3ticos, una amenaza para la salud p\u00fablica","isPartOf":{"@id":"https:\/\/farmacialisboa.es\/blog\/#website"},"primaryImageOfPage":{"@id":"https:\/\/farmacialisboa.es\/blog\/una-de-las-mayores-amenazas-para-la-salud-publica-mundial-es-la-resistencia-a-los-antibioticos-396.html#primaryimage"},"image":{"@id":"https:\/\/farmacialisboa.es\/blog\/una-de-las-mayores-amenazas-para-la-salud-publica-mundial-es-la-resistencia-a-los-antibioticos-396.html#primaryimage"},"thumbnailUrl":"https:\/\/farmacialisboa.es\/blog\/wp-content\/uploads\/2018\/11\/3-1.png","datePublished":"2018-11-18T21:05:20+00:00","dateModified":"2023-08-14T16:48:23+00:00","description":"Nos encontramos en la actualidad con un problema de resistencia a los antibi\u00f3ticos. Estos medicamentos est\u00e1n perdiendo su capacidad","breadcrumb":{"@id":"https:\/\/farmacialisboa.es\/blog\/una-de-las-mayores-amenazas-para-la-salud-publica-mundial-es-la-resistencia-a-los-antibioticos-396.html#breadcrumb"},"inLanguage":"es","potentialAction":[{"@type":"ReadAction","target":["https:\/\/farmacialisboa.es\/blog\/una-de-las-mayores-amenazas-para-la-salud-publica-mundial-es-la-resistencia-a-los-antibioticos-396.html"]}]},{"@type":"ImageObject","inLanguage":"es","@id":"https:\/\/farmacialisboa.es\/blog\/una-de-las-mayores-amenazas-para-la-salud-publica-mundial-es-la-resistencia-a-los-antibioticos-396.html#primaryimage","url":"https:\/\/farmacialisboa.es\/blog\/wp-content\/uploads\/2018\/11\/3-1.png","contentUrl":"https:\/\/farmacialisboa.es\/blog\/wp-content\/uploads\/2018\/11\/3-1.png","width":2240,"height":1260,"caption":"Resistencia a los antibi\u00f3ticos"},{"@type":"BreadcrumbList","@id":"https:\/\/farmacialisboa.es\/blog\/una-de-las-mayores-amenazas-para-la-salud-publica-mundial-es-la-resistencia-a-los-antibioticos-396.html#breadcrumb","itemListElement":[{"@type":"ListItem","position":1,"name":"Home","item":"https:\/\/farmacialisboa.es\/blog"},{"@type":"ListItem","position":2,"name":"Resistencia a los antibi\u00f3ticos"}]},{"@type":"WebSite","@id":"https:\/\/farmacialisboa.es\/blog\/#website","url":"https:\/\/farmacialisboa.es\/blog\/","name":"Blog de Farmacia Lisboa -","description":"Consejos sobre salud y bienestar, productos de farmacia online, tratamientos novedosos, cosm\u00e9tica y m\u00e1s.","publisher":{"@id":"https:\/\/farmacialisboa.es\/blog\/#\/schema\/person\/f90b0034ba245d9546a4e41e87116a3f"},"potentialAction":[{"@type":"SearchAction","target":{"@type":"EntryPoint","urlTemplate":"https:\/\/farmacialisboa.es\/blog\/?s={search_term_string}"},"query-input":{"@type":"PropertyValueSpecification","valueRequired":true,"valueName":"search_term_string"}}],"inLanguage":"es"},{"@type":["Person","Organization"],"@id":"https:\/\/farmacialisboa.es\/blog\/#\/schema\/person\/f90b0034ba245d9546a4e41e87116a3f","name":"Farmac\u00e9utica Inmaculada Vicente","image":{"@type":"ImageObject","inLanguage":"es","@id":"https:\/\/farmacialisboa.es\/blog\/#\/schema\/person\/image\/","url":"https:\/\/secure.gravatar.com\/avatar\/e0893039af7245eb9fe370eae0410a9e?s=96&d=mm&r=g","contentUrl":"https:\/\/secure.gravatar.com\/avatar\/e0893039af7245eb9fe370eae0410a9e?s=96&d=mm&r=g","caption":"Farmac\u00e9utica Inmaculada Vicente"},"logo":{"@id":"https:\/\/farmacialisboa.es\/blog\/#\/schema\/person\/image\/"},"url":"https:\/\/farmacialisboa.es\/blog\/author\/soporte_u4027r77"}]}},"_links":{"self":[{"href":"https:\/\/farmacialisboa.es\/blog\/wp-json\/wp\/v2\/posts\/396","targetHints":{"allow":["GET"]}}],"collection":[{"href":"https:\/\/farmacialisboa.es\/blog\/wp-json\/wp\/v2\/posts"}],"about":[{"href":"https:\/\/farmacialisboa.es\/blog\/wp-json\/wp\/v2\/types\/post"}],"author":[{"embeddable":true,"href":"https:\/\/farmacialisboa.es\/blog\/wp-json\/wp\/v2\/users\/1"}],"replies":[{"embeddable":true,"href":"https:\/\/farmacialisboa.es\/blog\/wp-json\/wp\/v2\/comments?post=396"}],"version-history":[{"count":14,"href":"https:\/\/farmacialisboa.es\/blog\/wp-json\/wp\/v2\/posts\/396\/revisions"}],"predecessor-version":[{"id":3012,"href":"https:\/\/farmacialisboa.es\/blog\/wp-json\/wp\/v2\/posts\/396\/revisions\/3012"}],"wp:featuredmedia":[{"embeddable":true,"href":"https:\/\/farmacialisboa.es\/blog\/wp-json\/wp\/v2\/media\/2796"}],"wp:attachment":[{"href":"https:\/\/farmacialisboa.es\/blog\/wp-json\/wp\/v2\/media?parent=396"}],"wp:term":[{"taxonomy":"category","embeddable":true,"href":"https:\/\/farmacialisboa.es\/blog\/wp-json\/wp\/v2\/categories?post=396"},{"taxonomy":"post_tag","embeddable":true,"href":"https:\/\/farmacialisboa.es\/blog\/wp-json\/wp\/v2\/tags?post=396"}],"curies":[{"name":"wp","href":"https:\/\/api.w.org\/{rel}","templated":true}]}}