{"id":409,"date":"2018-05-10T08:35:45","date_gmt":"2018-05-10T08:35:45","guid":{"rendered":"https:\/\/farmacialisboa.es\/\/blog\/?p=15164"},"modified":"2023-08-25T02:05:12","modified_gmt":"2023-08-25T02:05:12","slug":"weleda-abedul-combate-la-celulitis","status":"publish","type":"post","link":"https:\/\/farmacialisboa.es\/blog\/weleda-abedul-combate-la-celulitis-409.html","title":{"rendered":"Combate la celulitis con Weleda"},"content":{"rendered":"<p>Combate la celulitis con <strong>Weleda Abedul, <\/strong>la forma eficaz y natural n\u00famero uno en el mercado de los anticelul\u00edticos.<\/p>\n<p>El anticelul\u00edtico m\u00e1s vendido promete reducir hasta 4 cent\u00edmetros de contorno de muslo.&nbsp;Se trata de un aceite 100% natural que, aplicado mediante masaje, ayuda a reducir el problema.<\/p>\n<div id=\"attachment_2847\" style=\"width: 1034px\" class=\"wp-caption alignnone\"><img loading=\"lazy\" decoding=\"async\" aria-describedby=\"caption-attachment-2847\" class=\"size-large wp-image-2847\" src=\"https:\/\/farmacialisboa.es\/blog\/wp-content\/uploads\/2018\/05\/3-2-1024x576.png\" alt=\"Aceite de abedul Weleda para tratar la celulitis\" width=\"1024\" height=\"576\" srcset=\"https:\/\/farmacialisboa.es\/blog\/wp-content\/uploads\/2018\/05\/3-2-1024x576.png 1024w, https:\/\/farmacialisboa.es\/blog\/wp-content\/uploads\/2018\/05\/3-2-300x169.png 300w, https:\/\/farmacialisboa.es\/blog\/wp-content\/uploads\/2018\/05\/3-2-768x432.png 768w, https:\/\/farmacialisboa.es\/blog\/wp-content\/uploads\/2018\/05\/3-2-1536x864.png 1536w, https:\/\/farmacialisboa.es\/blog\/wp-content\/uploads\/2018\/05\/3-2-2048x1152.png 2048w\" sizes=\"auto, (max-width: 1024px) 100vw, 1024px\" \/><p id=\"caption-attachment-2847\" class=\"wp-caption-text\">Aceite de abedul Weleda para tratar la celulitis<\/p><\/div>\n<h3>Abedul,&nbsp;s\u00edmbolo de la primavera<\/h3>\n<p>Se trata de un <strong>\u00e1rbol milenario<\/strong>, s\u00edmbolo de la primavera y la juventud, que debe su vitalidad a su gran capacidad para movilizar l\u00edquidos, llegando a evaporar un solo ejemplar hasta 500 litros en un d\u00eda. De ah\u00ed que su extraordinario metabolismo lo haga muy interesante para estimular la circulaci\u00f3n en el organismo humano.<\/p>\n<h3>\u00bfQu\u00e9 es la celulitis?<\/h3>\n<ul>\n<li><a href=\"https:\/\/www.redaccionmedica.com\/la-revista\">La celulitis es un <strong>s\u00edndrome cl\u00ednico<\/strong><\/a> que implica cambios espec\u00edficos en el tejido d\u00e9rmico y subcut\u00e1neo, en el que aparecen alteraciones vasculares e hipertrofia de las c\u00e9lulas adiposas.<\/li>\n<li>La inflamaci\u00f3n tiene un gran papel en su patogenia, siendo responsable, por ejemplo, de la hipoxia, las alteraciones endoteliales y el edema.<\/li>\n<li><strong>La progesterona<\/strong> y el <strong>estr\u00f3geno, son las dos hormonas&nbsp;<\/strong>que favorecen la acumulaci\u00f3n de adiposidades de grasa y la retenci\u00f3n de l\u00edquidos, dando como resultado la celulitis o piel de naranja.<\/li>\n<li>Las altas concentraciones de estr\u00f3geno en la sangre, alteran el funcionamiento de los vasos sangu\u00edneos que se vuelven fr\u00e1giles y porosos, situaci\u00f3n que facilita la acumulaci\u00f3n de l\u00edquidos y toxinas que provocan que las c\u00e9lulas grasas se inflamen y pierdan su dimensi\u00f3n, formando la&nbsp;celulitis.<\/li>\n<li>Las c\u00e9lulas de grasa muy llenas, efect\u00faan presi\u00f3n sobre los capilares del sistema linf\u00e1tico y de la circulaci\u00f3n de la sangre, reduciendo de esta forma el transporte de ox\u00edgeno y el flujo de l\u00edquidos de la c\u00e9lula, as\u00ed como de las sustancias que debe eliminar el metabolismo.<\/li>\n<li>Adem\u00e1s, da\u00f1a&nbsp;el&nbsp;col\u00e1geno&nbsp;y la elastina, prote\u00ednas que brindan firmeza, elasticidad y suavidad a la&nbsp;dermis.<\/li>\n<li><a href=\"https:\/\/farmacialisboa.es\/blog\/eliminar-la-celulitis-de-manera-eficaz-640.html\">M\u00e1s del 90% de las <b>mujeres<\/b>&nbsp;tienen&nbsp;algo de <b>celulitis<\/b> despu\u00e9s de la pubertad. Esto se debe a que la grasa de las <b>mujeres<\/b> se distribuye generalmente en los muslos, las caderas y los gl\u00fateos: las \u00e1reas comunes para la <b>celulitis<\/b>.<\/a><\/li>\n<li>Aunque mayoritariamente las mujeres son las m\u00e1s afectadas por este problema, tambi\u00e9n hay hombres que pueden presentarla.<\/li>\n<li>As\u00ed mismo, sabemos que es m\u00e1s frecuente en unas etnias que en otras, hay una predisposici\u00f3n racial, ya que las mujeres asi\u00e1ticas casi nunca la padecen.<\/li>\n<\/ul>\n<h3>\u00bfC\u00f3mo tratarla para un resultado eficaz ?<\/h3>\n<p>La caracter\u00edstica imagen de la celulitis, denominada \u201cpiel de naranja\u201d no s\u00f3lo tiene importancia y afecta a nivel est\u00e9tico, sino a nuestro bienestar personal, y tambi\u00e9n a nuestra salud.&nbsp;La celulitis es un problema multifactorial, y as\u00ed debe tratarse si queremos tener \u00e9xito.<\/p>\n<p>No podemos modificar los factores gen\u00e9ticos, es decir, tampoco los factores endocrinos como pubertad, embarazo y menopausia.<\/p>\n<p>Sin embargo si podemos controlar y modificar h\u00e1bitos como, por ejemplo:<\/p>\n<ul>\n<li>El uso de anticonceptivos.<\/li>\n<li>Los factores vasculares que tambi\u00e9n propician su aparici\u00f3n como el sedentarismo, el uso de ropa ce\u00f1ida o las enfermedades circulatorias, pues existe una \u00edntima relaci\u00f3n entre trastornos circulatorios y celulitis.<\/li>\n<li><a href=\"https:\/\/farmacialisboa.es\/blog\/adelgazar-nunca-fue-tan-facil-con-reto-3k-1605.html\">H\u00e1bitos alimentarios y &nbsp;estilo de vida, ya que son muy importantes para ayudar a combatirla.<\/a><\/li>\n<li><a href=\"https:\/\/farmacialisboa.es\/blog\/adelgazar-nunca-fue-tan-facil-con-reto-3k-1605.html\">Controlar el sobrepeso, con lo que se reducir\u00eda el tama\u00f1o de los <strong>adipocitos,&nbsp;<\/strong>&nbsp;disminuyendo la <strong>lipoinflamacion.<\/strong><\/a><\/li>\n<li>Beber 1-2 litros de agua por d\u00eda, restringir la sal, eliminar los t\u00f3xicos como el alcohol y el tabaco y bebidas gaseosas, ayudan a la p\u00e9rdida de celulitis.<\/li>\n<li>Tambi\u00e9n es importante evitar y\/o tratar las alteraciones circulatorias existentes (v\u00e1rices, teleangiectasias, etc.)\n<ul>\n<li>Evitar la utilizaci\u00f3n de prendas muy ce\u00f1idas al cuerpo.<\/li>\n<li>Mejorar la postura<\/li>\n<li>Adoptar un estilo de vida menos sedentario y m\u00e1s activo, por ejemplo, hacer ejercicio regularmente.<\/li>\n<li>Dormir las horas necesarias para un descanso reparador.<\/li>\n<li>Presoterapia y drenaje linf\u00e1tico<\/li>\n<\/ul>\n<\/li>\n<\/ul>\n<h3>Combate la celulitis con Weleda Abedul<\/h3>\n<p>Adem\u00e1s de todo lo expuesto, contamos con productos eficaces de aplicaci\u00f3n t\u00f3pica como Weleda anticelul\u00edtico aceite de abedul.<\/p>\n<p>Las propiedades de la f\u00f3rmula del <a href=\"https:\/\/www.elle.com\/es\/belleza\/\">Aceite de <strong>Abedul Weleda<\/strong> <\/a>posee dos efectos importantes para conseguir el objetivo:<\/p>\n<ul>\n<li>Por un lado, un efecto reductor, que favorece los procesos de purificaci\u00f3n y mejora la microcirculaci\u00f3n, disminuyendo as\u00ed el volumen y mejorando el aspecto de la celulitis.<\/li>\n<li>Por otro lado, una acci\u00f3n reafirmante, pues nutre y aporta firmeza a la piel, dej\u00e1ndola m\u00e1s suave y flexible.<\/li>\n<\/ul>\n<p>Su formato en aceite es de textura <strong>no grasa y sin cafe\u00edna<\/strong>, <strong>adem\u00e1s de apto<\/strong> <strong>para veganos<\/strong> se absorbe r\u00e1pidamente y demuestra resultados visibles e inmediatos en cuanto a elasticidad y tonificaci\u00f3n, pero su aplicaci\u00f3n en masaje debe hacerse a diario y correctamente.<\/p>\n<p>Al ser 100% natural, se puede utilizar con total seguridad tanto durante el embarazo como la lactancia.<\/p>\n<p>Combate la celulitis con Weleda Aceite de Abedul.<\/p>\n<div id=\"attachment_2848\" style=\"width: 1034px\" class=\"wp-caption alignnone\"><img loading=\"lazy\" decoding=\"async\" aria-describedby=\"caption-attachment-2848\" class=\"size-large wp-image-2848\" src=\"https:\/\/farmacialisboa.es\/blog\/wp-content\/uploads\/2018\/05\/4-2-1024x576.png\" alt=\"Pack Weleda Abedul Anticelul\u00edtico\" width=\"1024\" height=\"576\" srcset=\"https:\/\/farmacialisboa.es\/blog\/wp-content\/uploads\/2018\/05\/4-2-1024x576.png 1024w, https:\/\/farmacialisboa.es\/blog\/wp-content\/uploads\/2018\/05\/4-2-300x169.png 300w, https:\/\/farmacialisboa.es\/blog\/wp-content\/uploads\/2018\/05\/4-2-768x432.png 768w, https:\/\/farmacialisboa.es\/blog\/wp-content\/uploads\/2018\/05\/4-2-1536x864.png 1536w, https:\/\/farmacialisboa.es\/blog\/wp-content\/uploads\/2018\/05\/4-2-2048x1152.png 2048w\" sizes=\"auto, (max-width: 1024px) 100vw, 1024px\" \/><p id=\"caption-attachment-2848\" class=\"wp-caption-text\">Pack Weleda Abedul Anticelul\u00edtico<\/p><\/div>\n<h3><a class=\"fasc-button fasc-size-medium fasc-type-glossy fasc-rounded-medium fasc-ico-before dashicons-arrow-right\" style=\"background-color: #1b7322; color: #ffffff;\" target=\"_blank\" rel=\"noopener noreferrer\" href=\"https:\/\/farmacialisboa.es\/comprar\/weleda-pack-anticelulitico-de-abedul-2-unidades-1-celulicup\">Compra aqu\u00ed el Pack Weleda aceite de abedul<\/a><\/h3>\n<h3>El masaje marca la diferencia en la eficacia&nbsp;<\/h3>\n<p>La combinaci\u00f3n del <strong>Aceite de Abedul Bio-Ecol\u00f3gico<\/strong> y su masajeador espec\u00edfico es la mejor manera de acabar y deshacer esos n\u00f3dulos internos. Estos dos elementos trabajan directamente sobre el problema, produciendo la movilizaci\u00f3n y facilitando su posterior drenaje y eliminaci\u00f3n.<\/p>\n<p>Los packs de <strong>Weleda anticelul\u00edtico<\/strong> incorporan su exclusivo&nbsp;<strong>Celulicup <\/strong>una herramienta para realizar un masaje de forma sencilla y tan eficaz como si se realizara en un centro de est\u00e9tica.<\/p>\n<h3>\u00bfQu\u00e9 conseguimos?<\/h3>\n<ul>\n<li>Activa la microcirculaci\u00f3n.<\/li>\n<li>Moviliza el sistema linf\u00e1tico.<\/li>\n<li>Rompen los n\u00f3dulos adiposos.<\/li>\n<li>Facilita la penetraci\u00f3n del producto.<\/li>\n<\/ul>\n<p><strong>Celulicup<\/strong>, produce una acci\u00f3n basada en el m\u00e9todo \u201cpalparrodar\u201d, estimula el flujo sangu\u00edneo, el drenaje linf\u00e1tico, reduce la tensi\u00f3n muscular y potencia los beneficios del <strong>aceite anticelul\u00edtico<\/strong> de abedul, ayudando en su penetraci\u00f3n.<\/p>\n<p>En definitiva, los beneficios del <strong>Aceite de Abedul<\/strong> combinados con un masaje adecuado son los aliados perfectos para acabar con la celulitis, y recibir el verano con el cuerpo que quieres.<\/p>\n<p>Hay que trabajar la zona ente 5 y 10 minutos, habiendo aplicado primero el aceite sobre la piel en la zona a tratar, nunca en seco. Entonces se masajea efectuando movimientos circulares o desde abajo hacia arriba siempre en direcci\u00f3n hacia el coraz\u00f3n.<\/p>\n<div id=\"attachment_2849\" style=\"width: 1034px\" class=\"wp-caption alignnone\"><img loading=\"lazy\" decoding=\"async\" aria-describedby=\"caption-attachment-2849\" class=\"size-large wp-image-2849\" src=\"https:\/\/farmacialisboa.es\/blog\/wp-content\/uploads\/2018\/05\/5-1-1024x576.png\" alt=\"Masajes para efectuar con tu celulicup y aumentar la eficacia\" width=\"1024\" height=\"576\" srcset=\"https:\/\/farmacialisboa.es\/blog\/wp-content\/uploads\/2018\/05\/5-1-1024x576.png 1024w, https:\/\/farmacialisboa.es\/blog\/wp-content\/uploads\/2018\/05\/5-1-300x169.png 300w, https:\/\/farmacialisboa.es\/blog\/wp-content\/uploads\/2018\/05\/5-1-768x432.png 768w, https:\/\/farmacialisboa.es\/blog\/wp-content\/uploads\/2018\/05\/5-1-1536x864.png 1536w, https:\/\/farmacialisboa.es\/blog\/wp-content\/uploads\/2018\/05\/5-1-2048x1152.png 2048w\" sizes=\"auto, (max-width: 1024px) 100vw, 1024px\" \/><p id=\"caption-attachment-2849\" class=\"wp-caption-text\">Masajes para efectuar con tu celulicup y aumentar la eficacia<\/p><\/div>\n<p>&nbsp;<\/p>\n<p>Combate la celulitis con Weleda naturalmente, y no olvides llevar siempre un estilo de vida saludable.<\/p>\n<div id=\"attachment_1667\" style=\"width: 1034px\" class=\"wp-caption alignnone\"><img loading=\"lazy\" decoding=\"async\" aria-describedby=\"caption-attachment-1667\" class=\"size-large wp-image-1667\" src=\"https:\/\/farmacialisboa.es\/blog\/wp-content\/uploads\/2018\/05\/5-1024x493.png\" alt=\"Weleda Abedul anticelul\u00edtico\" width=\"1024\" height=\"493\" srcset=\"https:\/\/farmacialisboa.es\/blog\/wp-content\/uploads\/2018\/05\/5-1024x493.png 1024w, https:\/\/farmacialisboa.es\/blog\/wp-content\/uploads\/2018\/05\/5-300x144.png 300w, https:\/\/farmacialisboa.es\/blog\/wp-content\/uploads\/2018\/05\/5-768x370.png 768w, https:\/\/farmacialisboa.es\/blog\/wp-content\/uploads\/2018\/05\/5.png 1350w\" sizes=\"auto, (max-width: 1024px) 100vw, 1024px\" \/><p id=\"caption-attachment-1667\" class=\"wp-caption-text\">Weleda Abedul anticelul\u00edtico<\/p><\/div>\n<p>Y recuerda, que un <a href=\"https:\/\/farmacialisboa.es\/blog\/en-el-futuro-de-nuestra-salud-no-hay-nada-escrito-de-ahi-la-relevancia-del-autocuidado-427.html\">AUTOCUIDADO responsable,<\/a> es la mejor herramienta para preservar la salud y potenciar la belleza.<\/p>\n<p>&nbsp;<\/p>\n<p><a class=\"fasc-button fasc-size-medium fasc-type-glossy fasc-rounded-medium fasc-ico-before dashicons-arrow-right\" style=\"background-color: #339e38; color: #ffffff;\" target=\"_blank\" rel=\"noopener noreferrer\" href=\"https:\/\/farmacialisboa.es\/comprar\/weleda-pack-anticelulitico-de-abedul-2-unidades-1-celulicup\">compra aqu\u00ed tu pack Weleda Abedul<\/a><\/p>\n<p>&nbsp;<\/p>\n<p><strong>\u00abAutocuidado, Salud y Belleza\u00bb<\/strong><\/p>\n<p><strong>Por Inmaculada Vicente<\/strong><\/p>\n<p>&nbsp;<\/p>\n","protected":false},"excerpt":{"rendered":"<p>Combate la celulitis con Weleda Abedul, la forma eficaz y natural n\u00famero uno en el mercado de los anticelul\u00edticos. El<\/p>\n","protected":false},"author":1,"featured_media":2846,"comment_status":"closed","ping_status":"closed","sticky":false,"template":"","format":"standard","meta":{"_exactmetrics_skip_tracking":false,"_exactmetrics_sitenote_active":false,"_exactmetrics_sitenote_note":"","_exactmetrics_sitenote_category":0,"footnotes":""},"categories":[26],"tags":[59,60],"class_list":["post-409","post","type-post","status-publish","format-standard","has-post-thumbnail","hentry","category-belleza-y-actualidad-cosmetica","tag-celulitis","tag-weleda"],"yoast_head":"<!-- This site is optimized with the Yoast SEO plugin v24.7 - https:\/\/yoast.com\/wordpress\/plugins\/seo\/ -->\n<title>Combate la celulitis con Weleda - Blog de Farmacia Lisboa -<\/title>\n<meta name=\"description\" content=\"Combate la celulitis con Weleda Abedul, la forma eficaz y natural n\u00famero uno en el mercado de los anticelul\u00edticos. Apto en embarazo y lactancia.\" \/>\n<meta name=\"robots\" content=\"index, follow, max-snippet:-1, max-image-preview:large, max-video-preview:-1\" \/>\n<link rel=\"canonical\" href=\"https:\/\/farmacialisboa.es\/blog\/weleda-abedul-combate-la-celulitis-409.html\" \/>\n<meta property=\"og:locale\" content=\"es_ES\" \/>\n<meta property=\"og:type\" content=\"article\" \/>\n<meta property=\"og:title\" content=\"Combate la celulitis con Weleda - Blog de Farmacia Lisboa -\" \/>\n<meta property=\"og:description\" content=\"Combate la celulitis con Weleda Abedul, la forma eficaz y natural n\u00famero uno en el mercado de los anticelul\u00edticos. Apto en embarazo y lactancia.\" \/>\n<meta property=\"og:url\" content=\"https:\/\/farmacialisboa.es\/blog\/weleda-abedul-combate-la-celulitis-409.html\" \/>\n<meta property=\"og:site_name\" content=\"Blog de Farmacia Lisboa -\" \/>\n<meta property=\"article:published_time\" content=\"2018-05-10T08:35:45+00:00\" \/>\n<meta property=\"article:modified_time\" content=\"2023-08-25T02:05:12+00:00\" \/>\n<meta property=\"og:image\" content=\"https:\/\/farmacialisboa.es\/blog\/wp-content\/uploads\/2018\/05\/2-2.png\" \/>\n\t<meta property=\"og:image:width\" content=\"2240\" \/>\n\t<meta property=\"og:image:height\" content=\"1260\" \/>\n\t<meta property=\"og:image:type\" content=\"image\/png\" \/>\n<meta name=\"author\" content=\"Farmac\u00e9utica Inmaculada Vicente\" \/>\n<meta name=\"twitter:card\" content=\"summary_large_image\" \/>\n<meta name=\"twitter:label1\" content=\"Escrito por\" \/>\n\t<meta name=\"twitter:data1\" content=\"Farmac\u00e9utica Inmaculada Vicente\" \/>\n\t<meta name=\"twitter:label2\" content=\"Tiempo de lectura\" \/>\n\t<meta name=\"twitter:data2\" content=\"6 minutos\" \/>\n<script type=\"application\/ld+json\" class=\"yoast-schema-graph\">{\"@context\":\"https:\/\/schema.org\",\"@graph\":[{\"@type\":\"Article\",\"@id\":\"https:\/\/farmacialisboa.es\/blog\/weleda-abedul-combate-la-celulitis-409.html#article\",\"isPartOf\":{\"@id\":\"https:\/\/farmacialisboa.es\/blog\/weleda-abedul-combate-la-celulitis-409.html\"},\"author\":{\"name\":\"Farmac\u00e9utica Inmaculada Vicente\",\"@id\":\"https:\/\/farmacialisboa.es\/blog\/#\/schema\/person\/f90b0034ba245d9546a4e41e87116a3f\"},\"headline\":\"Combate la celulitis con Weleda\",\"datePublished\":\"2018-05-10T08:35:45+00:00\",\"dateModified\":\"2023-08-25T02:05:12+00:00\",\"mainEntityOfPage\":{\"@id\":\"https:\/\/farmacialisboa.es\/blog\/weleda-abedul-combate-la-celulitis-409.html\"},\"wordCount\":1203,\"publisher\":{\"@id\":\"https:\/\/farmacialisboa.es\/blog\/#\/schema\/person\/f90b0034ba245d9546a4e41e87116a3f\"},\"image\":{\"@id\":\"https:\/\/farmacialisboa.es\/blog\/weleda-abedul-combate-la-celulitis-409.html#primaryimage\"},\"thumbnailUrl\":\"https:\/\/farmacialisboa.es\/blog\/wp-content\/uploads\/2018\/05\/2-2.png\",\"keywords\":[\"Celulitis\",\"Weleda\"],\"articleSection\":[\"Consejos de Belleza\"],\"inLanguage\":\"es\"},{\"@type\":\"WebPage\",\"@id\":\"https:\/\/farmacialisboa.es\/blog\/weleda-abedul-combate-la-celulitis-409.html\",\"url\":\"https:\/\/farmacialisboa.es\/blog\/weleda-abedul-combate-la-celulitis-409.html\",\"name\":\"Combate la celulitis con Weleda - Blog de Farmacia Lisboa -\",\"isPartOf\":{\"@id\":\"https:\/\/farmacialisboa.es\/blog\/#website\"},\"primaryImageOfPage\":{\"@id\":\"https:\/\/farmacialisboa.es\/blog\/weleda-abedul-combate-la-celulitis-409.html#primaryimage\"},\"image\":{\"@id\":\"https:\/\/farmacialisboa.es\/blog\/weleda-abedul-combate-la-celulitis-409.html#primaryimage\"},\"thumbnailUrl\":\"https:\/\/farmacialisboa.es\/blog\/wp-content\/uploads\/2018\/05\/2-2.png\",\"datePublished\":\"2018-05-10T08:35:45+00:00\",\"dateModified\":\"2023-08-25T02:05:12+00:00\",\"description\":\"Combate la celulitis con Weleda Abedul, la forma eficaz y natural n\u00famero uno en el mercado de los anticelul\u00edticos. Apto en embarazo y lactancia.\",\"breadcrumb\":{\"@id\":\"https:\/\/farmacialisboa.es\/blog\/weleda-abedul-combate-la-celulitis-409.html#breadcrumb\"},\"inLanguage\":\"es\",\"potentialAction\":[{\"@type\":\"ReadAction\",\"target\":[\"https:\/\/farmacialisboa.es\/blog\/weleda-abedul-combate-la-celulitis-409.html\"]}]},{\"@type\":\"ImageObject\",\"inLanguage\":\"es\",\"@id\":\"https:\/\/farmacialisboa.es\/blog\/weleda-abedul-combate-la-celulitis-409.html#primaryimage\",\"url\":\"https:\/\/farmacialisboa.es\/blog\/wp-content\/uploads\/2018\/05\/2-2.png\",\"contentUrl\":\"https:\/\/farmacialisboa.es\/blog\/wp-content\/uploads\/2018\/05\/2-2.png\",\"width\":2240,\"height\":1260,\"caption\":\"Combate la celulitis con Weleda Abedul\"},{\"@type\":\"BreadcrumbList\",\"@id\":\"https:\/\/farmacialisboa.es\/blog\/weleda-abedul-combate-la-celulitis-409.html#breadcrumb\",\"itemListElement\":[{\"@type\":\"ListItem\",\"position\":1,\"name\":\"Home\",\"item\":\"https:\/\/farmacialisboa.es\/blog\"},{\"@type\":\"ListItem\",\"position\":2,\"name\":\"Combate la celulitis con Weleda\"}]},{\"@type\":\"WebSite\",\"@id\":\"https:\/\/farmacialisboa.es\/blog\/#website\",\"url\":\"https:\/\/farmacialisboa.es\/blog\/\",\"name\":\"Blog de Farmacia Lisboa -\",\"description\":\"Consejos sobre salud y bienestar, productos de farmacia online, tratamientos novedosos, cosm\u00e9tica y m\u00e1s.\",\"publisher\":{\"@id\":\"https:\/\/farmacialisboa.es\/blog\/#\/schema\/person\/f90b0034ba245d9546a4e41e87116a3f\"},\"potentialAction\":[{\"@type\":\"SearchAction\",\"target\":{\"@type\":\"EntryPoint\",\"urlTemplate\":\"https:\/\/farmacialisboa.es\/blog\/?s={search_term_string}\"},\"query-input\":{\"@type\":\"PropertyValueSpecification\",\"valueRequired\":true,\"valueName\":\"search_term_string\"}}],\"inLanguage\":\"es\"},{\"@type\":[\"Person\",\"Organization\"],\"@id\":\"https:\/\/farmacialisboa.es\/blog\/#\/schema\/person\/f90b0034ba245d9546a4e41e87116a3f\",\"name\":\"Farmac\u00e9utica Inmaculada Vicente\",\"image\":{\"@type\":\"ImageObject\",\"inLanguage\":\"es\",\"@id\":\"https:\/\/farmacialisboa.es\/blog\/#\/schema\/person\/image\/\",\"url\":\"https:\/\/secure.gravatar.com\/avatar\/e0893039af7245eb9fe370eae0410a9e?s=96&d=mm&r=g\",\"contentUrl\":\"https:\/\/secure.gravatar.com\/avatar\/e0893039af7245eb9fe370eae0410a9e?s=96&d=mm&r=g\",\"caption\":\"Farmac\u00e9utica Inmaculada Vicente\"},\"logo\":{\"@id\":\"https:\/\/farmacialisboa.es\/blog\/#\/schema\/person\/image\/\"},\"url\":\"https:\/\/farmacialisboa.es\/blog\/author\/soporte_u4027r77\"}]}<\/script>\n<!-- \/ Yoast SEO plugin. -->","yoast_head_json":{"title":"Combate la celulitis con Weleda - Blog de Farmacia Lisboa -","description":"Combate la celulitis con Weleda Abedul, la forma eficaz y natural n\u00famero uno en el mercado de los anticelul\u00edticos. Apto en embarazo y lactancia.","robots":{"index":"index","follow":"follow","max-snippet":"max-snippet:-1","max-image-preview":"max-image-preview:large","max-video-preview":"max-video-preview:-1"},"canonical":"https:\/\/farmacialisboa.es\/blog\/weleda-abedul-combate-la-celulitis-409.html","og_locale":"es_ES","og_type":"article","og_title":"Combate la celulitis con Weleda - Blog de Farmacia Lisboa -","og_description":"Combate la celulitis con Weleda Abedul, la forma eficaz y natural n\u00famero uno en el mercado de los anticelul\u00edticos. Apto en embarazo y lactancia.","og_url":"https:\/\/farmacialisboa.es\/blog\/weleda-abedul-combate-la-celulitis-409.html","og_site_name":"Blog de Farmacia Lisboa -","article_published_time":"2018-05-10T08:35:45+00:00","article_modified_time":"2023-08-25T02:05:12+00:00","og_image":[{"width":2240,"height":1260,"url":"https:\/\/farmacialisboa.es\/blog\/wp-content\/uploads\/2018\/05\/2-2.png","type":"image\/png"}],"author":"Farmac\u00e9utica Inmaculada Vicente","twitter_card":"summary_large_image","twitter_misc":{"Escrito por":"Farmac\u00e9utica Inmaculada Vicente","Tiempo de lectura":"6 minutos"},"schema":{"@context":"https:\/\/schema.org","@graph":[{"@type":"Article","@id":"https:\/\/farmacialisboa.es\/blog\/weleda-abedul-combate-la-celulitis-409.html#article","isPartOf":{"@id":"https:\/\/farmacialisboa.es\/blog\/weleda-abedul-combate-la-celulitis-409.html"},"author":{"name":"Farmac\u00e9utica Inmaculada Vicente","@id":"https:\/\/farmacialisboa.es\/blog\/#\/schema\/person\/f90b0034ba245d9546a4e41e87116a3f"},"headline":"Combate la celulitis con Weleda","datePublished":"2018-05-10T08:35:45+00:00","dateModified":"2023-08-25T02:05:12+00:00","mainEntityOfPage":{"@id":"https:\/\/farmacialisboa.es\/blog\/weleda-abedul-combate-la-celulitis-409.html"},"wordCount":1203,"publisher":{"@id":"https:\/\/farmacialisboa.es\/blog\/#\/schema\/person\/f90b0034ba245d9546a4e41e87116a3f"},"image":{"@id":"https:\/\/farmacialisboa.es\/blog\/weleda-abedul-combate-la-celulitis-409.html#primaryimage"},"thumbnailUrl":"https:\/\/farmacialisboa.es\/blog\/wp-content\/uploads\/2018\/05\/2-2.png","keywords":["Celulitis","Weleda"],"articleSection":["Consejos de Belleza"],"inLanguage":"es"},{"@type":"WebPage","@id":"https:\/\/farmacialisboa.es\/blog\/weleda-abedul-combate-la-celulitis-409.html","url":"https:\/\/farmacialisboa.es\/blog\/weleda-abedul-combate-la-celulitis-409.html","name":"Combate la celulitis con Weleda - Blog de Farmacia Lisboa -","isPartOf":{"@id":"https:\/\/farmacialisboa.es\/blog\/#website"},"primaryImageOfPage":{"@id":"https:\/\/farmacialisboa.es\/blog\/weleda-abedul-combate-la-celulitis-409.html#primaryimage"},"image":{"@id":"https:\/\/farmacialisboa.es\/blog\/weleda-abedul-combate-la-celulitis-409.html#primaryimage"},"thumbnailUrl":"https:\/\/farmacialisboa.es\/blog\/wp-content\/uploads\/2018\/05\/2-2.png","datePublished":"2018-05-10T08:35:45+00:00","dateModified":"2023-08-25T02:05:12+00:00","description":"Combate la celulitis con Weleda Abedul, la forma eficaz y natural n\u00famero uno en el mercado de los anticelul\u00edticos. Apto en embarazo y lactancia.","breadcrumb":{"@id":"https:\/\/farmacialisboa.es\/blog\/weleda-abedul-combate-la-celulitis-409.html#breadcrumb"},"inLanguage":"es","potentialAction":[{"@type":"ReadAction","target":["https:\/\/farmacialisboa.es\/blog\/weleda-abedul-combate-la-celulitis-409.html"]}]},{"@type":"ImageObject","inLanguage":"es","@id":"https:\/\/farmacialisboa.es\/blog\/weleda-abedul-combate-la-celulitis-409.html#primaryimage","url":"https:\/\/farmacialisboa.es\/blog\/wp-content\/uploads\/2018\/05\/2-2.png","contentUrl":"https:\/\/farmacialisboa.es\/blog\/wp-content\/uploads\/2018\/05\/2-2.png","width":2240,"height":1260,"caption":"Combate la celulitis con Weleda Abedul"},{"@type":"BreadcrumbList","@id":"https:\/\/farmacialisboa.es\/blog\/weleda-abedul-combate-la-celulitis-409.html#breadcrumb","itemListElement":[{"@type":"ListItem","position":1,"name":"Home","item":"https:\/\/farmacialisboa.es\/blog"},{"@type":"ListItem","position":2,"name":"Combate la celulitis con Weleda"}]},{"@type":"WebSite","@id":"https:\/\/farmacialisboa.es\/blog\/#website","url":"https:\/\/farmacialisboa.es\/blog\/","name":"Blog de Farmacia Lisboa -","description":"Consejos sobre salud y bienestar, productos de farmacia online, tratamientos novedosos, cosm\u00e9tica y m\u00e1s.","publisher":{"@id":"https:\/\/farmacialisboa.es\/blog\/#\/schema\/person\/f90b0034ba245d9546a4e41e87116a3f"},"potentialAction":[{"@type":"SearchAction","target":{"@type":"EntryPoint","urlTemplate":"https:\/\/farmacialisboa.es\/blog\/?s={search_term_string}"},"query-input":{"@type":"PropertyValueSpecification","valueRequired":true,"valueName":"search_term_string"}}],"inLanguage":"es"},{"@type":["Person","Organization"],"@id":"https:\/\/farmacialisboa.es\/blog\/#\/schema\/person\/f90b0034ba245d9546a4e41e87116a3f","name":"Farmac\u00e9utica Inmaculada Vicente","image":{"@type":"ImageObject","inLanguage":"es","@id":"https:\/\/farmacialisboa.es\/blog\/#\/schema\/person\/image\/","url":"https:\/\/secure.gravatar.com\/avatar\/e0893039af7245eb9fe370eae0410a9e?s=96&d=mm&r=g","contentUrl":"https:\/\/secure.gravatar.com\/avatar\/e0893039af7245eb9fe370eae0410a9e?s=96&d=mm&r=g","caption":"Farmac\u00e9utica Inmaculada Vicente"},"logo":{"@id":"https:\/\/farmacialisboa.es\/blog\/#\/schema\/person\/image\/"},"url":"https:\/\/farmacialisboa.es\/blog\/author\/soporte_u4027r77"}]}},"_links":{"self":[{"href":"https:\/\/farmacialisboa.es\/blog\/wp-json\/wp\/v2\/posts\/409","targetHints":{"allow":["GET"]}}],"collection":[{"href":"https:\/\/farmacialisboa.es\/blog\/wp-json\/wp\/v2\/posts"}],"about":[{"href":"https:\/\/farmacialisboa.es\/blog\/wp-json\/wp\/v2\/types\/post"}],"author":[{"embeddable":true,"href":"https:\/\/farmacialisboa.es\/blog\/wp-json\/wp\/v2\/users\/1"}],"replies":[{"embeddable":true,"href":"https:\/\/farmacialisboa.es\/blog\/wp-json\/wp\/v2\/comments?post=409"}],"version-history":[{"count":13,"href":"https:\/\/farmacialisboa.es\/blog\/wp-json\/wp\/v2\/posts\/409\/revisions"}],"predecessor-version":[{"id":2850,"href":"https:\/\/farmacialisboa.es\/blog\/wp-json\/wp\/v2\/posts\/409\/revisions\/2850"}],"wp:featuredmedia":[{"embeddable":true,"href":"https:\/\/farmacialisboa.es\/blog\/wp-json\/wp\/v2\/media\/2846"}],"wp:attachment":[{"href":"https:\/\/farmacialisboa.es\/blog\/wp-json\/wp\/v2\/media?parent=409"}],"wp:term":[{"taxonomy":"category","embeddable":true,"href":"https:\/\/farmacialisboa.es\/blog\/wp-json\/wp\/v2\/categories?post=409"},{"taxonomy":"post_tag","embeddable":true,"href":"https:\/\/farmacialisboa.es\/blog\/wp-json\/wp\/v2\/tags?post=409"}],"curies":[{"name":"wp","href":"https:\/\/api.w.org\/{rel}","templated":true}]}}