{"id":422,"date":"2018-01-22T11:26:32","date_gmt":"2018-01-22T11:26:32","guid":{"rendered":"https:\/\/farmacialisboa.es\/\/blog\/?p=12413"},"modified":"2023-08-14T16:24:44","modified_gmt":"2023-08-14T16:24:44","slug":"relacion-entre-colesterol-y-probioticos","status":"publish","type":"post","link":"https:\/\/farmacialisboa.es\/blog\/relacion-entre-colesterol-y-probioticos-422.html","title":{"rendered":"Relaci\u00f3n entre Colesterol y Probi\u00f3ticos"},"content":{"rendered":"<p>Estudios recientes demuestran una relaci\u00f3n entre colesterol y probi\u00f3ticos.<\/p>\n<p><strong>Las alteraciones metab\u00f3licas como:<\/strong><\/p>\n<ul>\n<li><strong> dislipemias, <\/strong><\/li>\n<li><strong>obesidad, <\/strong><\/li>\n<li><strong>diabetes <\/strong><\/li>\n<li><strong>e hipertensi\u00f3n\u00a0<\/strong><strong>aumentan significativamente el riesgo de un ataque cardiovascular.<\/strong><\/li>\n<\/ul>\n<p>Las <strong>enfermedades metab\u00f3licas<\/strong> m\u00e1s frecuentes y que incrementan significativamente el riesgo de un<a href=\"https:\/\/fundaciondelcorazon.com\"> ataque cardiovascular son:<\/a><\/p>\n<ul>\n<li><strong>Dislipemias<\/strong> (cifras elevadas de colesterol y\/o triglic\u00e9ridos).<\/li>\n<li><strong>Obesidad.<\/strong><\/li>\n<li><strong>Diabetes.<\/strong><\/li>\n<li><strong>Hipertensi\u00f3n arterial.<\/strong><\/li>\n<\/ul>\n<h3>Intestino y salud<\/h3>\n<p>A d\u00eda de hoy todos sabemos que el aparato digestivo, es uno de los centros vitales y simbi\u00f3tico para nuestro equilibrio y salud.<\/p>\n<p>En el intestino se encuentra la flora beneficiosa, unos cien billones de bacterias.<\/p>\n<p>Adem\u00e1s, tambi\u00e9n se producen aqu\u00ed gran parte de los neurotransmisores cerebrales, serotonina, dopamina,\u2026<\/p>\n<p>Por otro lado, el aumento\u00a0de las poblaciones bacterianas indeseables frente a las beneficiosas, hace que el <strong>sistema inmunitario<\/strong> se debilite y provoque que el individuo enferme constantemente.<\/p>\n<p>L\u00f3gicamente, tambi\u00e9n se ver\u00e1n afectados los niveles de <strong>neurotransmisores cerebrales<\/strong> que se originan aqu\u00ed, provocando muchas de las enfermedades que nos llevar\u00e1n al neur\u00f3logo o psiquiatra.<\/p>\n<h3><span style=\"color: #1b1919; font-size: 22px;\">Cada ser humano es un ecosistema donde convivimos en simbiosis con billones de bacterias de miles de especies diferentes.<\/span><\/h3>\n<p>Las bacterias que habitan en nuestro sistema digestivo se denomina <strong>microbiota<\/strong>.<\/p>\n<p>La <strong>microbiota<\/strong> se ve influenciada por la dieta, el entorno en el que vivimos, la toma de medicamentos, etc.<\/p>\n<p>Esta comunidad de bacterias interact\u00faa con:<\/p>\n<ul>\n<li>sistema endocrino.<\/li>\n<li>inmune.<\/li>\n<li>nervioso.<\/li>\n<\/ul>\n<p>Lo que hace que las variaciones afecten a nuestro estado f\u00edsico, mental e intervengan en el desarrollo de numerosas enfermedades.<\/p>\n<p>&nbsp;<\/p>\n<h3>Alteraciones metab\u00f3licas<\/h3>\n<p>Las <strong>alteraciones metab\u00f3licas<\/strong> son el resultado de una combinaci\u00f3n entre la predisposici\u00f3n gen\u00e9tica y la epigen\u00e9tica.<\/p>\n<p>Es decir, el estilo de vida, con frecuencia sedentaria, adem\u00e1s, de una dieta inadecuada.<\/p>\n<p>Esta situaci\u00f3n es la que dispara la cascada de alteraciones en el metabolismo.<\/p>\n<p>Por tanto, la primera medida de prevenci\u00f3n ser\u00e1 la modificaci\u00f3n del estilo de vida adquiriendo unos h\u00e1bitos saludables y poniendo en pr\u00e1ctica un autocuidado responsable.<\/p>\n<div id=\"attachment_2874\" style=\"width: 1034px\" class=\"wp-caption alignnone\"><img loading=\"lazy\" decoding=\"async\" aria-describedby=\"caption-attachment-2874\" class=\"size-large wp-image-2874\" src=\"https:\/\/farmacialisboa.es\/blog\/wp-content\/uploads\/2018\/01\/2-1024x576.png\" alt=\"Un estilo de vida saludable nos ayudar\u00e1 a mantener los niveles \u00f3ptimos de colesterol\" width=\"1024\" height=\"576\" srcset=\"https:\/\/farmacialisboa.es\/blog\/wp-content\/uploads\/2018\/01\/2-1024x576.png 1024w, https:\/\/farmacialisboa.es\/blog\/wp-content\/uploads\/2018\/01\/2-300x169.png 300w, https:\/\/farmacialisboa.es\/blog\/wp-content\/uploads\/2018\/01\/2-768x432.png 768w, https:\/\/farmacialisboa.es\/blog\/wp-content\/uploads\/2018\/01\/2-1536x864.png 1536w, https:\/\/farmacialisboa.es\/blog\/wp-content\/uploads\/2018\/01\/2-2048x1152.png 2048w\" sizes=\"auto, (max-width: 1024px) 100vw, 1024px\" \/><p id=\"caption-attachment-2874\" class=\"wp-caption-text\">Un estilo de vida saludable nos ayudar\u00e1 a mantener los niveles \u00f3ptimos de colesterol<\/p><\/div>\n<h4><\/h4>\n<h3>C\u00f3mo controlar tus niveles de Colesterol y Triglic\u00e9ridos<\/h3>\n<p><a href=\"https:\/\/farmacialisboa.es\/blog\/avanzamos-hacia-un-nuevo-paradigma-de-vivir-en-salud-430.html\">Para reducir los niveles de\u00a0<strong>colesterol y triglic\u00e9ridos<\/strong>\u00a0en la sangre, y mejorar, por tanto, \u00a0el balance de l\u00edpidos (bajar triglic\u00e9ridos y mejorar el colesterol \u201cbueno\u201d) bastar\u00eda con mejorar la alimentaci\u00f3n y adquirir un estilo de vida m\u00e1s saludable.<\/a><\/p>\n<p>Algunas sugerencias diet\u00e9ticas beneficiosas ser\u00edan:<\/p>\n<ol>\n<li>Ingerir m\u00e1s vegetales, verduras y frutas frescas.<\/li>\n<li>Ingerir frutos secos y fibras (Avena, germen de trigo, semillas de lino, nueces).<\/li>\n<li>Consumir pescado azul (Omega-3).<\/li>\n<li>Consumir productos l\u00e1cteos descremados.<\/li>\n<li>Utilizar aceites de girasol, oliva, soja y ma\u00edz.<\/li>\n<li>Evitar alimentos procesados y boller\u00eda industrial.<\/li>\n<li>Hacer ejercicios (20-30 minutos diarios) por lo menos 3 veces por semana.<\/li>\n<li>Bajar de peso.<\/li>\n<li>Beber agua y limitar el consumo de refrescos azucarados y alcohol.<\/li>\n<li>Mejorar la calidad del sue\u00f1o, respetando unos horarios de sue\u00f1o.<\/li>\n<\/ol>\n<h3>Alimentos probi\u00f3ticos<\/h3>\n<p>Adem\u00e1s de todas las medidas higi\u00e9nico-diet\u00e9ticas disponemos de herramientas y productos que pueden ayudarnos a equilibrar nuestro metabolismo y en definitiva nuestra salud.<\/p>\n<p>Desde un punto de vista y abordaje natural, una tendencia terap\u00e9utica que ya es aceptada por la comunidad cient\u00edfica, es la utilizaci\u00f3n de <a href=\"https:\/\/farmacialisboa.es\/blog\/probioticos-y-salud-intestinal-460.html\"><strong>probi\u00f3ticos<\/strong><\/a>.<\/p>\n<p>Estos complementos alimenticios actuar\u00edan a diferentes niveles y pueden constituir un tratamiento complementario valioso en el manejo de las diferentes alteraciones metab\u00f3licas.<\/p>\n<div id=\"attachment_2875\" style=\"width: 1034px\" class=\"wp-caption alignnone\"><img loading=\"lazy\" decoding=\"async\" aria-describedby=\"caption-attachment-2875\" class=\"size-large wp-image-2875\" src=\"https:\/\/farmacialisboa.es\/blog\/wp-content\/uploads\/2018\/01\/3-1024x576.png\" alt=\"Relaci\u00f3n entre colesterol y probi\u00f3ticos\" width=\"1024\" height=\"576\" srcset=\"https:\/\/farmacialisboa.es\/blog\/wp-content\/uploads\/2018\/01\/3-1024x576.png 1024w, https:\/\/farmacialisboa.es\/blog\/wp-content\/uploads\/2018\/01\/3-300x169.png 300w, https:\/\/farmacialisboa.es\/blog\/wp-content\/uploads\/2018\/01\/3-768x432.png 768w, https:\/\/farmacialisboa.es\/blog\/wp-content\/uploads\/2018\/01\/3-1536x864.png 1536w, https:\/\/farmacialisboa.es\/blog\/wp-content\/uploads\/2018\/01\/3-2048x1152.png 2048w\" sizes=\"auto, (max-width: 1024px) 100vw, 1024px\" \/><p id=\"caption-attachment-2875\" class=\"wp-caption-text\">Relaci\u00f3n entre colesterol y probi\u00f3ticos<\/p><\/div>\n<h3>Metabeel de laboratorios Heel<\/h3>\n<p>Metabeel es\u00a0un complemento nutricional especialmente dise\u00f1ado para controlar los niveles de triglic\u00e9ridos, colesterol y dep\u00f3sitos de grasa acumulados en el organismo.<\/p>\n<p>El simbi\u00f3tico Metabeel act\u00faa en las rutas metab\u00f3licas, estimulando y optimizando el metabolismo de los l\u00edpidos, consiguiendo:<\/p>\n<ul>\n<li>Disminuir las cifras de colesterol y triglic\u00e9ridos.<\/li>\n<li>As\u00ed mismo, disminuye los ac\u00famulos de grasa abdominal, principal efecto desencadenante de las alteraciones de \u00edndices metab\u00f3licos y riesgos cardiovasculares.<\/li>\n<li>Tambi\u00e9n, consigue aumentar la resistencia al estr\u00e9s oxidativo.<\/li>\n<\/ul>\n<h3>\u00bfPara qui\u00e9n est\u00e1 recomendado?<\/h3>\n<ul>\n<li>Recomendado para pacientes cuyo an\u00e1lisis de sangre manifiesta \u00edndice de colesterol y\/o triglic\u00e9ridos en el l\u00edmite superior o cercano al l\u00edmite recomendado.<\/li>\n<li>As\u00ed mismo, indicado para pacientes que quieren adelgazar con \u00edndices de colesterol y\/o triglic\u00e9ridos en el l\u00edmite superior o cercano a \u00e9l.<\/li>\n<\/ul>\n<p><strong>Metabeel Heel<\/strong>, ayuda a reducir los dep\u00f3sitos de grasa acumulados en el organismo:<\/p>\n<ul>\n<li>Alrededor de la cintura.<\/li>\n<li>Espalda.<\/li>\n<li>Contorno de brazos y piernas.<\/li>\n<li>En definitiva, moldea la figura y elimina la grasa visceral acumulada.<\/li>\n<\/ul>\n<p>Adem\u00e1s, Metabeel nos ayudar\u00e1 a:<\/p>\n<ul>\n<li>Disminuye la concentraci\u00f3n de triglic\u00e9ridos.<\/li>\n<li>Ayuda a modular la bios\u00edntesis del colesterol, reduciendo la concentraci\u00f3n de l\u00edpidos totales.<\/li>\n<li>Capacidad de aumentar la resistencia al estr\u00e9s oxidativo.<\/li>\n<\/ul>\n<h3>\u00bfQu\u00e9 contiene Metabeel?<\/h3>\n<p>Metabeel es un complemento alimenticio libre de lactosa y gluten, adem\u00e1s, es apto para Celiacos.<\/p>\n<p>Cada c\u00e1psula de Metabeel contiene:<\/p>\n<ul>\n<li>Probi\u00f3tico: Bifidobacterium lactis, contribuye a reducir los l\u00edpidos totales, de la grasa corporal y del estr\u00e9s oxidativo.<\/li>\n<li>Prebi\u00f3ticos: Fructooligosac\u00e1ridos (FOS), act\u00faa como sustrato para el probi\u00f3tico.<\/li>\n<li>Oligoelemento: Picolinato de Cromo, que contribuye al metabolismo normal de los macronutrientes.<\/li>\n<\/ul>\n<p>Si quieres bajar de peso y tu problema es la grasa acumulada, Metabeel puede ayudarte.<\/p>\n<p>Adem\u00e1s de regular tus niveles de colesterol y triglic\u00e9ridos, ya que existe una relaci\u00f3n entre colesterol y probi\u00f3ticos.<\/p>\n<h3>Novedades respecto a Metabeel<\/h3>\n<p>A d\u00eda de hoy, actualizando este post, Metabeel ya no se fabrica.<\/p>\n<p>Sin embargo, ha sido sustituido por otros productos con la formulaci\u00f3n mejorada.<\/p>\n<p>As\u00ed,\u00a0MedibiotiX es una nueva l\u00ednea de productos innovadores, simbi\u00f3ticos que te ayudan a cuidarte.<\/p>\n<p><strong>Explorando nuevas formas de mejorar tu vida a trav\u00e9s de tu salud emocional, f\u00edsica y mental.<\/strong><\/p>\n<p>En Heel, gracias a nuestros m\u00e1s de 80 a\u00f1os en el sector de la salud, lanzamos MedibiotiX.<\/p>\n<p>Una l\u00ednea de<strong>\u00a0simbi\u00f3ticos que te ayudan y animan a vivir una vida m\u00e1s saludable y, a la vez, m\u00e1s plena, siempre basados en la evidencia cient\u00edfica.<\/strong><\/p>\n<h3>\u00bfQu\u00e9 es un simbi\u00f3tico?<\/h3>\n<p>Simbi\u00f3tico es una combinaci\u00f3n que incluye:<\/p>\n<ul>\n<li>Por un lado, un probi\u00f3tico (bacterias que aportan un beneficio para el organismo).<\/li>\n<li>Y por otro, un prebi\u00f3tico (alimento espec\u00edfico para el crecimiento de la poblaci\u00f3n de estas bacterias beneficiosas en el intestino).<\/li>\n<\/ul>\n<p>Por lo tanto, y como consecuencia de esta reformulaci\u00f3n, disponemos de productos eficaces para cuidar nuestra salud\u00a0de una forma m\u00e1s real, equilibrada y sostenible.<\/p>\n<p id=\"isPasted\"><strong>Cholest Balance<\/strong> es un simbi\u00f3tico que contiene en su composici\u00f3n:<\/p>\n<ul>\n<li>arroz de levadura roja,<\/li>\n<li>extracto de bergamota,<\/li>\n<li>niacina,<\/li>\n<li>colina,<\/li>\n<li>cromo que <strong>contribuye a normalizar los niveles y el metabolismo de los l\u00edpidos y a equilibrar la microbiota intestinal.<\/strong><\/li>\n<\/ul>\n<p><strong>Meta Balance <\/strong>es un simbi\u00f3tico que incluye en su composici\u00f3n:<\/p>\n<ul>\n<li><strong>extracto de oliva, <\/strong><\/li>\n<li><strong>quercetina, <\/strong><\/li>\n<li><strong>coenzima Q10,<\/strong><\/li>\n<li><strong>vitaminas que contribuye a un funcionamiento normal del metabolismo y a una protecci\u00f3n de los l\u00edpidos frente al da\u00f1o oxidativo.<\/strong><\/li>\n<\/ul>\n<p>En conclusi\u00f3n, Medibiotix es una l\u00ednea que va mucho m\u00e1s all\u00e1 de los probi\u00f3ticos.<\/p>\n<p>&nbsp;<\/p>\n<div id=\"attachment_2876\" style=\"width: 1034px\" class=\"wp-caption alignnone\"><img loading=\"lazy\" decoding=\"async\" aria-describedby=\"caption-attachment-2876\" class=\"size-large wp-image-2876\" src=\"https:\/\/farmacialisboa.es\/blog\/wp-content\/uploads\/2018\/01\/4-1024x576.png\" alt=\"Nuevos probi\u00f3ticos para regular los niveles de colesterol\" width=\"1024\" height=\"576\" srcset=\"https:\/\/farmacialisboa.es\/blog\/wp-content\/uploads\/2018\/01\/4-1024x576.png 1024w, https:\/\/farmacialisboa.es\/blog\/wp-content\/uploads\/2018\/01\/4-300x169.png 300w, https:\/\/farmacialisboa.es\/blog\/wp-content\/uploads\/2018\/01\/4-768x432.png 768w, https:\/\/farmacialisboa.es\/blog\/wp-content\/uploads\/2018\/01\/4-1536x864.png 1536w, https:\/\/farmacialisboa.es\/blog\/wp-content\/uploads\/2018\/01\/4-2048x1152.png 2048w\" sizes=\"auto, (max-width: 1024px) 100vw, 1024px\" \/><p id=\"caption-attachment-2876\" class=\"wp-caption-text\">Nuevos probi\u00f3ticos para regular los niveles de colesterol<\/p><\/div>\n<p>&nbsp;<\/p>\n<p><strong>\u00abAutocuidado, Salud y Belleza\u00bb<\/strong><\/p>\n<p><strong>Por Inmaculada Vicente Mar\u00eda<\/strong><\/p>\n<p>&nbsp;<\/p>\n<p>&nbsp;<\/p>\n","protected":false},"excerpt":{"rendered":"<p>Estudios recientes demuestran una relaci\u00f3n entre colesterol y probi\u00f3ticos. Las alteraciones metab\u00f3licas como: dislipemias, obesidad, diabetes e hipertensi\u00f3n\u00a0aumentan significativamente el<\/p>\n","protected":false},"author":1,"featured_media":2873,"comment_status":"closed","ping_status":"closed","sticky":false,"template":"","format":"standard","meta":{"_exactmetrics_skip_tracking":false,"_exactmetrics_sitenote_active":false,"_exactmetrics_sitenote_note":"","_exactmetrics_sitenote_category":0,"footnotes":""},"categories":[16],"tags":[92,2969,5483],"class_list":["post-422","post","type-post","status-publish","format-standard","has-post-thumbnail","hentry","category-autocuidado-de-la-salud","tag-colesterol","tag-probioticos","tag-trogliceridos"],"yoast_head":"<!-- This site is optimized with the Yoast SEO plugin v24.7 - https:\/\/yoast.com\/wordpress\/plugins\/seo\/ -->\n<title>Relaci\u00f3n entre Colesterol, triglic\u00e9ridos y Probi\u00f3ticos<\/title>\n<meta name=\"description\" content=\"Estudios recientes demuestran una relaci\u00f3n entre colesterol y probi\u00f3ticos. El equilibrio de bacrerias en el intestino nos ayuda a regular el colesterol.\" \/>\n<meta name=\"robots\" content=\"index, follow, max-snippet:-1, max-image-preview:large, max-video-preview:-1\" \/>\n<link rel=\"canonical\" href=\"https:\/\/farmacialisboa.es\/blog\/relacion-entre-colesterol-y-probioticos-422.html\" \/>\n<meta property=\"og:locale\" content=\"es_ES\" \/>\n<meta property=\"og:type\" content=\"article\" \/>\n<meta property=\"og:title\" content=\"Relaci\u00f3n entre Colesterol, triglic\u00e9ridos y Probi\u00f3ticos\" \/>\n<meta property=\"og:description\" content=\"Estudios recientes demuestran una relaci\u00f3n entre colesterol y probi\u00f3ticos. El equilibrio de bacrerias en el intestino nos ayuda a regular el colesterol.\" \/>\n<meta property=\"og:url\" content=\"https:\/\/farmacialisboa.es\/blog\/relacion-entre-colesterol-y-probioticos-422.html\" \/>\n<meta property=\"og:site_name\" content=\"Blog de Farmacia Lisboa -\" \/>\n<meta property=\"article:published_time\" content=\"2018-01-22T11:26:32+00:00\" \/>\n<meta property=\"article:modified_time\" content=\"2023-08-14T16:24:44+00:00\" \/>\n<meta property=\"og:image\" content=\"https:\/\/farmacialisboa.es\/blog\/wp-content\/uploads\/2018\/01\/1.png\" \/>\n\t<meta property=\"og:image:width\" content=\"2240\" \/>\n\t<meta property=\"og:image:height\" content=\"1260\" \/>\n\t<meta property=\"og:image:type\" content=\"image\/png\" \/>\n<meta name=\"author\" content=\"Farmac\u00e9utica Inmaculada Vicente\" \/>\n<meta name=\"twitter:card\" content=\"summary_large_image\" \/>\n<meta name=\"twitter:label1\" content=\"Escrito por\" \/>\n\t<meta name=\"twitter:data1\" content=\"Farmac\u00e9utica Inmaculada Vicente\" \/>\n\t<meta name=\"twitter:label2\" content=\"Tiempo de lectura\" \/>\n\t<meta name=\"twitter:data2\" content=\"6 minutos\" \/>\n<script type=\"application\/ld+json\" class=\"yoast-schema-graph\">{\"@context\":\"https:\/\/schema.org\",\"@graph\":[{\"@type\":\"Article\",\"@id\":\"https:\/\/farmacialisboa.es\/blog\/relacion-entre-colesterol-y-probioticos-422.html#article\",\"isPartOf\":{\"@id\":\"https:\/\/farmacialisboa.es\/blog\/relacion-entre-colesterol-y-probioticos-422.html\"},\"author\":{\"name\":\"Farmac\u00e9utica Inmaculada Vicente\",\"@id\":\"https:\/\/farmacialisboa.es\/blog\/#\/schema\/person\/f90b0034ba245d9546a4e41e87116a3f\"},\"headline\":\"Relaci\u00f3n entre Colesterol y Probi\u00f3ticos\",\"datePublished\":\"2018-01-22T11:26:32+00:00\",\"dateModified\":\"2023-08-14T16:24:44+00:00\",\"mainEntityOfPage\":{\"@id\":\"https:\/\/farmacialisboa.es\/blog\/relacion-entre-colesterol-y-probioticos-422.html\"},\"wordCount\":1257,\"publisher\":{\"@id\":\"https:\/\/farmacialisboa.es\/blog\/#\/schema\/person\/f90b0034ba245d9546a4e41e87116a3f\"},\"image\":{\"@id\":\"https:\/\/farmacialisboa.es\/blog\/relacion-entre-colesterol-y-probioticos-422.html#primaryimage\"},\"thumbnailUrl\":\"https:\/\/farmacialisboa.es\/blog\/wp-content\/uploads\/2018\/01\/1.png\",\"keywords\":[\"Colesterol\",\"Probi\u00f3ticos\",\"Troglic\u00e9ridos\"],\"articleSection\":[\"Autocuidado\"],\"inLanguage\":\"es\"},{\"@type\":\"WebPage\",\"@id\":\"https:\/\/farmacialisboa.es\/blog\/relacion-entre-colesterol-y-probioticos-422.html\",\"url\":\"https:\/\/farmacialisboa.es\/blog\/relacion-entre-colesterol-y-probioticos-422.html\",\"name\":\"Relaci\u00f3n entre Colesterol, triglic\u00e9ridos y Probi\u00f3ticos\",\"isPartOf\":{\"@id\":\"https:\/\/farmacialisboa.es\/blog\/#website\"},\"primaryImageOfPage\":{\"@id\":\"https:\/\/farmacialisboa.es\/blog\/relacion-entre-colesterol-y-probioticos-422.html#primaryimage\"},\"image\":{\"@id\":\"https:\/\/farmacialisboa.es\/blog\/relacion-entre-colesterol-y-probioticos-422.html#primaryimage\"},\"thumbnailUrl\":\"https:\/\/farmacialisboa.es\/blog\/wp-content\/uploads\/2018\/01\/1.png\",\"datePublished\":\"2018-01-22T11:26:32+00:00\",\"dateModified\":\"2023-08-14T16:24:44+00:00\",\"description\":\"Estudios recientes demuestran una relaci\u00f3n entre colesterol y probi\u00f3ticos. El equilibrio de bacrerias en el intestino nos ayuda a regular el colesterol.\",\"breadcrumb\":{\"@id\":\"https:\/\/farmacialisboa.es\/blog\/relacion-entre-colesterol-y-probioticos-422.html#breadcrumb\"},\"inLanguage\":\"es\",\"potentialAction\":[{\"@type\":\"ReadAction\",\"target\":[\"https:\/\/farmacialisboa.es\/blog\/relacion-entre-colesterol-y-probioticos-422.html\"]}]},{\"@type\":\"ImageObject\",\"inLanguage\":\"es\",\"@id\":\"https:\/\/farmacialisboa.es\/blog\/relacion-entre-colesterol-y-probioticos-422.html#primaryimage\",\"url\":\"https:\/\/farmacialisboa.es\/blog\/wp-content\/uploads\/2018\/01\/1.png\",\"contentUrl\":\"https:\/\/farmacialisboa.es\/blog\/wp-content\/uploads\/2018\/01\/1.png\",\"width\":2240,\"height\":1260,\"caption\":\"Relaci\u00f3n entre colesterol y probi\u00f3ticos\"},{\"@type\":\"BreadcrumbList\",\"@id\":\"https:\/\/farmacialisboa.es\/blog\/relacion-entre-colesterol-y-probioticos-422.html#breadcrumb\",\"itemListElement\":[{\"@type\":\"ListItem\",\"position\":1,\"name\":\"Home\",\"item\":\"https:\/\/farmacialisboa.es\/blog\"},{\"@type\":\"ListItem\",\"position\":2,\"name\":\"Relaci\u00f3n entre Colesterol y Probi\u00f3ticos\"}]},{\"@type\":\"WebSite\",\"@id\":\"https:\/\/farmacialisboa.es\/blog\/#website\",\"url\":\"https:\/\/farmacialisboa.es\/blog\/\",\"name\":\"Blog de Farmacia Lisboa -\",\"description\":\"Consejos sobre salud y bienestar, productos de farmacia online, tratamientos novedosos, cosm\u00e9tica y m\u00e1s.\",\"publisher\":{\"@id\":\"https:\/\/farmacialisboa.es\/blog\/#\/schema\/person\/f90b0034ba245d9546a4e41e87116a3f\"},\"potentialAction\":[{\"@type\":\"SearchAction\",\"target\":{\"@type\":\"EntryPoint\",\"urlTemplate\":\"https:\/\/farmacialisboa.es\/blog\/?s={search_term_string}\"},\"query-input\":{\"@type\":\"PropertyValueSpecification\",\"valueRequired\":true,\"valueName\":\"search_term_string\"}}],\"inLanguage\":\"es\"},{\"@type\":[\"Person\",\"Organization\"],\"@id\":\"https:\/\/farmacialisboa.es\/blog\/#\/schema\/person\/f90b0034ba245d9546a4e41e87116a3f\",\"name\":\"Farmac\u00e9utica Inmaculada Vicente\",\"image\":{\"@type\":\"ImageObject\",\"inLanguage\":\"es\",\"@id\":\"https:\/\/farmacialisboa.es\/blog\/#\/schema\/person\/image\/\",\"url\":\"https:\/\/secure.gravatar.com\/avatar\/e0893039af7245eb9fe370eae0410a9e?s=96&d=mm&r=g\",\"contentUrl\":\"https:\/\/secure.gravatar.com\/avatar\/e0893039af7245eb9fe370eae0410a9e?s=96&d=mm&r=g\",\"caption\":\"Farmac\u00e9utica Inmaculada Vicente\"},\"logo\":{\"@id\":\"https:\/\/farmacialisboa.es\/blog\/#\/schema\/person\/image\/\"},\"url\":\"https:\/\/farmacialisboa.es\/blog\/author\/soporte_u4027r77\"}]}<\/script>\n<!-- \/ Yoast SEO plugin. -->","yoast_head_json":{"title":"Relaci\u00f3n entre Colesterol, triglic\u00e9ridos y Probi\u00f3ticos","description":"Estudios recientes demuestran una relaci\u00f3n entre colesterol y probi\u00f3ticos. El equilibrio de bacrerias en el intestino nos ayuda a regular el colesterol.","robots":{"index":"index","follow":"follow","max-snippet":"max-snippet:-1","max-image-preview":"max-image-preview:large","max-video-preview":"max-video-preview:-1"},"canonical":"https:\/\/farmacialisboa.es\/blog\/relacion-entre-colesterol-y-probioticos-422.html","og_locale":"es_ES","og_type":"article","og_title":"Relaci\u00f3n entre Colesterol, triglic\u00e9ridos y Probi\u00f3ticos","og_description":"Estudios recientes demuestran una relaci\u00f3n entre colesterol y probi\u00f3ticos. El equilibrio de bacrerias en el intestino nos ayuda a regular el colesterol.","og_url":"https:\/\/farmacialisboa.es\/blog\/relacion-entre-colesterol-y-probioticos-422.html","og_site_name":"Blog de Farmacia Lisboa -","article_published_time":"2018-01-22T11:26:32+00:00","article_modified_time":"2023-08-14T16:24:44+00:00","og_image":[{"width":2240,"height":1260,"url":"https:\/\/farmacialisboa.es\/blog\/wp-content\/uploads\/2018\/01\/1.png","type":"image\/png"}],"author":"Farmac\u00e9utica Inmaculada Vicente","twitter_card":"summary_large_image","twitter_misc":{"Escrito por":"Farmac\u00e9utica Inmaculada Vicente","Tiempo de lectura":"6 minutos"},"schema":{"@context":"https:\/\/schema.org","@graph":[{"@type":"Article","@id":"https:\/\/farmacialisboa.es\/blog\/relacion-entre-colesterol-y-probioticos-422.html#article","isPartOf":{"@id":"https:\/\/farmacialisboa.es\/blog\/relacion-entre-colesterol-y-probioticos-422.html"},"author":{"name":"Farmac\u00e9utica Inmaculada Vicente","@id":"https:\/\/farmacialisboa.es\/blog\/#\/schema\/person\/f90b0034ba245d9546a4e41e87116a3f"},"headline":"Relaci\u00f3n entre Colesterol y Probi\u00f3ticos","datePublished":"2018-01-22T11:26:32+00:00","dateModified":"2023-08-14T16:24:44+00:00","mainEntityOfPage":{"@id":"https:\/\/farmacialisboa.es\/blog\/relacion-entre-colesterol-y-probioticos-422.html"},"wordCount":1257,"publisher":{"@id":"https:\/\/farmacialisboa.es\/blog\/#\/schema\/person\/f90b0034ba245d9546a4e41e87116a3f"},"image":{"@id":"https:\/\/farmacialisboa.es\/blog\/relacion-entre-colesterol-y-probioticos-422.html#primaryimage"},"thumbnailUrl":"https:\/\/farmacialisboa.es\/blog\/wp-content\/uploads\/2018\/01\/1.png","keywords":["Colesterol","Probi\u00f3ticos","Troglic\u00e9ridos"],"articleSection":["Autocuidado"],"inLanguage":"es"},{"@type":"WebPage","@id":"https:\/\/farmacialisboa.es\/blog\/relacion-entre-colesterol-y-probioticos-422.html","url":"https:\/\/farmacialisboa.es\/blog\/relacion-entre-colesterol-y-probioticos-422.html","name":"Relaci\u00f3n entre Colesterol, triglic\u00e9ridos y Probi\u00f3ticos","isPartOf":{"@id":"https:\/\/farmacialisboa.es\/blog\/#website"},"primaryImageOfPage":{"@id":"https:\/\/farmacialisboa.es\/blog\/relacion-entre-colesterol-y-probioticos-422.html#primaryimage"},"image":{"@id":"https:\/\/farmacialisboa.es\/blog\/relacion-entre-colesterol-y-probioticos-422.html#primaryimage"},"thumbnailUrl":"https:\/\/farmacialisboa.es\/blog\/wp-content\/uploads\/2018\/01\/1.png","datePublished":"2018-01-22T11:26:32+00:00","dateModified":"2023-08-14T16:24:44+00:00","description":"Estudios recientes demuestran una relaci\u00f3n entre colesterol y probi\u00f3ticos. El equilibrio de bacrerias en el intestino nos ayuda a regular el colesterol.","breadcrumb":{"@id":"https:\/\/farmacialisboa.es\/blog\/relacion-entre-colesterol-y-probioticos-422.html#breadcrumb"},"inLanguage":"es","potentialAction":[{"@type":"ReadAction","target":["https:\/\/farmacialisboa.es\/blog\/relacion-entre-colesterol-y-probioticos-422.html"]}]},{"@type":"ImageObject","inLanguage":"es","@id":"https:\/\/farmacialisboa.es\/blog\/relacion-entre-colesterol-y-probioticos-422.html#primaryimage","url":"https:\/\/farmacialisboa.es\/blog\/wp-content\/uploads\/2018\/01\/1.png","contentUrl":"https:\/\/farmacialisboa.es\/blog\/wp-content\/uploads\/2018\/01\/1.png","width":2240,"height":1260,"caption":"Relaci\u00f3n entre colesterol y probi\u00f3ticos"},{"@type":"BreadcrumbList","@id":"https:\/\/farmacialisboa.es\/blog\/relacion-entre-colesterol-y-probioticos-422.html#breadcrumb","itemListElement":[{"@type":"ListItem","position":1,"name":"Home","item":"https:\/\/farmacialisboa.es\/blog"},{"@type":"ListItem","position":2,"name":"Relaci\u00f3n entre Colesterol y Probi\u00f3ticos"}]},{"@type":"WebSite","@id":"https:\/\/farmacialisboa.es\/blog\/#website","url":"https:\/\/farmacialisboa.es\/blog\/","name":"Blog de Farmacia Lisboa -","description":"Consejos sobre salud y bienestar, productos de farmacia online, tratamientos novedosos, cosm\u00e9tica y m\u00e1s.","publisher":{"@id":"https:\/\/farmacialisboa.es\/blog\/#\/schema\/person\/f90b0034ba245d9546a4e41e87116a3f"},"potentialAction":[{"@type":"SearchAction","target":{"@type":"EntryPoint","urlTemplate":"https:\/\/farmacialisboa.es\/blog\/?s={search_term_string}"},"query-input":{"@type":"PropertyValueSpecification","valueRequired":true,"valueName":"search_term_string"}}],"inLanguage":"es"},{"@type":["Person","Organization"],"@id":"https:\/\/farmacialisboa.es\/blog\/#\/schema\/person\/f90b0034ba245d9546a4e41e87116a3f","name":"Farmac\u00e9utica Inmaculada Vicente","image":{"@type":"ImageObject","inLanguage":"es","@id":"https:\/\/farmacialisboa.es\/blog\/#\/schema\/person\/image\/","url":"https:\/\/secure.gravatar.com\/avatar\/e0893039af7245eb9fe370eae0410a9e?s=96&d=mm&r=g","contentUrl":"https:\/\/secure.gravatar.com\/avatar\/e0893039af7245eb9fe370eae0410a9e?s=96&d=mm&r=g","caption":"Farmac\u00e9utica Inmaculada Vicente"},"logo":{"@id":"https:\/\/farmacialisboa.es\/blog\/#\/schema\/person\/image\/"},"url":"https:\/\/farmacialisboa.es\/blog\/author\/soporte_u4027r77"}]}},"_links":{"self":[{"href":"https:\/\/farmacialisboa.es\/blog\/wp-json\/wp\/v2\/posts\/422","targetHints":{"allow":["GET"]}}],"collection":[{"href":"https:\/\/farmacialisboa.es\/blog\/wp-json\/wp\/v2\/posts"}],"about":[{"href":"https:\/\/farmacialisboa.es\/blog\/wp-json\/wp\/v2\/types\/post"}],"author":[{"embeddable":true,"href":"https:\/\/farmacialisboa.es\/blog\/wp-json\/wp\/v2\/users\/1"}],"replies":[{"embeddable":true,"href":"https:\/\/farmacialisboa.es\/blog\/wp-json\/wp\/v2\/comments?post=422"}],"version-history":[{"count":7,"href":"https:\/\/farmacialisboa.es\/blog\/wp-json\/wp\/v2\/posts\/422\/revisions"}],"predecessor-version":[{"id":2877,"href":"https:\/\/farmacialisboa.es\/blog\/wp-json\/wp\/v2\/posts\/422\/revisions\/2877"}],"wp:featuredmedia":[{"embeddable":true,"href":"https:\/\/farmacialisboa.es\/blog\/wp-json\/wp\/v2\/media\/2873"}],"wp:attachment":[{"href":"https:\/\/farmacialisboa.es\/blog\/wp-json\/wp\/v2\/media?parent=422"}],"wp:term":[{"taxonomy":"category","embeddable":true,"href":"https:\/\/farmacialisboa.es\/blog\/wp-json\/wp\/v2\/categories?post=422"},{"taxonomy":"post_tag","embeddable":true,"href":"https:\/\/farmacialisboa.es\/blog\/wp-json\/wp\/v2\/tags?post=422"}],"curies":[{"name":"wp","href":"https:\/\/api.w.org\/{rel}","templated":true}]}}