{"id":455,"date":"2016-03-22T17:45:59","date_gmt":"2016-03-22T17:45:59","guid":{"rendered":"https:\/\/farmacialisboa.es\/\/blog\/?p=2506"},"modified":"2025-03-14T22:27:06","modified_gmt":"2025-03-14T22:27:06","slug":"autocuidado-tambien-para-cultivar-nuestra-mente","status":"publish","type":"post","link":"https:\/\/farmacialisboa.es\/blog\/autocuidado-tambien-para-cultivar-nuestra-mente-455.html","title":{"rendered":"\u00bfQu\u00e9 es el Mindfulness?"},"content":{"rendered":"<p style=\"text-align: justify;\">\u00bfQu\u00e9 es el Mindfulness? Vivimos contrarreloj, quiz\u00e1 son exigencias del mundo en el que nos ha tocado vivir, pero, poniendo de nuestra parte podemos ser m\u00e1s felices, sanos y plenos.<\/p>\n<p style=\"text-align: justify;\">El Mindfulness nos puede ayudar a conseguirlo.<\/p>\n<p style=\"text-align: justify;\">Mindfulness es una forma de vida y una filosof\u00eda que nos ayuda a vivir el aqu\u00ed y ahora. Debemos evitar lastimarnos y aprender a ser compasivos con los dem\u00e1s y con nosotros mismos. <strong>No en vano el ser humano debe contemplarse como de manera integral en sus tres dimensiones: Cuerpo, Mente y Alma.<\/strong><\/p>\n<p style=\"text-align: justify;\">Si nuestra mente est\u00e1 sana es m\u00e1s probable que nuestro cuerpo tambi\u00e9n lo est\u00e9, que seamos conscientes de la importancia de<strong> vivir saludablemente<\/strong>.<\/p>\n<p style=\"text-align: justify;\">Vivimos en un momento en el que<strong> <a href=\"https:\/\/farmacialisboa.es\/blog\/avanzamos-hacia-un-nuevo-paradigma-de-vivir-en-salud-430.html\">cuidarse est\u00e1 de moda<\/a><\/strong>, pero no solamente debemos reducirlo a unos h\u00e1bitos saludables de <strong>alimentaci\u00f3n<\/strong> y <strong>ejercicio f\u00edsico<\/strong>; Tambi\u00e9n debemos preocuparnos de nuestra esfera emocional.<\/p>\n<p style=\"text-align: justify;\">Vivir con la consciencia de estar haci\u00e9ndolo a cada momento. Aceptar el mundo como es y no como nos gustar\u00eda que fuera. Enfocarnos en aquellas cosas que nos hacen sentir felices.<\/p>\n<div id=\"attachment_2987\" style=\"width: 1034px\" class=\"wp-caption alignnone\"><img loading=\"lazy\" decoding=\"async\" aria-describedby=\"caption-attachment-2987\" class=\"wp-image-2987 size-large\" src=\"https:\/\/farmacialisboa.es\/blog\/wp-content\/uploads\/2016\/03\/26-1024x576.png\" alt=\"Mindfulness, la filosof\u00eda de vida que nos ayuda a ser felices desde ni\u00f1os\" width=\"1024\" height=\"576\" srcset=\"https:\/\/farmacialisboa.es\/blog\/wp-content\/uploads\/2016\/03\/26-1024x576.png 1024w, https:\/\/farmacialisboa.es\/blog\/wp-content\/uploads\/2016\/03\/26-300x169.png 300w, https:\/\/farmacialisboa.es\/blog\/wp-content\/uploads\/2016\/03\/26-768x432.png 768w, https:\/\/farmacialisboa.es\/blog\/wp-content\/uploads\/2016\/03\/26-1536x864.png 1536w, https:\/\/farmacialisboa.es\/blog\/wp-content\/uploads\/2016\/03\/26-2048x1152.png 2048w\" sizes=\"auto, (max-width: 1024px) 100vw, 1024px\" \/><p id=\"caption-attachment-2987\" class=\"wp-caption-text\">Mindfulness, la filosof\u00eda de vida que nos ayuda a ser felices desde ni\u00f1os<\/p><\/div>\n<h3><a href=\"https:\/\/farmacialisboa.es\/blog\/tienes-dudas-ante-la-maternidad-458.html\">El mindfulness y la conciencia plena<\/a><\/h3>\n<p style=\"text-align: justify;\">El <strong>Mindfulness<\/strong> es la capacidad de estar presente en lo que est\u00e1 ocurriendo en tu vida en este momento, la conciencia plena de lo que estamos viviendo ahora.\u00a0El <strong>mindfulness<\/strong> se entrena de dos formas:<\/p>\n<ol>\n<li style=\"text-align: justify;\">La primera, con algunos ejercicios en los cuales prestamos atenci\u00f3n a aquello que estamos haciendo, por ejemplo, ducharnos. Uno puede ducharse prestando atenci\u00f3n a la experiencia o puede hacerlo con el piloto autom\u00e1tico, pensando en lo que va a hacer despu\u00e9s. La pr\u00e1ctica de la ducha como <strong>Mindfulnes<\/strong> consiste en vivir la experiencia como si aquello fuera lo m\u00e1s importante.<\/li>\n<li style=\"text-align: justify;\">La otra forma de entrenarlo, es con ejercicios formales de tipo meditaci\u00f3n: sentarse, notar la respiraci\u00f3n, seguirla con nuestra atenci\u00f3n y, cuando surge un pensamiento que nos saca del presente y nos arrastra al pasado o al futuro, dejar el pensamiento irse y volver a la respiraci\u00f3n.<\/li>\n<\/ol>\n<h3>Mindfulness o el aqu\u00ed y ahora<\/h3>\n<p style=\"text-align: justify;\">La sociedad en la que vivimos, las empresas e incluso nosotros mismos, nos creamos necesidades imperiosas y desmedidas que no s\u00f3lo ponen nuestro cuerpo al l\u00edmite sino que asfixian el alma y no nos dejan vivir en paz, armon\u00eda y sosiego con los dem\u00e1s, y con nosotros mismos.<\/p>\n<p style=\"text-align: justify;\">El <a href=\"https:\/\/farmacialisboa.es\/blog\/ansiedad-y-depresion-467.html\">estr\u00e9s<\/a> durante tiempo prolongado puede ocasionar una depresi\u00f3n del Sistema Inmunitario y de una forma paulatina y casi inmediata, dolores musculares, problemas de est\u00f3mago, cansancio, apat\u00eda, ansiedad y depresi\u00f3n.<\/p>\n<blockquote>\n<p style=\"text-align: right;\"><a href=\"https:\/\/farmacialisboa.es\/blog\/vejez-970.html\"><strong><em>\u00abNo te preocupes por el futuro, oc\u00fapate del presente\u00bb<\/em><\/strong><\/a><\/p>\n<\/blockquote>\n<p>Toda esta situaci\u00f3n con la que convivimos ha llevado a la sociedad en general a la b\u00fasqueda de t\u00e9cnicas que nos ayuden a aliviar todas estas dolencias, en muchas ocasiones t\u00e9cnicas Milenarias de Occidente que se est\u00e1n implantando en Oriente con m\u00e1xima aceptaci\u00f3n y \u00e9xito:\u00a0Meditaci\u00f3n, Pilates, Yoga y en los \u00faltimos tiempos de rigurosa actualidad <strong>Mindfulness<\/strong>.<\/p>\n<p>Muy similar a la <strong>Meditaci\u00f3n<\/strong>, el <strong>Mindfulness<\/strong>, ayuda a las personas a desarrollar recursos internos de auto-observaci\u00f3n y auto-regulaci\u00f3n, concentrando toda su atenci\u00f3n en<strong> \u201cel aqu\u00ed y ahora\u201d,<\/strong> la persona debe conseguir estar sintonizada con ella misma, aprender a detenerse, hacer una pausa y entrenar la mente en el momento presente, justamente lo contrario a lo que sucede en la reacci\u00f3n cr\u00f3nica del estr\u00e9s.<\/p>\n<div id=\"attachment_2989\" style=\"width: 1034px\" class=\"wp-caption alignnone\"><img loading=\"lazy\" decoding=\"async\" aria-describedby=\"caption-attachment-2989\" class=\"size-large wp-image-2989\" src=\"https:\/\/farmacialisboa.es\/blog\/wp-content\/uploads\/2016\/03\/1-1024x576.png\" alt=\"Muchas empresas fomentan la pr\u00e1ctica del Mindfulness por sus beneficios frente al estr\u00e9s\" width=\"1024\" height=\"576\" srcset=\"https:\/\/farmacialisboa.es\/blog\/wp-content\/uploads\/2016\/03\/1-1024x576.png 1024w, https:\/\/farmacialisboa.es\/blog\/wp-content\/uploads\/2016\/03\/1-300x169.png 300w, https:\/\/farmacialisboa.es\/blog\/wp-content\/uploads\/2016\/03\/1-768x432.png 768w, https:\/\/farmacialisboa.es\/blog\/wp-content\/uploads\/2016\/03\/1-1536x864.png 1536w, https:\/\/farmacialisboa.es\/blog\/wp-content\/uploads\/2016\/03\/1-2048x1152.png 2048w\" sizes=\"auto, (max-width: 1024px) 100vw, 1024px\" \/><p id=\"caption-attachment-2989\" class=\"wp-caption-text\">Muchas empresas fomentan la pr\u00e1ctica del Mindfulness por sus beneficios frente al estr\u00e9s<\/p><\/div>\n<p><span style=\"color: #1b1919; font-size: 22px;\">Mindfulness y\u00a0la importancia de la respiraci\u00f3n consciente<\/span><\/p>\n<p>La Respiraci\u00f3n es una de nuestras principales fuentes de energ\u00eda. Podemos estar sin comer unas semanas, sin beber unos d\u00edas, pero si dejamos de respirar, en pocos minutos dejar\u00edamos de vivir. La respiraci\u00f3n es pura energ\u00eda vital.<\/p>\n<h3>La respiraci\u00f3n es un indicador de c\u00f3mo se est\u00e1 viviendo un momento determinado<\/h3>\n<p>Cuando uno est\u00e1 relajado funciona de una forma.\u00a0Si por el contrario uno est\u00e1 tenso funciona de otra manera.\u0085 Cuando conectamos con nuestra respiraci\u00f3n, estamos m\u00e1s presentes.<\/p>\n<p>Si estamos en piloto autom\u00e1tico, no somos conscientes de lo que pasa en nuestro cuerpo, de c\u00f3mo estamos sintiendo y reflejando nuestra manera en que vivimos y sentimos una situaci\u00f3n en \u00e9l.<\/p>\n<h3>La respiraci\u00f3n es un gran soporte para conectar con uno mismo<\/h3>\n<ul>\n<li>La respiraci\u00f3n siempre nos acompa\u00f1a.<\/li>\n<li>Se puede recurrir a ella en cualquier momento, circunstancia, lugar, ocasi\u00f3n.<\/li>\n<li>Nos ancla en el momento presente. No se puede respirar el aire de ayer, ni el de ma\u00f1ana.<\/li>\n<\/ul>\n<p>Si aprendemos a \u201cescucharla\u201d, nos proporciona una valiosa informaci\u00f3n de c\u00f3mo se encuentra nuestro cuerpo, nuestra mente, nuestro mundo emocional.<\/p>\n<p>Lo que supondr\u00e1 tomar conciencia de qu\u00e9 es lo que necesitamos y el primer paso para tomar decisiones sobre c\u00f3mo cuidarnos.<\/p>\n<p>Cuando nos hacemos conscientes de ella, con toda nuestra intenci\u00f3n, es capaz de generar un espacio de paz, serenidad, tranquilidad y de conexi\u00f3n con uno mismo.<\/p>\n<h3 style=\"text-align: justify;\">\u00bfEn qu\u00e9 \u00e1mbitos de nuestra vida podemos aplicar el Mindfulness?<\/h3>\n<p style=\"text-align: justify;\">En todos. El <em><strong>Mindfulness<\/strong><\/em> es una filosof\u00eda, una forma de vida.<\/p>\n<p style=\"text-align: justify;\">Al final, lo que \u00abPlenamente\u00bb, el libro de Andr\u00e9s Mart\u00edn Asuero pretende explicar, y de lo que trata el Mindfulness, es de que cuando uno cultiva una mente sana y bella es m\u00e1s f\u00e1cil ser feliz en todos los \u00e1mbitos de nuestra vida: en la escuela, en el trabajo, en la pareja&#8230;<\/p>\n<p style=\"text-align: justify;\">El <strong>Mindfulness<\/strong> trata de darnos una serie de herramientas para ser m\u00e1s conscientes de nuestra realidad y vivirla. Disfrutar al cien por cien de cada instante.<\/p>\n<p>Las pr\u00e1cticas de Mindfulnees son eficaces y sencillas pero no por ello f\u00e1ciles.<\/p>\n<p>Vivir con atenci\u00f3n plena, de manera consciente en cada momento, requiere conectar con el <strong>aqu\u00ed y ahora<\/strong> de lo que somos y lo que hacemos, y conectar con nuestros pensamientos, esos que alimentan nuestro estr\u00e9s o nos hacen creen err\u00f3neamente, que son ellos los que conducen nuestras vidas.<\/p>\n<p>Podemos ejercitar una actitud Mindfulnes a trav\u00e9s de la pr\u00e1ctica formal as\u00ed como de la pr\u00e1ctica informal, aprovechando muchos momentos de nuestra cotidianidad, como durante la comida, la espera del autob\u00fas o un paseo por el campo.<\/p>\n<h3>\u00a0\u00bfA qu\u00e9 se debe el auge del Mindfulness?<\/h3>\n<p style=\"text-align: justify;\">El auge de <strong>Mindfulness<\/strong> tiene que ver con tres elementos:<\/p>\n<ul>\n<li style=\"text-align: justify;\">El primero es que el n\u00famero de distracciones est\u00e1 aumentando y la velocidad a la que ocurren las cosas tambi\u00e9n, lo que provoca, por ejemplo, que las enfermedades mentales ahora sean la principal causa de baja laboral.<\/li>\n<li style=\"text-align: justify;\">Por otro lado, adem\u00e1s de una sociedad con d\u00e9ficit de atenci\u00f3n, tenemos un resurgir de las tradiciones contemplativas, de lo oriental, de la espiritualidad.<\/li>\n<li style=\"text-align: justify;\">Y, por \u00faltimo, tenemos la evidencia cient\u00edfica de que las pr\u00e1cticas como el Mindfulness nos ayudan a vivir mejor y a mejorar nuestras relaciones interpersonales.<\/li>\n<\/ul>\n<p style=\"text-align: justify;\"><a href=\"https:\/\/www.mindfulness-salud.org\/mindfulness\/que-es-mindfulness\/\">\u00bfSomos conscientes de nuestras acciones? \u00bfPodemos concentrarnos en escuchar cuando nos hablan? \u00bfQu\u00e9 sensaciones tenemos al final del d\u00eda?<\/a><\/p>\n<p style=\"text-align: justify;\">Estos son, a grandes rasgos, los signos de cu\u00e1nto de conscientes estamos en la vida.<\/p>\n<p style=\"text-align: justify;\">A partir de las respuestas a estas preguntas, hay que ir elaborando una rutina de ejercicios para conseguir que nuestra mente est\u00e9 m\u00e1s presente.<\/p>\n<p style=\"text-align: justify;\">En unos quince d\u00edas las personas ya suelen notar que viven un poco m\u00e1s de acuerdo a esta filosof\u00eda que revindica parar entre tanta prisa.<\/p>\n<p>&nbsp;<\/p>\n<p>&nbsp;<\/p>\n<p><strong>\u00abAutocuidado, Salud y Belleza\u00bb<\/strong><\/p>\n<p><strong>Por Inmaculada Vicente Mar\u00eda<\/strong><\/p>\n<p><strong>N\u00ba colegiado 1211<\/strong><\/p>\n","protected":false},"excerpt":{"rendered":"<p>\u00bfQu\u00e9 es el Mindfulness? Vivimos contrarreloj, quiz\u00e1 son exigencias del mundo en el que nos ha tocado vivir, pero, poniendo<\/p>\n","protected":false},"author":1,"featured_media":2986,"comment_status":"closed","ping_status":"closed","sticky":false,"template":"","format":"standard","meta":{"_exactmetrics_skip_tracking":false,"_exactmetrics_sitenote_active":false,"_exactmetrics_sitenote_note":"","_exactmetrics_sitenote_category":0,"footnotes":""},"categories":[16],"tags":[108],"class_list":["post-455","post","type-post","status-publish","format-standard","has-post-thumbnail","hentry","category-autocuidado-de-la-salud","tag-mindfulness"],"yoast_head":"<!-- This site is optimized with the Yoast SEO plugin v24.7 - https:\/\/yoast.com\/wordpress\/plugins\/seo\/ -->\n<title>\u00bfQu\u00e9 es el Mindfulness? - Blog de Farmacia Lisboa -<\/title>\n<meta name=\"description\" content=\"\u00bfQu\u00e9 es el Mindfulness? es la t\u00e9cnica que nos va a ayudar a vivir m\u00e1s felices, m\u00e1s sanos y m\u00e1s conscientes en un mundo que nos exige vivir contrareloj.\" \/>\n<meta name=\"robots\" content=\"index, follow, max-snippet:-1, max-image-preview:large, max-video-preview:-1\" \/>\n<link rel=\"canonical\" href=\"https:\/\/farmacialisboa.es\/blog\/autocuidado-tambien-para-cultivar-nuestra-mente-455.html\" \/>\n<meta property=\"og:locale\" content=\"es_ES\" \/>\n<meta property=\"og:type\" content=\"article\" \/>\n<meta property=\"og:title\" content=\"\u00bfQu\u00e9 es el Mindfulness? - Blog de Farmacia Lisboa -\" \/>\n<meta property=\"og:description\" content=\"\u00bfQu\u00e9 es el Mindfulness? es la t\u00e9cnica que nos va a ayudar a vivir m\u00e1s felices, m\u00e1s sanos y m\u00e1s conscientes en un mundo que nos exige vivir contrareloj.\" \/>\n<meta property=\"og:url\" content=\"https:\/\/farmacialisboa.es\/blog\/autocuidado-tambien-para-cultivar-nuestra-mente-455.html\" \/>\n<meta property=\"og:site_name\" content=\"Blog de Farmacia Lisboa -\" \/>\n<meta property=\"article:published_time\" content=\"2016-03-22T17:45:59+00:00\" \/>\n<meta property=\"article:modified_time\" content=\"2025-03-14T22:27:06+00:00\" \/>\n<meta property=\"og:image\" content=\"https:\/\/farmacialisboa.es\/blog\/wp-content\/uploads\/2016\/03\/25.png\" \/>\n\t<meta property=\"og:image:width\" content=\"2240\" \/>\n\t<meta property=\"og:image:height\" content=\"1260\" \/>\n\t<meta property=\"og:image:type\" content=\"image\/png\" \/>\n<meta name=\"author\" content=\"Farmac\u00e9utica Inmaculada Vicente\" \/>\n<meta name=\"twitter:card\" content=\"summary_large_image\" \/>\n<meta name=\"twitter:label1\" content=\"Escrito por\" \/>\n\t<meta name=\"twitter:data1\" content=\"Farmac\u00e9utica Inmaculada Vicente\" \/>\n\t<meta name=\"twitter:label2\" content=\"Tiempo de lectura\" \/>\n\t<meta name=\"twitter:data2\" content=\"7 minutos\" \/>\n<script type=\"application\/ld+json\" class=\"yoast-schema-graph\">{\"@context\":\"https:\/\/schema.org\",\"@graph\":[{\"@type\":\"Article\",\"@id\":\"https:\/\/farmacialisboa.es\/blog\/autocuidado-tambien-para-cultivar-nuestra-mente-455.html#article\",\"isPartOf\":{\"@id\":\"https:\/\/farmacialisboa.es\/blog\/autocuidado-tambien-para-cultivar-nuestra-mente-455.html\"},\"author\":{\"name\":\"Farmac\u00e9utica Inmaculada Vicente\",\"@id\":\"https:\/\/farmacialisboa.es\/blog\/#\/schema\/person\/f90b0034ba245d9546a4e41e87116a3f\"},\"headline\":\"\u00bfQu\u00e9 es el Mindfulness?\",\"datePublished\":\"2016-03-22T17:45:59+00:00\",\"dateModified\":\"2025-03-14T22:27:06+00:00\",\"mainEntityOfPage\":{\"@id\":\"https:\/\/farmacialisboa.es\/blog\/autocuidado-tambien-para-cultivar-nuestra-mente-455.html\"},\"wordCount\":1310,\"publisher\":{\"@id\":\"https:\/\/farmacialisboa.es\/blog\/#\/schema\/person\/f90b0034ba245d9546a4e41e87116a3f\"},\"image\":{\"@id\":\"https:\/\/farmacialisboa.es\/blog\/autocuidado-tambien-para-cultivar-nuestra-mente-455.html#primaryimage\"},\"thumbnailUrl\":\"https:\/\/farmacialisboa.es\/blog\/wp-content\/uploads\/2016\/03\/25.png\",\"keywords\":[\"Mindfulness\"],\"articleSection\":[\"Autocuidado\"],\"inLanguage\":\"es\"},{\"@type\":\"WebPage\",\"@id\":\"https:\/\/farmacialisboa.es\/blog\/autocuidado-tambien-para-cultivar-nuestra-mente-455.html\",\"url\":\"https:\/\/farmacialisboa.es\/blog\/autocuidado-tambien-para-cultivar-nuestra-mente-455.html\",\"name\":\"\u00bfQu\u00e9 es el Mindfulness? - Blog de Farmacia Lisboa -\",\"isPartOf\":{\"@id\":\"https:\/\/farmacialisboa.es\/blog\/#website\"},\"primaryImageOfPage\":{\"@id\":\"https:\/\/farmacialisboa.es\/blog\/autocuidado-tambien-para-cultivar-nuestra-mente-455.html#primaryimage\"},\"image\":{\"@id\":\"https:\/\/farmacialisboa.es\/blog\/autocuidado-tambien-para-cultivar-nuestra-mente-455.html#primaryimage\"},\"thumbnailUrl\":\"https:\/\/farmacialisboa.es\/blog\/wp-content\/uploads\/2016\/03\/25.png\",\"datePublished\":\"2016-03-22T17:45:59+00:00\",\"dateModified\":\"2025-03-14T22:27:06+00:00\",\"description\":\"\u00bfQu\u00e9 es el Mindfulness? es la t\u00e9cnica que nos va a ayudar a vivir m\u00e1s felices, m\u00e1s sanos y m\u00e1s conscientes en un mundo que nos exige vivir contrareloj.\",\"breadcrumb\":{\"@id\":\"https:\/\/farmacialisboa.es\/blog\/autocuidado-tambien-para-cultivar-nuestra-mente-455.html#breadcrumb\"},\"inLanguage\":\"es\",\"potentialAction\":[{\"@type\":\"ReadAction\",\"target\":[\"https:\/\/farmacialisboa.es\/blog\/autocuidado-tambien-para-cultivar-nuestra-mente-455.html\"]}]},{\"@type\":\"ImageObject\",\"inLanguage\":\"es\",\"@id\":\"https:\/\/farmacialisboa.es\/blog\/autocuidado-tambien-para-cultivar-nuestra-mente-455.html#primaryimage\",\"url\":\"https:\/\/farmacialisboa.es\/blog\/wp-content\/uploads\/2016\/03\/25.png\",\"contentUrl\":\"https:\/\/farmacialisboa.es\/blog\/wp-content\/uploads\/2016\/03\/25.png\",\"width\":2240,\"height\":1260,\"caption\":\"\u00bfQu\u00e9 es el mindfulness?\"},{\"@type\":\"BreadcrumbList\",\"@id\":\"https:\/\/farmacialisboa.es\/blog\/autocuidado-tambien-para-cultivar-nuestra-mente-455.html#breadcrumb\",\"itemListElement\":[{\"@type\":\"ListItem\",\"position\":1,\"name\":\"Home\",\"item\":\"https:\/\/farmacialisboa.es\/blog\"},{\"@type\":\"ListItem\",\"position\":2,\"name\":\"\u00bfQu\u00e9 es el Mindfulness?\"}]},{\"@type\":\"WebSite\",\"@id\":\"https:\/\/farmacialisboa.es\/blog\/#website\",\"url\":\"https:\/\/farmacialisboa.es\/blog\/\",\"name\":\"Blog de Farmacia Lisboa -\",\"description\":\"Consejos sobre salud y bienestar, productos de farmacia online, tratamientos novedosos, cosm\u00e9tica y m\u00e1s.\",\"publisher\":{\"@id\":\"https:\/\/farmacialisboa.es\/blog\/#\/schema\/person\/f90b0034ba245d9546a4e41e87116a3f\"},\"potentialAction\":[{\"@type\":\"SearchAction\",\"target\":{\"@type\":\"EntryPoint\",\"urlTemplate\":\"https:\/\/farmacialisboa.es\/blog\/?s={search_term_string}\"},\"query-input\":{\"@type\":\"PropertyValueSpecification\",\"valueRequired\":true,\"valueName\":\"search_term_string\"}}],\"inLanguage\":\"es\"},{\"@type\":[\"Person\",\"Organization\"],\"@id\":\"https:\/\/farmacialisboa.es\/blog\/#\/schema\/person\/f90b0034ba245d9546a4e41e87116a3f\",\"name\":\"Farmac\u00e9utica Inmaculada Vicente\",\"image\":{\"@type\":\"ImageObject\",\"inLanguage\":\"es\",\"@id\":\"https:\/\/farmacialisboa.es\/blog\/#\/schema\/person\/image\/\",\"url\":\"https:\/\/secure.gravatar.com\/avatar\/e0893039af7245eb9fe370eae0410a9e?s=96&d=mm&r=g\",\"contentUrl\":\"https:\/\/secure.gravatar.com\/avatar\/e0893039af7245eb9fe370eae0410a9e?s=96&d=mm&r=g\",\"caption\":\"Farmac\u00e9utica Inmaculada Vicente\"},\"logo\":{\"@id\":\"https:\/\/farmacialisboa.es\/blog\/#\/schema\/person\/image\/\"},\"url\":\"https:\/\/farmacialisboa.es\/blog\/author\/soporte_u4027r77\"}]}<\/script>\n<!-- \/ Yoast SEO plugin. -->","yoast_head_json":{"title":"\u00bfQu\u00e9 es el Mindfulness? - Blog de Farmacia Lisboa -","description":"\u00bfQu\u00e9 es el Mindfulness? es la t\u00e9cnica que nos va a ayudar a vivir m\u00e1s felices, m\u00e1s sanos y m\u00e1s conscientes en un mundo que nos exige vivir contrareloj.","robots":{"index":"index","follow":"follow","max-snippet":"max-snippet:-1","max-image-preview":"max-image-preview:large","max-video-preview":"max-video-preview:-1"},"canonical":"https:\/\/farmacialisboa.es\/blog\/autocuidado-tambien-para-cultivar-nuestra-mente-455.html","og_locale":"es_ES","og_type":"article","og_title":"\u00bfQu\u00e9 es el Mindfulness? - Blog de Farmacia Lisboa -","og_description":"\u00bfQu\u00e9 es el Mindfulness? es la t\u00e9cnica que nos va a ayudar a vivir m\u00e1s felices, m\u00e1s sanos y m\u00e1s conscientes en un mundo que nos exige vivir contrareloj.","og_url":"https:\/\/farmacialisboa.es\/blog\/autocuidado-tambien-para-cultivar-nuestra-mente-455.html","og_site_name":"Blog de Farmacia Lisboa -","article_published_time":"2016-03-22T17:45:59+00:00","article_modified_time":"2025-03-14T22:27:06+00:00","og_image":[{"width":2240,"height":1260,"url":"https:\/\/farmacialisboa.es\/blog\/wp-content\/uploads\/2016\/03\/25.png","type":"image\/png"}],"author":"Farmac\u00e9utica Inmaculada Vicente","twitter_card":"summary_large_image","twitter_misc":{"Escrito por":"Farmac\u00e9utica Inmaculada Vicente","Tiempo de lectura":"7 minutos"},"schema":{"@context":"https:\/\/schema.org","@graph":[{"@type":"Article","@id":"https:\/\/farmacialisboa.es\/blog\/autocuidado-tambien-para-cultivar-nuestra-mente-455.html#article","isPartOf":{"@id":"https:\/\/farmacialisboa.es\/blog\/autocuidado-tambien-para-cultivar-nuestra-mente-455.html"},"author":{"name":"Farmac\u00e9utica Inmaculada Vicente","@id":"https:\/\/farmacialisboa.es\/blog\/#\/schema\/person\/f90b0034ba245d9546a4e41e87116a3f"},"headline":"\u00bfQu\u00e9 es el Mindfulness?","datePublished":"2016-03-22T17:45:59+00:00","dateModified":"2025-03-14T22:27:06+00:00","mainEntityOfPage":{"@id":"https:\/\/farmacialisboa.es\/blog\/autocuidado-tambien-para-cultivar-nuestra-mente-455.html"},"wordCount":1310,"publisher":{"@id":"https:\/\/farmacialisboa.es\/blog\/#\/schema\/person\/f90b0034ba245d9546a4e41e87116a3f"},"image":{"@id":"https:\/\/farmacialisboa.es\/blog\/autocuidado-tambien-para-cultivar-nuestra-mente-455.html#primaryimage"},"thumbnailUrl":"https:\/\/farmacialisboa.es\/blog\/wp-content\/uploads\/2016\/03\/25.png","keywords":["Mindfulness"],"articleSection":["Autocuidado"],"inLanguage":"es"},{"@type":"WebPage","@id":"https:\/\/farmacialisboa.es\/blog\/autocuidado-tambien-para-cultivar-nuestra-mente-455.html","url":"https:\/\/farmacialisboa.es\/blog\/autocuidado-tambien-para-cultivar-nuestra-mente-455.html","name":"\u00bfQu\u00e9 es el Mindfulness? - Blog de Farmacia Lisboa -","isPartOf":{"@id":"https:\/\/farmacialisboa.es\/blog\/#website"},"primaryImageOfPage":{"@id":"https:\/\/farmacialisboa.es\/blog\/autocuidado-tambien-para-cultivar-nuestra-mente-455.html#primaryimage"},"image":{"@id":"https:\/\/farmacialisboa.es\/blog\/autocuidado-tambien-para-cultivar-nuestra-mente-455.html#primaryimage"},"thumbnailUrl":"https:\/\/farmacialisboa.es\/blog\/wp-content\/uploads\/2016\/03\/25.png","datePublished":"2016-03-22T17:45:59+00:00","dateModified":"2025-03-14T22:27:06+00:00","description":"\u00bfQu\u00e9 es el Mindfulness? es la t\u00e9cnica que nos va a ayudar a vivir m\u00e1s felices, m\u00e1s sanos y m\u00e1s conscientes en un mundo que nos exige vivir contrareloj.","breadcrumb":{"@id":"https:\/\/farmacialisboa.es\/blog\/autocuidado-tambien-para-cultivar-nuestra-mente-455.html#breadcrumb"},"inLanguage":"es","potentialAction":[{"@type":"ReadAction","target":["https:\/\/farmacialisboa.es\/blog\/autocuidado-tambien-para-cultivar-nuestra-mente-455.html"]}]},{"@type":"ImageObject","inLanguage":"es","@id":"https:\/\/farmacialisboa.es\/blog\/autocuidado-tambien-para-cultivar-nuestra-mente-455.html#primaryimage","url":"https:\/\/farmacialisboa.es\/blog\/wp-content\/uploads\/2016\/03\/25.png","contentUrl":"https:\/\/farmacialisboa.es\/blog\/wp-content\/uploads\/2016\/03\/25.png","width":2240,"height":1260,"caption":"\u00bfQu\u00e9 es el mindfulness?"},{"@type":"BreadcrumbList","@id":"https:\/\/farmacialisboa.es\/blog\/autocuidado-tambien-para-cultivar-nuestra-mente-455.html#breadcrumb","itemListElement":[{"@type":"ListItem","position":1,"name":"Home","item":"https:\/\/farmacialisboa.es\/blog"},{"@type":"ListItem","position":2,"name":"\u00bfQu\u00e9 es el Mindfulness?"}]},{"@type":"WebSite","@id":"https:\/\/farmacialisboa.es\/blog\/#website","url":"https:\/\/farmacialisboa.es\/blog\/","name":"Blog de Farmacia Lisboa -","description":"Consejos sobre salud y bienestar, productos de farmacia online, tratamientos novedosos, cosm\u00e9tica y m\u00e1s.","publisher":{"@id":"https:\/\/farmacialisboa.es\/blog\/#\/schema\/person\/f90b0034ba245d9546a4e41e87116a3f"},"potentialAction":[{"@type":"SearchAction","target":{"@type":"EntryPoint","urlTemplate":"https:\/\/farmacialisboa.es\/blog\/?s={search_term_string}"},"query-input":{"@type":"PropertyValueSpecification","valueRequired":true,"valueName":"search_term_string"}}],"inLanguage":"es"},{"@type":["Person","Organization"],"@id":"https:\/\/farmacialisboa.es\/blog\/#\/schema\/person\/f90b0034ba245d9546a4e41e87116a3f","name":"Farmac\u00e9utica Inmaculada Vicente","image":{"@type":"ImageObject","inLanguage":"es","@id":"https:\/\/farmacialisboa.es\/blog\/#\/schema\/person\/image\/","url":"https:\/\/secure.gravatar.com\/avatar\/e0893039af7245eb9fe370eae0410a9e?s=96&d=mm&r=g","contentUrl":"https:\/\/secure.gravatar.com\/avatar\/e0893039af7245eb9fe370eae0410a9e?s=96&d=mm&r=g","caption":"Farmac\u00e9utica Inmaculada Vicente"},"logo":{"@id":"https:\/\/farmacialisboa.es\/blog\/#\/schema\/person\/image\/"},"url":"https:\/\/farmacialisboa.es\/blog\/author\/soporte_u4027r77"}]}},"_links":{"self":[{"href":"https:\/\/farmacialisboa.es\/blog\/wp-json\/wp\/v2\/posts\/455","targetHints":{"allow":["GET"]}}],"collection":[{"href":"https:\/\/farmacialisboa.es\/blog\/wp-json\/wp\/v2\/posts"}],"about":[{"href":"https:\/\/farmacialisboa.es\/blog\/wp-json\/wp\/v2\/types\/post"}],"author":[{"embeddable":true,"href":"https:\/\/farmacialisboa.es\/blog\/wp-json\/wp\/v2\/users\/1"}],"replies":[{"embeddable":true,"href":"https:\/\/farmacialisboa.es\/blog\/wp-json\/wp\/v2\/comments?post=455"}],"version-history":[{"count":7,"href":"https:\/\/farmacialisboa.es\/blog\/wp-json\/wp\/v2\/posts\/455\/revisions"}],"predecessor-version":[{"id":3108,"href":"https:\/\/farmacialisboa.es\/blog\/wp-json\/wp\/v2\/posts\/455\/revisions\/3108"}],"wp:featuredmedia":[{"embeddable":true,"href":"https:\/\/farmacialisboa.es\/blog\/wp-json\/wp\/v2\/media\/2986"}],"wp:attachment":[{"href":"https:\/\/farmacialisboa.es\/blog\/wp-json\/wp\/v2\/media?parent=455"}],"wp:term":[{"taxonomy":"category","embeddable":true,"href":"https:\/\/farmacialisboa.es\/blog\/wp-json\/wp\/v2\/categories?post=455"},{"taxonomy":"post_tag","embeddable":true,"href":"https:\/\/farmacialisboa.es\/blog\/wp-json\/wp\/v2\/tags?post=455"}],"curies":[{"name":"wp","href":"https:\/\/api.w.org\/{rel}","templated":true}]}}