{"id":466,"date":"2015-12-09T18:13:24","date_gmt":"2015-12-09T18:13:24","guid":{"rendered":"https:\/\/farmacialisboa.es\/\/blog\/?p=1865"},"modified":"2022-08-08T16:10:41","modified_gmt":"2022-08-08T16:10:41","slug":"dermocosmetica-el-regalo-perfecto-para-esta-navidad","status":"publish","type":"post","link":"https:\/\/farmacialisboa.es\/blog\/dermocosmetica-el-regalo-perfecto-para-esta-navidad-466.html","title":{"rendered":"Dermocosm\u00e9tica: el regalo perfecto para esta Navidad"},"content":{"rendered":"<p>Dermocosm\u00e9tica: el regalo perfecto para esta Navidad.<\/p>\n<p>Navidad a Reyes son las \u00e9pocas del a\u00f1o en el que m\u00e1s dinero invertimos en regalos.\u00a0Regalar cosm\u00e9ticos perfectos pensando en la persona que quieres es la mejor de las ideas.<\/p>\n<p>Regalar cosm\u00e9ticos nos ofrece un ampl\u00edsimo abanico de posibilidades, para todos los gustos y edades, adem\u00e1s de constituir un regalo \u00fatil y personal.<\/p>\n<h3>Dermocosm\u00e9ticos en nuestro d\u00eda a d\u00eda<\/h3>\n<p>Seguramente, hoy antes de salir de casa cualquiera de nosotros ya hemos utilizado entre cuatro y ocho <strong>Productos Cosm\u00e9ticos<\/strong>. No se trata de una cifra exagerada; ser\u00eda lo b\u00e1sico y, seg\u00fan datos de la <a href=\"https:\/\/www.stanpa.com\/\" target=\"_blank\" rel=\"noopener noreferrer\">Asociaci\u00f3n Nacional de Perfumer\u00eda y Cosm\u00e9tica<\/a>, que comparada con el mercado europeo de perfumer\u00eda y cosm\u00e9tica, Espa\u00f1a ocupa el quinto lugar en importancia.<\/p>\n<p>Algo que debemos tener en cuenta a la hora de dar el paso de adquirir un Cosm\u00e9tico, es adquirirlo en un lugar de garant\u00eda, y por supuesto, en el que se nos ofrezca un asesoramiento personalizado.<\/p>\n<p>Tanto si nos decidimos por<strong>\u00a0<a href=\"https:\/\/farmacialisboa.es\/blog\/por-que-comprar-la-cosmetica-de-la-farmacia-426.html\">la Farmacia<\/a><\/strong>, como por <strong>la perfumer\u00eda<\/strong> u otro tipo de establecimientos, el consejo sobre cu\u00e1l es el <a href=\"https:\/\/farmacialisboa.es\/blog\/sabes-cual-es-el-mejor-cosmetico-para-ti-436.html\">producto m\u00e1s adecuado<\/a> a las necesidades de cada piel y cada persona son <strong>indispensables<\/strong>.<\/p>\n<h3>Las principales diferencias entre un tipo de cosm\u00e9ticos u otros son:<\/h3>\n<ul>\n<li><strong>Gal\u00e9nica<\/strong>.<\/li>\n<li><strong>Composici\u00f3n en Principios Activos o Mol\u00e9culas.<\/strong><\/li>\n<li><strong>Concentraci\u00f3n de estos Activos.<\/strong><\/li>\n<li><strong>Funci\u00f3n a la hora de aplicarlos sobre la piel<\/strong><\/li>\n<li>Y, como mucho menos importante, el segmento en el que se sit\u00faan cada uno de ellos.<\/li>\n<\/ul>\n<h3>Diferentes segmentos<\/h3>\n<ul>\n<li>La Alta Perfumer\u00eda se colocar\u00eda en el sector Lujo.<\/li>\n<li>Mientras que, la Alta Cosm\u00e9tica Farmac\u00e9utica ocupar\u00eda el sector <strong>premium.<\/strong><\/li>\n<\/ul>\n<p>Radicando la \u00fanica diferencia en el envasado y cartonage, o c\u00f3mo se define actualmente Packaging.<\/p>\n<p>El precio de los diferentes Productos Cosm\u00e9ticos deber\u00edan basarse \u00fanicamente en las caracter\u00edsticas que nos ofrecen para tratar este \u00f3rgano vivo que es nuestra piel, y que es el m\u00e1s extenso de nuestro cuerpo, pero, muchas veces no es as\u00ed, ya que pagamos tambi\u00e9n una imagen, un marketing y una publicidad.<\/p>\n<h3>Cosm\u00e9ticos de calidad a un precio justo<\/h3>\n<p>Como siempre en nuestra <a href=\"https:\/\/farmacialisboa.es\/blog\/\">Farmacia<\/a> queremos estar a la vanguardia de la Innovaci\u00f3n y no iba a ser menos en el campo de la Cosm\u00e9tica, ante un consumidor cada vez m\u00e1s exigente y mejor informado.<\/p>\n<p><a href=\"https:\/\/farmacialisboa.es\/blog\/activos-cosmeticos-antiedad-2267.html\">Que los productos cosm\u00e9ticos que adquieras sean <strong>seguros y eficaces<\/strong> es algo b\u00e1sico.<\/a><\/p>\n<p>Precisamente, para poder satisfacer a todo tipo de clientes nos hemos involucrado en tener una <strong>marca propia<\/strong>, lo que habitualmente conocemos como marca blanca.<\/p>\n<p>Porque la Calidad, Seguridad, Eficacia e Innovaci\u00f3n deben estar al alcance de todo tipo de p\u00fablico y no debe ser un factor determinante el precio que haya que pagar por ello.<\/p>\n<p>Sin perder de vista, adem\u00e1s, que cada tipo de persona y cada tipo de piel tiene unas necesidades espec\u00edficas y s\u00f3lo el cosm\u00e9tico adecuado para cubrir esas necesidades ser\u00e1 el mejor.<\/p>\n<h3>Marca propia<\/h3>\n<p>Dentro de nuestra\u00a0<strong>marca propia<\/strong>, contamos con dos l\u00edneas cuya diferencia se basa en la complejidad y concentraci\u00f3n de sus Principios Activos, lo que indiscutiblemente repercute en el precio.<\/p>\n<ul>\n<li>Derma-Farmacia Lisboa: l\u00ednea b\u00e1sica con productos excepcionales a un precio accesible, para tratamientos b\u00e1sicos.<\/li>\n<li>HD-Farmacia Lisboa: hight definition, la Alta Definici\u00f3n, como nuestra L\u00ednea Premium, con mol\u00e9culas, concentraciones y texturas innovadoras, altamente eficaces y destinados a tratamientos espec\u00edficos.<\/li>\n<\/ul>\n<h3><strong>Derex dermocosm\u00e9tica especializada con m\u00e1s de 30 a\u00f1os de experiencia<\/strong><\/h3>\n<p>Para que este proyecto ambicioso se haya podido llevar a cabo hemos depositado nuestra confianza en <a href=\"https:\/\/www.google.es\/url?sa=t&amp;rct=j&amp;q=&amp;esrc=s&amp;source=web&amp;cd=1&amp;ved=0ahUKEwiVh8KOtcbYAhVBNRQKHYQ9AcAQFggpMAA&amp;url=http%3A%2F%2Fderex.es%2F&amp;usg=AOvVaw107zpjekr8xG_AYm5r7hgP\">DEREX<\/a>, empresa que durante este a\u00f1o ha recibido el premio a la <strong>Excelencia Empresarial<\/strong>.<\/p>\n<p>Es una de las empresas espa\u00f1olas l\u00edderes en la fabricaci\u00f3n de productos cosm\u00e9ticos innovadores y con un alto valor a\u00f1adido.<\/p>\n<p>Una empresa espa\u00f1ola que destaca en el sector por su esfuerzo inversor en innovaci\u00f3n y desarrollo: Derex, con m\u00e1s de treinta a\u00f1os de experiencia en dermocosm\u00e9tica y unas instalaciones de cinco mil metros cuadrados, invierte cada a\u00f1o medio mill\u00f3n de euros en la fabricaci\u00f3n de productos cosm\u00e9ticos con un alto valor a\u00f1adido.<\/p>\n<p>Para ello cuenta con tecnolog\u00edas de \u00faltima generaci\u00f3n y realiza una cuidadosa selecci\u00f3n, basada en estudios de eficacia, de todos los ingredientes activos empleados en sus exclusivas formulaciones.<\/p>\n<div id=\"attachment_3032\" style=\"width: 1034px\" class=\"wp-caption alignnone\"><img loading=\"lazy\" decoding=\"async\" aria-describedby=\"caption-attachment-3032\" class=\"size-large wp-image-3032\" src=\"https:\/\/farmacialisboa.es\/blog\/wp-content\/uploads\/2015\/12\/13-1024x576.png\" alt=\"Dermocosm\u00e9tica el regalo perfecto para esta Navidad\" width=\"1024\" height=\"576\" srcset=\"https:\/\/farmacialisboa.es\/blog\/wp-content\/uploads\/2015\/12\/13-1024x576.png 1024w, https:\/\/farmacialisboa.es\/blog\/wp-content\/uploads\/2015\/12\/13-300x169.png 300w, https:\/\/farmacialisboa.es\/blog\/wp-content\/uploads\/2015\/12\/13-768x432.png 768w, https:\/\/farmacialisboa.es\/blog\/wp-content\/uploads\/2015\/12\/13-1536x864.png 1536w, https:\/\/farmacialisboa.es\/blog\/wp-content\/uploads\/2015\/12\/13-2048x1152.png 2048w\" sizes=\"auto, (max-width: 1024px) 100vw, 1024px\" \/><p id=\"caption-attachment-3032\" class=\"wp-caption-text\">Dermocosm\u00e9tica el regalo perfecto para esta Navidad<\/p><\/div>\n<p>&nbsp;<\/p>\n<h3>Derex, dermocosm\u00e9tica farmac\u00e9utica<\/h3>\n<p><strong>Derex<\/strong> cuenta con un departamento propio de <strong>I+D<\/strong> formado por ocho farmac\u00e9uticos, un factor clave y diferencial.<\/p>\n<p>Este departamento es el pulm\u00f3n de la compa\u00f1\u00eda, ya que permite ofrecer una respuesta r\u00e1pida al mercado, as\u00ed como ofrecer al consumidor todo el asesoramiento necesario respecto a cualquier cosm\u00e9tico.<\/p>\n<p>Siempre alerta y en constante formaci\u00f3n y reciclaje para satisfacer un consumidor exigente, que quiere respuestas a corto plazo con productos eficaces, inocuos y respetuosos con el medio ambiente.<\/p>\n<h3>Formulaci\u00f3n magistral a la cabeza de los Dermocosm\u00e9ticos Farmacia Lisboa<\/h3>\n<p>Fue el farmac\u00e9utico Joaqu\u00edn Roda qui\u00e9n comenz\u00f3 a impartir clases de formulaci\u00f3n magistral para farmac\u00e9uticos de toda Espa\u00f1a, pero, con el aumento de la demanda se vieron obligados a fabricar productos finales.<\/p>\n<p>Comenzando as\u00ed la comercializaci\u00f3n de Dermocosm\u00e9ticos que constituyen un regalo perfecto para esta Navidad y cualquier ocasi\u00f3n.<\/p>\n<h3>Dermocosm\u00e9tica: el regalo perfecto para esta Navidad<\/h3>\n<p>Hoy, con m\u00e1s de cuatrocientos productos comercializados por diversas marcas y canales, Derex ofrece un servicio integral y flexible, siendo el farmac\u00e9utico el que sigue el procedimiento solicitado por cada cliente:<\/p>\n<ul>\n<li>Comenzando por la idea original.<\/li>\n<li>Seguido de la autorizaci\u00f3n de comercializaci\u00f3n.<\/li>\n<li>Todo el proceso de producci\u00f3n.<\/li>\n<li>Finalizando con un departamento de dise\u00f1o interno para ofrecer un servicio de packaging y material promocional.<\/li>\n<\/ul>\n<h3>Clientes de Derex<\/h3>\n<p>Entre\u00a0los clientes que conf\u00edan en Derex para obtener sus productos de Dermocosm\u00e9tica de calidad al mejor precio, nos encontramos:<\/p>\n<ul>\n<li>Marcas cosm\u00e9ticas de reconocido prestigio Nacionales e internacionales.<\/li>\n<li>Cooperativas farmac\u00e9uticas y farmacias.<\/li>\n<li>Empresas de prescripci\u00f3n m\u00e9dica,<\/li>\n<\/ul>\n<p><strong>Derex<\/strong> enfoca sus esfuerzos en seguir creando productos de Dermocosm\u00e9tica para mejorar el bienestar del consumidor y su calidad de vida.<\/p>\n<p>El sistema de calidad revisa sus productos, desde la materia prima hasta el servicio postventa.<\/p>\n<p>Nuestra experiencia es de una gran aceptaci\u00f3n de todos los productos de nuestra Marca Propia, para tratar problemas espec\u00edficos: desde belleza hasta pieles agredidas y da\u00f1adas por tratamientos de radioterapia.<\/p>\n<p>Nos sentimos orgullosos de poderos ofrecer estos productos que estamos seguros no os van a defraudar, porque sentirse bien con uno mismo influye en nuestro bienestar y calidad de vida.<\/p>\n<p>&nbsp;<\/p>\n<p>Por todo ello los Dermocosm\u00e9ticos constituyen el regalo perfecto para esta Navidad.<\/p>\n<p>&nbsp;<\/p>\n<p><strong>\u00abAutocuidado, Salud y Belleza\u00bb<\/strong><\/p>\n<p><strong>Por Inmaculada Vicente Mar\u00eda<\/strong><\/p>\n<p><strong>N\u00ba colegiado 1211<\/strong><\/p>\n<p>&nbsp;<\/p>\n","protected":false},"excerpt":{"rendered":"<p>Dermocosm\u00e9tica: el regalo perfecto para esta Navidad. Navidad a Reyes son las \u00e9pocas del a\u00f1o en el que m\u00e1s dinero<\/p>\n","protected":false},"author":1,"featured_media":3031,"comment_status":"closed","ping_status":"closed","sticky":false,"template":"","format":"standard","meta":{"_exactmetrics_skip_tracking":false,"_exactmetrics_sitenote_active":false,"_exactmetrics_sitenote_note":"","_exactmetrics_sitenote_category":0,"footnotes":""},"categories":[23],"tags":[4453,174],"class_list":["post-466","post","type-post","status-publish","format-standard","has-post-thumbnail","hentry","category-dermocosmetica","tag-cosmetica-propia","tag-dermocosmetica"],"yoast_head":"<!-- This site is optimized with the Yoast SEO plugin v24.7 - https:\/\/yoast.com\/wordpress\/plugins\/seo\/ -->\n<title>Dermocosm\u00e9tica: el regalo perfecto para esta Navidad<\/title>\n<meta name=\"description\" content=\"Regalar cosm\u00e9ticos ofrece un amplio abanico de posibilidades, y constituye un regalo \u00fatil y personal. Dermocosm\u00e9tica: el regalo perfecto para esta Navidad\" \/>\n<meta name=\"robots\" content=\"index, follow, max-snippet:-1, max-image-preview:large, max-video-preview:-1\" \/>\n<link rel=\"canonical\" href=\"https:\/\/farmacialisboa.es\/blog\/dermocosmetica-el-regalo-perfecto-para-esta-navidad-466.html\" \/>\n<meta property=\"og:locale\" content=\"es_ES\" \/>\n<meta property=\"og:type\" content=\"article\" \/>\n<meta property=\"og:title\" content=\"Dermocosm\u00e9tica: el regalo perfecto para esta Navidad\" \/>\n<meta property=\"og:description\" content=\"Regalar cosm\u00e9ticos ofrece un amplio abanico de posibilidades, y constituye un regalo \u00fatil y personal. Dermocosm\u00e9tica: el regalo perfecto para esta Navidad\" \/>\n<meta property=\"og:url\" content=\"https:\/\/farmacialisboa.es\/blog\/dermocosmetica-el-regalo-perfecto-para-esta-navidad-466.html\" \/>\n<meta property=\"og:site_name\" content=\"Blog de Farmacia Lisboa -\" \/>\n<meta property=\"article:published_time\" content=\"2015-12-09T18:13:24+00:00\" \/>\n<meta property=\"article:modified_time\" content=\"2022-08-08T16:10:41+00:00\" \/>\n<meta property=\"og:image\" content=\"https:\/\/farmacialisboa.es\/blog\/wp-content\/uploads\/2015\/12\/14.png\" \/>\n\t<meta property=\"og:image:width\" content=\"2240\" \/>\n\t<meta property=\"og:image:height\" content=\"1260\" \/>\n\t<meta property=\"og:image:type\" content=\"image\/png\" \/>\n<meta name=\"author\" content=\"Farmac\u00e9utica Inmaculada Vicente\" \/>\n<meta name=\"twitter:card\" content=\"summary_large_image\" \/>\n<meta name=\"twitter:label1\" content=\"Escrito por\" \/>\n\t<meta name=\"twitter:data1\" content=\"Farmac\u00e9utica Inmaculada Vicente\" \/>\n\t<meta name=\"twitter:label2\" content=\"Tiempo de lectura\" \/>\n\t<meta name=\"twitter:data2\" content=\"6 minutos\" \/>\n<script type=\"application\/ld+json\" class=\"yoast-schema-graph\">{\"@context\":\"https:\/\/schema.org\",\"@graph\":[{\"@type\":\"Article\",\"@id\":\"https:\/\/farmacialisboa.es\/blog\/dermocosmetica-el-regalo-perfecto-para-esta-navidad-466.html#article\",\"isPartOf\":{\"@id\":\"https:\/\/farmacialisboa.es\/blog\/dermocosmetica-el-regalo-perfecto-para-esta-navidad-466.html\"},\"author\":{\"name\":\"Farmac\u00e9utica Inmaculada Vicente\",\"@id\":\"https:\/\/farmacialisboa.es\/blog\/#\/schema\/person\/f90b0034ba245d9546a4e41e87116a3f\"},\"headline\":\"Dermocosm\u00e9tica: el regalo perfecto para esta Navidad\",\"datePublished\":\"2015-12-09T18:13:24+00:00\",\"dateModified\":\"2022-08-08T16:10:41+00:00\",\"mainEntityOfPage\":{\"@id\":\"https:\/\/farmacialisboa.es\/blog\/dermocosmetica-el-regalo-perfecto-para-esta-navidad-466.html\"},\"wordCount\":1196,\"publisher\":{\"@id\":\"https:\/\/farmacialisboa.es\/blog\/#\/schema\/person\/f90b0034ba245d9546a4e41e87116a3f\"},\"image\":{\"@id\":\"https:\/\/farmacialisboa.es\/blog\/dermocosmetica-el-regalo-perfecto-para-esta-navidad-466.html#primaryimage\"},\"thumbnailUrl\":\"https:\/\/farmacialisboa.es\/blog\/wp-content\/uploads\/2015\/12\/14.png\",\"keywords\":[\"Cosm\u00e9tica propia\",\"Dermocosm\u00e9tica\"],\"articleSection\":[\"Dermocosm\u00e9tica\"],\"inLanguage\":\"es\"},{\"@type\":\"WebPage\",\"@id\":\"https:\/\/farmacialisboa.es\/blog\/dermocosmetica-el-regalo-perfecto-para-esta-navidad-466.html\",\"url\":\"https:\/\/farmacialisboa.es\/blog\/dermocosmetica-el-regalo-perfecto-para-esta-navidad-466.html\",\"name\":\"Dermocosm\u00e9tica: el regalo perfecto para esta Navidad\",\"isPartOf\":{\"@id\":\"https:\/\/farmacialisboa.es\/blog\/#website\"},\"primaryImageOfPage\":{\"@id\":\"https:\/\/farmacialisboa.es\/blog\/dermocosmetica-el-regalo-perfecto-para-esta-navidad-466.html#primaryimage\"},\"image\":{\"@id\":\"https:\/\/farmacialisboa.es\/blog\/dermocosmetica-el-regalo-perfecto-para-esta-navidad-466.html#primaryimage\"},\"thumbnailUrl\":\"https:\/\/farmacialisboa.es\/blog\/wp-content\/uploads\/2015\/12\/14.png\",\"datePublished\":\"2015-12-09T18:13:24+00:00\",\"dateModified\":\"2022-08-08T16:10:41+00:00\",\"description\":\"Regalar cosm\u00e9ticos ofrece un amplio abanico de posibilidades, y constituye un regalo \u00fatil y personal. Dermocosm\u00e9tica: el regalo perfecto para esta Navidad\",\"breadcrumb\":{\"@id\":\"https:\/\/farmacialisboa.es\/blog\/dermocosmetica-el-regalo-perfecto-para-esta-navidad-466.html#breadcrumb\"},\"inLanguage\":\"es\",\"potentialAction\":[{\"@type\":\"ReadAction\",\"target\":[\"https:\/\/farmacialisboa.es\/blog\/dermocosmetica-el-regalo-perfecto-para-esta-navidad-466.html\"]}]},{\"@type\":\"ImageObject\",\"inLanguage\":\"es\",\"@id\":\"https:\/\/farmacialisboa.es\/blog\/dermocosmetica-el-regalo-perfecto-para-esta-navidad-466.html#primaryimage\",\"url\":\"https:\/\/farmacialisboa.es\/blog\/wp-content\/uploads\/2015\/12\/14.png\",\"contentUrl\":\"https:\/\/farmacialisboa.es\/blog\/wp-content\/uploads\/2015\/12\/14.png\",\"width\":2240,\"height\":1260,\"caption\":\"Dermocosm\u00e9tica el regalo perfecto para esta Navidad\"},{\"@type\":\"BreadcrumbList\",\"@id\":\"https:\/\/farmacialisboa.es\/blog\/dermocosmetica-el-regalo-perfecto-para-esta-navidad-466.html#breadcrumb\",\"itemListElement\":[{\"@type\":\"ListItem\",\"position\":1,\"name\":\"Home\",\"item\":\"https:\/\/farmacialisboa.es\/blog\"},{\"@type\":\"ListItem\",\"position\":2,\"name\":\"Dermocosm\u00e9tica: el regalo perfecto para esta Navidad\"}]},{\"@type\":\"WebSite\",\"@id\":\"https:\/\/farmacialisboa.es\/blog\/#website\",\"url\":\"https:\/\/farmacialisboa.es\/blog\/\",\"name\":\"Blog de Farmacia Lisboa -\",\"description\":\"Consejos sobre salud y bienestar, productos de farmacia online, tratamientos novedosos, cosm\u00e9tica y m\u00e1s.\",\"publisher\":{\"@id\":\"https:\/\/farmacialisboa.es\/blog\/#\/schema\/person\/f90b0034ba245d9546a4e41e87116a3f\"},\"potentialAction\":[{\"@type\":\"SearchAction\",\"target\":{\"@type\":\"EntryPoint\",\"urlTemplate\":\"https:\/\/farmacialisboa.es\/blog\/?s={search_term_string}\"},\"query-input\":{\"@type\":\"PropertyValueSpecification\",\"valueRequired\":true,\"valueName\":\"search_term_string\"}}],\"inLanguage\":\"es\"},{\"@type\":[\"Person\",\"Organization\"],\"@id\":\"https:\/\/farmacialisboa.es\/blog\/#\/schema\/person\/f90b0034ba245d9546a4e41e87116a3f\",\"name\":\"Farmac\u00e9utica Inmaculada Vicente\",\"image\":{\"@type\":\"ImageObject\",\"inLanguage\":\"es\",\"@id\":\"https:\/\/farmacialisboa.es\/blog\/#\/schema\/person\/image\/\",\"url\":\"https:\/\/secure.gravatar.com\/avatar\/e0893039af7245eb9fe370eae0410a9e?s=96&d=mm&r=g\",\"contentUrl\":\"https:\/\/secure.gravatar.com\/avatar\/e0893039af7245eb9fe370eae0410a9e?s=96&d=mm&r=g\",\"caption\":\"Farmac\u00e9utica Inmaculada Vicente\"},\"logo\":{\"@id\":\"https:\/\/farmacialisboa.es\/blog\/#\/schema\/person\/image\/\"},\"url\":\"https:\/\/farmacialisboa.es\/blog\/author\/soporte_u4027r77\"}]}<\/script>\n<!-- \/ Yoast SEO plugin. -->","yoast_head_json":{"title":"Dermocosm\u00e9tica: el regalo perfecto para esta Navidad","description":"Regalar cosm\u00e9ticos ofrece un amplio abanico de posibilidades, y constituye un regalo \u00fatil y personal. Dermocosm\u00e9tica: el regalo perfecto para esta Navidad","robots":{"index":"index","follow":"follow","max-snippet":"max-snippet:-1","max-image-preview":"max-image-preview:large","max-video-preview":"max-video-preview:-1"},"canonical":"https:\/\/farmacialisboa.es\/blog\/dermocosmetica-el-regalo-perfecto-para-esta-navidad-466.html","og_locale":"es_ES","og_type":"article","og_title":"Dermocosm\u00e9tica: el regalo perfecto para esta Navidad","og_description":"Regalar cosm\u00e9ticos ofrece un amplio abanico de posibilidades, y constituye un regalo \u00fatil y personal. Dermocosm\u00e9tica: el regalo perfecto para esta Navidad","og_url":"https:\/\/farmacialisboa.es\/blog\/dermocosmetica-el-regalo-perfecto-para-esta-navidad-466.html","og_site_name":"Blog de Farmacia Lisboa -","article_published_time":"2015-12-09T18:13:24+00:00","article_modified_time":"2022-08-08T16:10:41+00:00","og_image":[{"width":2240,"height":1260,"url":"https:\/\/farmacialisboa.es\/blog\/wp-content\/uploads\/2015\/12\/14.png","type":"image\/png"}],"author":"Farmac\u00e9utica Inmaculada Vicente","twitter_card":"summary_large_image","twitter_misc":{"Escrito por":"Farmac\u00e9utica Inmaculada Vicente","Tiempo de lectura":"6 minutos"},"schema":{"@context":"https:\/\/schema.org","@graph":[{"@type":"Article","@id":"https:\/\/farmacialisboa.es\/blog\/dermocosmetica-el-regalo-perfecto-para-esta-navidad-466.html#article","isPartOf":{"@id":"https:\/\/farmacialisboa.es\/blog\/dermocosmetica-el-regalo-perfecto-para-esta-navidad-466.html"},"author":{"name":"Farmac\u00e9utica Inmaculada Vicente","@id":"https:\/\/farmacialisboa.es\/blog\/#\/schema\/person\/f90b0034ba245d9546a4e41e87116a3f"},"headline":"Dermocosm\u00e9tica: el regalo perfecto para esta Navidad","datePublished":"2015-12-09T18:13:24+00:00","dateModified":"2022-08-08T16:10:41+00:00","mainEntityOfPage":{"@id":"https:\/\/farmacialisboa.es\/blog\/dermocosmetica-el-regalo-perfecto-para-esta-navidad-466.html"},"wordCount":1196,"publisher":{"@id":"https:\/\/farmacialisboa.es\/blog\/#\/schema\/person\/f90b0034ba245d9546a4e41e87116a3f"},"image":{"@id":"https:\/\/farmacialisboa.es\/blog\/dermocosmetica-el-regalo-perfecto-para-esta-navidad-466.html#primaryimage"},"thumbnailUrl":"https:\/\/farmacialisboa.es\/blog\/wp-content\/uploads\/2015\/12\/14.png","keywords":["Cosm\u00e9tica propia","Dermocosm\u00e9tica"],"articleSection":["Dermocosm\u00e9tica"],"inLanguage":"es"},{"@type":"WebPage","@id":"https:\/\/farmacialisboa.es\/blog\/dermocosmetica-el-regalo-perfecto-para-esta-navidad-466.html","url":"https:\/\/farmacialisboa.es\/blog\/dermocosmetica-el-regalo-perfecto-para-esta-navidad-466.html","name":"Dermocosm\u00e9tica: el regalo perfecto para esta Navidad","isPartOf":{"@id":"https:\/\/farmacialisboa.es\/blog\/#website"},"primaryImageOfPage":{"@id":"https:\/\/farmacialisboa.es\/blog\/dermocosmetica-el-regalo-perfecto-para-esta-navidad-466.html#primaryimage"},"image":{"@id":"https:\/\/farmacialisboa.es\/blog\/dermocosmetica-el-regalo-perfecto-para-esta-navidad-466.html#primaryimage"},"thumbnailUrl":"https:\/\/farmacialisboa.es\/blog\/wp-content\/uploads\/2015\/12\/14.png","datePublished":"2015-12-09T18:13:24+00:00","dateModified":"2022-08-08T16:10:41+00:00","description":"Regalar cosm\u00e9ticos ofrece un amplio abanico de posibilidades, y constituye un regalo \u00fatil y personal. Dermocosm\u00e9tica: el regalo perfecto para esta Navidad","breadcrumb":{"@id":"https:\/\/farmacialisboa.es\/blog\/dermocosmetica-el-regalo-perfecto-para-esta-navidad-466.html#breadcrumb"},"inLanguage":"es","potentialAction":[{"@type":"ReadAction","target":["https:\/\/farmacialisboa.es\/blog\/dermocosmetica-el-regalo-perfecto-para-esta-navidad-466.html"]}]},{"@type":"ImageObject","inLanguage":"es","@id":"https:\/\/farmacialisboa.es\/blog\/dermocosmetica-el-regalo-perfecto-para-esta-navidad-466.html#primaryimage","url":"https:\/\/farmacialisboa.es\/blog\/wp-content\/uploads\/2015\/12\/14.png","contentUrl":"https:\/\/farmacialisboa.es\/blog\/wp-content\/uploads\/2015\/12\/14.png","width":2240,"height":1260,"caption":"Dermocosm\u00e9tica el regalo perfecto para esta Navidad"},{"@type":"BreadcrumbList","@id":"https:\/\/farmacialisboa.es\/blog\/dermocosmetica-el-regalo-perfecto-para-esta-navidad-466.html#breadcrumb","itemListElement":[{"@type":"ListItem","position":1,"name":"Home","item":"https:\/\/farmacialisboa.es\/blog"},{"@type":"ListItem","position":2,"name":"Dermocosm\u00e9tica: el regalo perfecto para esta Navidad"}]},{"@type":"WebSite","@id":"https:\/\/farmacialisboa.es\/blog\/#website","url":"https:\/\/farmacialisboa.es\/blog\/","name":"Blog de Farmacia Lisboa -","description":"Consejos sobre salud y bienestar, productos de farmacia online, tratamientos novedosos, cosm\u00e9tica y m\u00e1s.","publisher":{"@id":"https:\/\/farmacialisboa.es\/blog\/#\/schema\/person\/f90b0034ba245d9546a4e41e87116a3f"},"potentialAction":[{"@type":"SearchAction","target":{"@type":"EntryPoint","urlTemplate":"https:\/\/farmacialisboa.es\/blog\/?s={search_term_string}"},"query-input":{"@type":"PropertyValueSpecification","valueRequired":true,"valueName":"search_term_string"}}],"inLanguage":"es"},{"@type":["Person","Organization"],"@id":"https:\/\/farmacialisboa.es\/blog\/#\/schema\/person\/f90b0034ba245d9546a4e41e87116a3f","name":"Farmac\u00e9utica Inmaculada Vicente","image":{"@type":"ImageObject","inLanguage":"es","@id":"https:\/\/farmacialisboa.es\/blog\/#\/schema\/person\/image\/","url":"https:\/\/secure.gravatar.com\/avatar\/e0893039af7245eb9fe370eae0410a9e?s=96&d=mm&r=g","contentUrl":"https:\/\/secure.gravatar.com\/avatar\/e0893039af7245eb9fe370eae0410a9e?s=96&d=mm&r=g","caption":"Farmac\u00e9utica Inmaculada Vicente"},"logo":{"@id":"https:\/\/farmacialisboa.es\/blog\/#\/schema\/person\/image\/"},"url":"https:\/\/farmacialisboa.es\/blog\/author\/soporte_u4027r77"}]}},"_links":{"self":[{"href":"https:\/\/farmacialisboa.es\/blog\/wp-json\/wp\/v2\/posts\/466","targetHints":{"allow":["GET"]}}],"collection":[{"href":"https:\/\/farmacialisboa.es\/blog\/wp-json\/wp\/v2\/posts"}],"about":[{"href":"https:\/\/farmacialisboa.es\/blog\/wp-json\/wp\/v2\/types\/post"}],"author":[{"embeddable":true,"href":"https:\/\/farmacialisboa.es\/blog\/wp-json\/wp\/v2\/users\/1"}],"replies":[{"embeddable":true,"href":"https:\/\/farmacialisboa.es\/blog\/wp-json\/wp\/v2\/comments?post=466"}],"version-history":[{"count":7,"href":"https:\/\/farmacialisboa.es\/blog\/wp-json\/wp\/v2\/posts\/466\/revisions"}],"predecessor-version":[{"id":3033,"href":"https:\/\/farmacialisboa.es\/blog\/wp-json\/wp\/v2\/posts\/466\/revisions\/3033"}],"wp:featuredmedia":[{"embeddable":true,"href":"https:\/\/farmacialisboa.es\/blog\/wp-json\/wp\/v2\/media\/3031"}],"wp:attachment":[{"href":"https:\/\/farmacialisboa.es\/blog\/wp-json\/wp\/v2\/media?parent=466"}],"wp:term":[{"taxonomy":"category","embeddable":true,"href":"https:\/\/farmacialisboa.es\/blog\/wp-json\/wp\/v2\/categories?post=466"},{"taxonomy":"post_tag","embeddable":true,"href":"https:\/\/farmacialisboa.es\/blog\/wp-json\/wp\/v2\/tags?post=466"}],"curies":[{"name":"wp","href":"https:\/\/api.w.org\/{rel}","templated":true}]}}