{"id":764,"date":"2019-11-27T17:28:54","date_gmt":"2019-11-27T17:28:54","guid":{"rendered":"https:\/\/farmacialisboa.es\/blog\/?p=764"},"modified":"2022-07-14T16:43:40","modified_gmt":"2022-07-14T16:43:40","slug":"7-razones-para-usar-proteccion-solar-tambien-en-invierno","status":"publish","type":"post","link":"https:\/\/farmacialisboa.es\/blog\/7-razones-para-usar-proteccion-solar-tambien-en-invierno-764.html","title":{"rendered":"7 Razones para usar protecci\u00f3n solar tambi\u00e9n en invierno"},"content":{"rendered":"<p>\u00bfTe proteges del sol durante todo el a\u00f1o? En este art\u00edculo encontrar\u00e1s 7 razones para usar protecci\u00f3n solar tambi\u00e9n en invierno.<\/p>\n<p>Tenemos muy asumido aplicar un protector solar sobre nuestra piel cuando nos vamos a exponer en la playa o la piscina, pero no es as\u00ed en los meses de fr\u00edo.<\/p>\n<p>Sin embargo, a\u00a0diario observamos con satisfacci\u00f3n, encontrarnos a mucha gente que ya est\u00e1 convencida de que <a href=\"https:\/\/www.telva.com\/belleza\/2019\/10\/22\/5daf600f01a2f1e0738b4573.html\">debemos <strong>proteger nuestra piel de los rayos ultravioleta todo el a\u00f1o.<\/strong><\/a><\/p>\n<p>Que el sol es perjudicial para nuestra piel es una realidad que los dermat\u00f3logos nos repiten continuamente, pese a que en peque\u00f1as dosis y con las precauciones adecuadas tambi\u00e9n aporte beneficios.<\/p>\n<h3><span style=\"color: #1b1919; font-size: 22px;\">\u00bfTienes claro porqu\u00e9 debemos proteger nuestra piel durante todo el a\u00f1o?<\/span><\/h3>\n<p>Espero que este post te resulte interesante o, cuanto menos, te sirva para comprobar que est\u00e1s haciendo las cosas bien en este sentido.<\/p>\n<p>Si no es as\u00ed, no te preocupes, voy a intentar explicarte con claridad las<a href=\"https:\/\/farmacialisboa.es\/blog\/nos-protegemos-del-sol-correctamente-412.html\"> <strong>razones por las que debes aplicarte crema de protecci\u00f3n solar cada ma\u00f1ana antes de salir de casa, incluso en oto\u00f1o e invierno o cuando no veas el sol.<\/strong><\/a><\/p>\n<h3>Radiaci\u00f3n ultravioleta y su alcance sobre la tierra<\/h3>\n<p>Antes, vamos a dar una breve explicaci\u00f3n sobre la radiaci\u00f3n ultravioleta emitida por el Sol y su alcance sobre la Tierra.<\/p>\n<p>A la superficie terrestre llegan rayos UVA y UVB (la radiaci\u00f3n UVC no llega a la tierra porque es absorbida por el ox\u00edgeno y el ozono de la atm\u00f3sfera).<\/p>\n<p>La <strong>radiaci\u00f3n UVB<\/strong> es parcialmente absorbida por el ozono y llega a la superficie de la tierra, produciendo da\u00f1o en la\u00a0piel, al igual que los <strong>UVA<\/strong> que suponen el 99 % de los rayos ultravioletas que llegan a la superficie de la Tierra.<\/p>\n<h2>7 Razones para usar protecci\u00f3n solar tambi\u00e9n en invierno<\/h2>\n<ol>\n<li>Los rayos solares UVB son m\u00e1s potentes durante el verano, pero los UVA est\u00e1n presentes <strong>todo el a\u00f1o<\/strong>.<\/li>\n<li>Los UVA tienen una longitud de onda mayor que los UVB y penetran hasta la hipodermis, la <strong>capa m\u00e1s profunda<\/strong> de la piel.<\/li>\n<li>Los rayos solares que nos alcanzan en los meses de fr\u00edo parecen m\u00e1s d\u00e9biles, sin embargo, son capaces de <strong>da\u00f1ar gravemente la piel a largo plazo<\/strong>.<\/li>\n<li>Los rayos UVA activan una enzima que <strong>perjudica la producci\u00f3n de col\u00e1geno<\/strong>, lo que da lugar a una piel envejecida prematuramente, con p\u00e9rdida de firmeza y flacidez.<\/li>\n<li>Los da\u00f1os que sufre la dermis a causa de la radiaci\u00f3n solar, en su mayor\u00eda, son permanentes, y acumulativos, de ah\u00ed la frase que tanto repiten los expertos: <strong>LA PIEL TIENE MEMORIA<\/strong>.<\/li>\n<li>Si, por ejemplo, est\u00e1s en una zona con <strong>nieve<\/strong>, los da\u00f1os son a\u00fan peores, porque la nieve refleja los rayos ultravioleta.<\/li>\n<li>Otro dato importante es la <strong>altitud<\/strong> a la que nos encontremos mientras estamos expuestos al sol. Por ejemplo, cuando estamos en una zona elevada, a unos 1.000 metros sobre el nivel del mar, los da\u00f1os aumentan en torno al 15 por ciento y cuanto m\u00e1s subamos, peor.<\/li>\n<\/ol>\n<div id=\"attachment_2716\" style=\"width: 1034px\" class=\"wp-caption alignnone\"><img loading=\"lazy\" decoding=\"async\" aria-describedby=\"caption-attachment-2716\" class=\"size-large wp-image-2716\" src=\"https:\/\/farmacialisboa.es\/blog\/wp-content\/uploads\/2019\/11\/2-1024x576.png\" alt=\"Aplicar protecci\u00f3n solar sobre nuestra piel es necesario durante todo el a\u00f1o\" width=\"1024\" height=\"576\" srcset=\"https:\/\/farmacialisboa.es\/blog\/wp-content\/uploads\/2019\/11\/2-1024x576.png 1024w, https:\/\/farmacialisboa.es\/blog\/wp-content\/uploads\/2019\/11\/2-300x169.png 300w, https:\/\/farmacialisboa.es\/blog\/wp-content\/uploads\/2019\/11\/2-768x432.png 768w, https:\/\/farmacialisboa.es\/blog\/wp-content\/uploads\/2019\/11\/2-1536x864.png 1536w, https:\/\/farmacialisboa.es\/blog\/wp-content\/uploads\/2019\/11\/2-2048x1152.png 2048w\" sizes=\"auto, (max-width: 1024px) 100vw, 1024px\" \/><p id=\"caption-attachment-2716\" class=\"wp-caption-text\">Aplicar protecci\u00f3n solar sobre nuestra piel es necesario durante todo el a\u00f1o<\/p><\/div>\n<p>Es verdad que cuando las temperaturas son m\u00e1s bajas la superficie de la piel expuesta es mucho menor, pero eso no debe hacernos pecar de exceso de confianza.<\/p>\n<h3>\u00bfD\u00f3nde debemos centrar nuestra atenci\u00f3n?<\/h3>\n<p>En estas \u00e9pocas del a\u00f1o, la necesidad de protecci\u00f3n se reducen, no es necesario aplicar un protector por toda la superficie corporal, pero no puedes descuidar la piel de\u00a0<strong>la cara, los labios, las orejas o las manos;<\/strong> que son las partes del cuerpo que solemos llevar al descubierto incluso en oto\u00f1o o invierno.<\/p>\n<p>Tampoco debes olvidar proteger tus ojos, utiliza gafas de sol siempre.<\/p>\n<p>Existen barreras f\u00edsicas, como gorros, gafas de sol o guantes que nos ayudar\u00e1n pero el uso de un protector solar es inevitable si queremos hacer las cosas bien.<\/p>\n<p>Afortunadamente, hoy en d\u00eda, existen multitud de productos en los que podemos confiar, y que adem\u00e1s nos facilitan la vida, son los <strong>cosm\u00e9ticos multifunci\u00f3n:<\/strong><\/p>\n<ul>\n<li>\u00a0Hidratan y tratan problemas de la piel, al tiempo que incorporan un factor de protecci\u00f3n solar.<\/li>\n<li>Productos que tratan las manchas cut\u00e1neas favoreciendo la despigmentaci\u00f3n y protegiendo la piel.<\/li>\n<li>\u00a0Diferentes texturas para adaptar el cosm\u00e9tico a cada tipo de piel, que igualmente, llevan incorporada la protecci\u00f3n solar.<\/li>\n<li>Cosm\u00e9ticos con color, los denominados <strong>fotomaquillajes, <\/strong>que hidratan, protegen y maquillan en un solo paso.<\/li>\n<li>Incluso maquillajes, que de la misma forma, incluyen un factor de protecci\u00f3n solar.<\/li>\n<\/ul>\n<p>&nbsp;<\/p>\n<h3>No olvides que proteger tu piel de la radiaci\u00f3n solar, no s\u00f3lo es cuesti\u00f3n de belleza, tambi\u00e9n es salud.<\/h3>\n<p>A continuaci\u00f3n te dejo unas propuestas de los m\u00e1s solicitados en estas \u00e9pocas del a\u00f1o:<\/p>\n<ul>\n<li><a href=\"https:\/\/farmacialisboa.es\/comprar\/heliocare-360-color-gel-oil-free-Bronze-spf-50\">Heliocare 360 Color Gel Oil Free SPF 50+<\/a><\/li>\n<li><a href=\"https:\/\/farmacialisboa.es\/comprar\/endocare-day-spf-30-40ml\">Endocare Day SPF 30 40ml<\/a><\/li>\n<li><a href=\"https:\/\/farmacialisboa.es\/comprar\/heliocare-360-age-active-spf50-50-ml\">Heliocare 360 age active protector antiedad<\/a><\/li>\n<li><a href=\"https:\/\/farmacialisboa.es\/comprar\/isdin-foto-ultra-100-spot-prevent-spf-100\">ISDIN Foto Ultra 100 Spot Prevent SPF 100+<\/a><\/li>\n<li><a href=\"https:\/\/farmacialisboa.es\/comprar\/neoretin-discrom-control-gelcream-f50\">Neoretin Discrom Control GelCream F50 40 ml<\/a><\/li>\n<li><a href=\"https:\/\/farmacialisboa.es\/comprar\/heliocare-360-pigment-solution-fluid-spf-50-fotoprotector-antimanchas\">Heliocare pigment fluid 360 protector antimanchas<\/a><\/li>\n<\/ul>\n<p>&nbsp;<\/p>\n<p>La salud es la mayor motivaci\u00f3n para cuidarnos, si adem\u00e1s nos ayuda a lucir una piel bonita, no olvides las razones de este post para protegerte de la radiaci\u00f3n todo el a\u00f1o.<\/p>\n<p>&nbsp;<\/p>\n<p><strong>\u00abAutocuidado, Salud y Belleza\u00bb<\/strong><\/p>\n<p><strong>Por Inmaculada Vicente Mar\u00eda<\/strong><\/p>\n","protected":false},"excerpt":{"rendered":"<p>\u00bfTe proteges del sol durante todo el a\u00f1o? En este art\u00edculo encontrar\u00e1s 7 razones para usar protecci\u00f3n solar tambi\u00e9n en<\/p>\n","protected":false},"author":1,"featured_media":2717,"comment_status":"closed","ping_status":"closed","sticky":false,"template":"","format":"standard","meta":{"_exactmetrics_skip_tracking":false,"_exactmetrics_sitenote_active":false,"_exactmetrics_sitenote_note":"","_exactmetrics_sitenote_category":0,"footnotes":""},"categories":[23],"tags":[37,40],"class_list":["post-764","post","type-post","status-publish","format-standard","has-post-thumbnail","hentry","category-dermocosmetica","tag-proteccion-solar","tag-rayos-uva"],"yoast_head":"<!-- This site is optimized with the Yoast SEO plugin v24.7 - https:\/\/yoast.com\/wordpress\/plugins\/seo\/ -->\n<title>7 Razones para usar protecci\u00f3n solar tambi\u00e9n en invierno<\/title>\n<meta name=\"description\" content=\"Te damos algunas razones por las que debes aplicarte crema de protecci\u00f3n solar cada ma\u00f1ana antes de salir de casa, incluso en oto\u00f1o e invierno.\" \/>\n<meta name=\"robots\" content=\"index, follow, max-snippet:-1, max-image-preview:large, max-video-preview:-1\" \/>\n<link rel=\"canonical\" href=\"https:\/\/farmacialisboa.es\/blog\/7-razones-para-usar-proteccion-solar-tambien-en-invierno-764.html\" \/>\n<meta property=\"og:locale\" content=\"es_ES\" \/>\n<meta property=\"og:type\" content=\"article\" \/>\n<meta property=\"og:title\" content=\"7 Razones para usar protecci\u00f3n solar tambi\u00e9n en invierno\" \/>\n<meta property=\"og:description\" content=\"Te damos algunas razones por las que debes aplicarte crema de protecci\u00f3n solar cada ma\u00f1ana antes de salir de casa, incluso en oto\u00f1o e invierno.\" \/>\n<meta property=\"og:url\" content=\"https:\/\/farmacialisboa.es\/blog\/7-razones-para-usar-proteccion-solar-tambien-en-invierno-764.html\" \/>\n<meta property=\"og:site_name\" content=\"Blog de Farmacia Lisboa -\" \/>\n<meta property=\"article:published_time\" content=\"2019-11-27T17:28:54+00:00\" \/>\n<meta property=\"article:modified_time\" content=\"2022-07-14T16:43:40+00:00\" \/>\n<meta property=\"og:image\" content=\"https:\/\/farmacialisboa.es\/blog\/wp-content\/uploads\/2019\/11\/3.png\" \/>\n\t<meta property=\"og:image:width\" content=\"2240\" \/>\n\t<meta property=\"og:image:height\" content=\"1260\" \/>\n\t<meta property=\"og:image:type\" content=\"image\/png\" \/>\n<meta name=\"author\" content=\"Farmac\u00e9utica Inmaculada Vicente\" \/>\n<meta name=\"twitter:card\" content=\"summary_large_image\" \/>\n<meta name=\"twitter:label1\" content=\"Escrito por\" \/>\n\t<meta name=\"twitter:data1\" content=\"Farmac\u00e9utica Inmaculada Vicente\" \/>\n\t<meta name=\"twitter:label2\" content=\"Tiempo de lectura\" \/>\n\t<meta name=\"twitter:data2\" content=\"5 minutos\" \/>\n<script type=\"application\/ld+json\" class=\"yoast-schema-graph\">{\"@context\":\"https:\/\/schema.org\",\"@graph\":[{\"@type\":\"Article\",\"@id\":\"https:\/\/farmacialisboa.es\/blog\/7-razones-para-usar-proteccion-solar-tambien-en-invierno-764.html#article\",\"isPartOf\":{\"@id\":\"https:\/\/farmacialisboa.es\/blog\/7-razones-para-usar-proteccion-solar-tambien-en-invierno-764.html\"},\"author\":{\"name\":\"Farmac\u00e9utica Inmaculada Vicente\",\"@id\":\"https:\/\/farmacialisboa.es\/blog\/#\/schema\/person\/f90b0034ba245d9546a4e41e87116a3f\"},\"headline\":\"7 Razones para usar protecci\u00f3n solar tambi\u00e9n en invierno\",\"datePublished\":\"2019-11-27T17:28:54+00:00\",\"dateModified\":\"2022-07-14T16:43:40+00:00\",\"mainEntityOfPage\":{\"@id\":\"https:\/\/farmacialisboa.es\/blog\/7-razones-para-usar-proteccion-solar-tambien-en-invierno-764.html\"},\"wordCount\":926,\"publisher\":{\"@id\":\"https:\/\/farmacialisboa.es\/blog\/#\/schema\/person\/f90b0034ba245d9546a4e41e87116a3f\"},\"image\":{\"@id\":\"https:\/\/farmacialisboa.es\/blog\/7-razones-para-usar-proteccion-solar-tambien-en-invierno-764.html#primaryimage\"},\"thumbnailUrl\":\"https:\/\/farmacialisboa.es\/blog\/wp-content\/uploads\/2019\/11\/3.png\",\"keywords\":[\"Protecci\u00f3n Solar\",\"Rayos UVA\"],\"articleSection\":[\"Dermocosm\u00e9tica\"],\"inLanguage\":\"es\"},{\"@type\":\"WebPage\",\"@id\":\"https:\/\/farmacialisboa.es\/blog\/7-razones-para-usar-proteccion-solar-tambien-en-invierno-764.html\",\"url\":\"https:\/\/farmacialisboa.es\/blog\/7-razones-para-usar-proteccion-solar-tambien-en-invierno-764.html\",\"name\":\"7 Razones para usar protecci\u00f3n solar tambi\u00e9n en invierno\",\"isPartOf\":{\"@id\":\"https:\/\/farmacialisboa.es\/blog\/#website\"},\"primaryImageOfPage\":{\"@id\":\"https:\/\/farmacialisboa.es\/blog\/7-razones-para-usar-proteccion-solar-tambien-en-invierno-764.html#primaryimage\"},\"image\":{\"@id\":\"https:\/\/farmacialisboa.es\/blog\/7-razones-para-usar-proteccion-solar-tambien-en-invierno-764.html#primaryimage\"},\"thumbnailUrl\":\"https:\/\/farmacialisboa.es\/blog\/wp-content\/uploads\/2019\/11\/3.png\",\"datePublished\":\"2019-11-27T17:28:54+00:00\",\"dateModified\":\"2022-07-14T16:43:40+00:00\",\"description\":\"Te damos algunas razones por las que debes aplicarte crema de protecci\u00f3n solar cada ma\u00f1ana antes de salir de casa, incluso en oto\u00f1o e invierno.\",\"breadcrumb\":{\"@id\":\"https:\/\/farmacialisboa.es\/blog\/7-razones-para-usar-proteccion-solar-tambien-en-invierno-764.html#breadcrumb\"},\"inLanguage\":\"es\",\"potentialAction\":[{\"@type\":\"ReadAction\",\"target\":[\"https:\/\/farmacialisboa.es\/blog\/7-razones-para-usar-proteccion-solar-tambien-en-invierno-764.html\"]}]},{\"@type\":\"ImageObject\",\"inLanguage\":\"es\",\"@id\":\"https:\/\/farmacialisboa.es\/blog\/7-razones-para-usar-proteccion-solar-tambien-en-invierno-764.html#primaryimage\",\"url\":\"https:\/\/farmacialisboa.es\/blog\/wp-content\/uploads\/2019\/11\/3.png\",\"contentUrl\":\"https:\/\/farmacialisboa.es\/blog\/wp-content\/uploads\/2019\/11\/3.png\",\"width\":2240,\"height\":1260,\"caption\":\"7 razones para usar protecci\u00f3n solar tambi\u00e9n en invierno\"},{\"@type\":\"BreadcrumbList\",\"@id\":\"https:\/\/farmacialisboa.es\/blog\/7-razones-para-usar-proteccion-solar-tambien-en-invierno-764.html#breadcrumb\",\"itemListElement\":[{\"@type\":\"ListItem\",\"position\":1,\"name\":\"Home\",\"item\":\"https:\/\/farmacialisboa.es\/blog\"},{\"@type\":\"ListItem\",\"position\":2,\"name\":\"7 Razones para usar protecci\u00f3n solar tambi\u00e9n en invierno\"}]},{\"@type\":\"WebSite\",\"@id\":\"https:\/\/farmacialisboa.es\/blog\/#website\",\"url\":\"https:\/\/farmacialisboa.es\/blog\/\",\"name\":\"Blog de Farmacia Lisboa -\",\"description\":\"Consejos sobre salud y bienestar, productos de farmacia online, tratamientos novedosos, cosm\u00e9tica y m\u00e1s.\",\"publisher\":{\"@id\":\"https:\/\/farmacialisboa.es\/blog\/#\/schema\/person\/f90b0034ba245d9546a4e41e87116a3f\"},\"potentialAction\":[{\"@type\":\"SearchAction\",\"target\":{\"@type\":\"EntryPoint\",\"urlTemplate\":\"https:\/\/farmacialisboa.es\/blog\/?s={search_term_string}\"},\"query-input\":{\"@type\":\"PropertyValueSpecification\",\"valueRequired\":true,\"valueName\":\"search_term_string\"}}],\"inLanguage\":\"es\"},{\"@type\":[\"Person\",\"Organization\"],\"@id\":\"https:\/\/farmacialisboa.es\/blog\/#\/schema\/person\/f90b0034ba245d9546a4e41e87116a3f\",\"name\":\"Farmac\u00e9utica Inmaculada Vicente\",\"image\":{\"@type\":\"ImageObject\",\"inLanguage\":\"es\",\"@id\":\"https:\/\/farmacialisboa.es\/blog\/#\/schema\/person\/image\/\",\"url\":\"https:\/\/secure.gravatar.com\/avatar\/e0893039af7245eb9fe370eae0410a9e?s=96&d=mm&r=g\",\"contentUrl\":\"https:\/\/secure.gravatar.com\/avatar\/e0893039af7245eb9fe370eae0410a9e?s=96&d=mm&r=g\",\"caption\":\"Farmac\u00e9utica Inmaculada Vicente\"},\"logo\":{\"@id\":\"https:\/\/farmacialisboa.es\/blog\/#\/schema\/person\/image\/\"},\"url\":\"https:\/\/farmacialisboa.es\/blog\/author\/soporte_u4027r77\"}]}<\/script>\n<!-- \/ Yoast SEO plugin. -->","yoast_head_json":{"title":"7 Razones para usar protecci\u00f3n solar tambi\u00e9n en invierno","description":"Te damos algunas razones por las que debes aplicarte crema de protecci\u00f3n solar cada ma\u00f1ana antes de salir de casa, incluso en oto\u00f1o e invierno.","robots":{"index":"index","follow":"follow","max-snippet":"max-snippet:-1","max-image-preview":"max-image-preview:large","max-video-preview":"max-video-preview:-1"},"canonical":"https:\/\/farmacialisboa.es\/blog\/7-razones-para-usar-proteccion-solar-tambien-en-invierno-764.html","og_locale":"es_ES","og_type":"article","og_title":"7 Razones para usar protecci\u00f3n solar tambi\u00e9n en invierno","og_description":"Te damos algunas razones por las que debes aplicarte crema de protecci\u00f3n solar cada ma\u00f1ana antes de salir de casa, incluso en oto\u00f1o e invierno.","og_url":"https:\/\/farmacialisboa.es\/blog\/7-razones-para-usar-proteccion-solar-tambien-en-invierno-764.html","og_site_name":"Blog de Farmacia Lisboa -","article_published_time":"2019-11-27T17:28:54+00:00","article_modified_time":"2022-07-14T16:43:40+00:00","og_image":[{"width":2240,"height":1260,"url":"https:\/\/farmacialisboa.es\/blog\/wp-content\/uploads\/2019\/11\/3.png","type":"image\/png"}],"author":"Farmac\u00e9utica Inmaculada Vicente","twitter_card":"summary_large_image","twitter_misc":{"Escrito por":"Farmac\u00e9utica Inmaculada Vicente","Tiempo de lectura":"5 minutos"},"schema":{"@context":"https:\/\/schema.org","@graph":[{"@type":"Article","@id":"https:\/\/farmacialisboa.es\/blog\/7-razones-para-usar-proteccion-solar-tambien-en-invierno-764.html#article","isPartOf":{"@id":"https:\/\/farmacialisboa.es\/blog\/7-razones-para-usar-proteccion-solar-tambien-en-invierno-764.html"},"author":{"name":"Farmac\u00e9utica Inmaculada Vicente","@id":"https:\/\/farmacialisboa.es\/blog\/#\/schema\/person\/f90b0034ba245d9546a4e41e87116a3f"},"headline":"7 Razones para usar protecci\u00f3n solar tambi\u00e9n en invierno","datePublished":"2019-11-27T17:28:54+00:00","dateModified":"2022-07-14T16:43:40+00:00","mainEntityOfPage":{"@id":"https:\/\/farmacialisboa.es\/blog\/7-razones-para-usar-proteccion-solar-tambien-en-invierno-764.html"},"wordCount":926,"publisher":{"@id":"https:\/\/farmacialisboa.es\/blog\/#\/schema\/person\/f90b0034ba245d9546a4e41e87116a3f"},"image":{"@id":"https:\/\/farmacialisboa.es\/blog\/7-razones-para-usar-proteccion-solar-tambien-en-invierno-764.html#primaryimage"},"thumbnailUrl":"https:\/\/farmacialisboa.es\/blog\/wp-content\/uploads\/2019\/11\/3.png","keywords":["Protecci\u00f3n Solar","Rayos UVA"],"articleSection":["Dermocosm\u00e9tica"],"inLanguage":"es"},{"@type":"WebPage","@id":"https:\/\/farmacialisboa.es\/blog\/7-razones-para-usar-proteccion-solar-tambien-en-invierno-764.html","url":"https:\/\/farmacialisboa.es\/blog\/7-razones-para-usar-proteccion-solar-tambien-en-invierno-764.html","name":"7 Razones para usar protecci\u00f3n solar tambi\u00e9n en invierno","isPartOf":{"@id":"https:\/\/farmacialisboa.es\/blog\/#website"},"primaryImageOfPage":{"@id":"https:\/\/farmacialisboa.es\/blog\/7-razones-para-usar-proteccion-solar-tambien-en-invierno-764.html#primaryimage"},"image":{"@id":"https:\/\/farmacialisboa.es\/blog\/7-razones-para-usar-proteccion-solar-tambien-en-invierno-764.html#primaryimage"},"thumbnailUrl":"https:\/\/farmacialisboa.es\/blog\/wp-content\/uploads\/2019\/11\/3.png","datePublished":"2019-11-27T17:28:54+00:00","dateModified":"2022-07-14T16:43:40+00:00","description":"Te damos algunas razones por las que debes aplicarte crema de protecci\u00f3n solar cada ma\u00f1ana antes de salir de casa, incluso en oto\u00f1o e invierno.","breadcrumb":{"@id":"https:\/\/farmacialisboa.es\/blog\/7-razones-para-usar-proteccion-solar-tambien-en-invierno-764.html#breadcrumb"},"inLanguage":"es","potentialAction":[{"@type":"ReadAction","target":["https:\/\/farmacialisboa.es\/blog\/7-razones-para-usar-proteccion-solar-tambien-en-invierno-764.html"]}]},{"@type":"ImageObject","inLanguage":"es","@id":"https:\/\/farmacialisboa.es\/blog\/7-razones-para-usar-proteccion-solar-tambien-en-invierno-764.html#primaryimage","url":"https:\/\/farmacialisboa.es\/blog\/wp-content\/uploads\/2019\/11\/3.png","contentUrl":"https:\/\/farmacialisboa.es\/blog\/wp-content\/uploads\/2019\/11\/3.png","width":2240,"height":1260,"caption":"7 razones para usar protecci\u00f3n solar tambi\u00e9n en invierno"},{"@type":"BreadcrumbList","@id":"https:\/\/farmacialisboa.es\/blog\/7-razones-para-usar-proteccion-solar-tambien-en-invierno-764.html#breadcrumb","itemListElement":[{"@type":"ListItem","position":1,"name":"Home","item":"https:\/\/farmacialisboa.es\/blog"},{"@type":"ListItem","position":2,"name":"7 Razones para usar protecci\u00f3n solar tambi\u00e9n en invierno"}]},{"@type":"WebSite","@id":"https:\/\/farmacialisboa.es\/blog\/#website","url":"https:\/\/farmacialisboa.es\/blog\/","name":"Blog de Farmacia Lisboa -","description":"Consejos sobre salud y bienestar, productos de farmacia online, tratamientos novedosos, cosm\u00e9tica y m\u00e1s.","publisher":{"@id":"https:\/\/farmacialisboa.es\/blog\/#\/schema\/person\/f90b0034ba245d9546a4e41e87116a3f"},"potentialAction":[{"@type":"SearchAction","target":{"@type":"EntryPoint","urlTemplate":"https:\/\/farmacialisboa.es\/blog\/?s={search_term_string}"},"query-input":{"@type":"PropertyValueSpecification","valueRequired":true,"valueName":"search_term_string"}}],"inLanguage":"es"},{"@type":["Person","Organization"],"@id":"https:\/\/farmacialisboa.es\/blog\/#\/schema\/person\/f90b0034ba245d9546a4e41e87116a3f","name":"Farmac\u00e9utica Inmaculada Vicente","image":{"@type":"ImageObject","inLanguage":"es","@id":"https:\/\/farmacialisboa.es\/blog\/#\/schema\/person\/image\/","url":"https:\/\/secure.gravatar.com\/avatar\/e0893039af7245eb9fe370eae0410a9e?s=96&d=mm&r=g","contentUrl":"https:\/\/secure.gravatar.com\/avatar\/e0893039af7245eb9fe370eae0410a9e?s=96&d=mm&r=g","caption":"Farmac\u00e9utica Inmaculada Vicente"},"logo":{"@id":"https:\/\/farmacialisboa.es\/blog\/#\/schema\/person\/image\/"},"url":"https:\/\/farmacialisboa.es\/blog\/author\/soporte_u4027r77"}]}},"_links":{"self":[{"href":"https:\/\/farmacialisboa.es\/blog\/wp-json\/wp\/v2\/posts\/764","targetHints":{"allow":["GET"]}}],"collection":[{"href":"https:\/\/farmacialisboa.es\/blog\/wp-json\/wp\/v2\/posts"}],"about":[{"href":"https:\/\/farmacialisboa.es\/blog\/wp-json\/wp\/v2\/types\/post"}],"author":[{"embeddable":true,"href":"https:\/\/farmacialisboa.es\/blog\/wp-json\/wp\/v2\/users\/1"}],"replies":[{"embeddable":true,"href":"https:\/\/farmacialisboa.es\/blog\/wp-json\/wp\/v2\/comments?post=764"}],"version-history":[{"count":7,"href":"https:\/\/farmacialisboa.es\/blog\/wp-json\/wp\/v2\/posts\/764\/revisions"}],"predecessor-version":[{"id":2718,"href":"https:\/\/farmacialisboa.es\/blog\/wp-json\/wp\/v2\/posts\/764\/revisions\/2718"}],"wp:featuredmedia":[{"embeddable":true,"href":"https:\/\/farmacialisboa.es\/blog\/wp-json\/wp\/v2\/media\/2717"}],"wp:attachment":[{"href":"https:\/\/farmacialisboa.es\/blog\/wp-json\/wp\/v2\/media?parent=764"}],"wp:term":[{"taxonomy":"category","embeddable":true,"href":"https:\/\/farmacialisboa.es\/blog\/wp-json\/wp\/v2\/categories?post=764"},{"taxonomy":"post_tag","embeddable":true,"href":"https:\/\/farmacialisboa.es\/blog\/wp-json\/wp\/v2\/tags?post=764"}],"curies":[{"name":"wp","href":"https:\/\/api.w.org\/{rel}","templated":true}]}}